{"id":63930,"date":"2025-12-02T16:55:09","date_gmt":"2025-12-02T16:55:09","guid":{"rendered":"https:\/\/www.europesays.com\/lv\/63930\/"},"modified":"2025-12-02T16:55:09","modified_gmt":"2025-12-02T16:55:09","slug":"pec-kautina-telpu-futbola-spele-ropazu-novada-pasvaldiba-pieprasijusi-vietejas-komandas-paskaidrojumu","status":"publish","type":"post","link":"https:\/\/www.europesays.com\/lv\/63930\/","title":{"rendered":"P\u0113c kauti\u0146a telpu futbola sp\u0113l\u0113 Ropa\u017eu novada pa\u0161vald\u012bba piepras\u012bjusi viet\u0113j\u0101s komandas paskaidrojumu"},"content":{"rendered":"<p>P\u0113c sv\u0113tdien notiku\u0161\u0101 kauti\u0146a R\u012bgas \u010dempion\u0101ta telpu futbol\u0101 sp\u0113l\u0113 Ropa\u017eu novada pa\u0161vald\u012bba piepras\u012bjusi viet\u0113j\u0101s komandas paskaidrojumu, a\u0123ent\u016bru LETA inform\u0113ja pa\u0161vald\u012bb\u0101.<\/p>\n<p>Pa\u0161vald\u012bba izsaka atvaino\u0161anos komandai &#8220;OB Serviss&#8221; un visai sporta sabiedr\u012bbai par incidentu, kas notika R\u012bgas telpu futbola \u010dempion\u0101ta ceturt\u0101s k\u0101rtas sp\u0113l\u0113. Sp\u0113les laik\u0101 Ropa\u017eu novada apvienot\u0101s komandas &#8220;Vanga\u017eu\/Ropa\u017eu SC&#8221; sp\u0113l\u0113t\u0101js veica sitienu pa seju pretinieku komandas sp\u0113l\u0113t\u0101jam, izraisot konfliktu starp abu komandu sportistiem.<\/p>\n<p>Pa\u0161vald\u012bba uzskata, ka \u0161\u0101da r\u012bc\u012bba ir kategoriski nepie\u0146emama un neatbilst god\u012bgas sp\u0113les principiem. Pa\u0161vald\u012bba pau\u017e nosod\u012bjumu par situ\u0101cijas eskal\u0101ciju un atg\u0101dina, ka par komandas discipl\u012bnu ir atbild\u012bgs gan treneris, gan sp\u0113l\u0113t\u0101ji.<\/p>\n<p>Futbola komandas Ropa\u017eu novad\u0101 darbojas jau 20 gadus, un l\u012bdz \u0161im \u0161\u0101di starpgad\u012bjumi nav biju\u0161i fiks\u0113ti, apgalvo dom\u0113. Pa\u0161vald\u012bba komandai nodro\u0161ina divus treni\u0146us ned\u0113\u013c\u0101 Ropa\u017eu novada pa\u0161vald\u012bbas sporta b\u0101z\u0113s, k\u0101 ar\u012b treneri un sp\u0113l\u0113t\u0101ju formas.<\/p>\n<p>Pa\u0161vald\u012bba ir piepras\u012bjusi trenerim un komandai iesniegt paskaidrojumus l\u012bdz ned\u0113\u013cas beig\u0101m. P\u0113c inform\u0101cijas apkopo\u0161anas, sazinoties ar kompetentaj\u0101m iest\u0101d\u0113m, tai skait\u0101 Latvijas Futbola feder\u0101ciju (LFF), tiks lemts par turpm\u0101ko r\u012bc\u012bbu.<\/p>\n<p>Jau zi\u0146ots, ka p\u0113c sv\u0113tdien notiku\u0161a kauti\u0146a R\u012bgas \u010dempion\u0101ta sp\u0113l\u0113 telpu futbol\u0101 ar &#8220;OB Serviss&#8221; un &#8220;Vanga\u017ei&#8221;\/&#8221;Ropa\u017eu SC&#8221; dal\u012bbu LFF v\u0113rs\u012bsies ar iesniegumu Valsts policij\u0101, pirmdien tviter\u012b pazi\u0146oja LFF prezidents Vadims \u013ba\u0161enko.<\/p>\n<p>Sp\u0113l\u0113 R\u012bgas 49. vidusskol\u0101 &#8220;OB Serviss&#8221; m\u0101j\u0101s ar 11:4 uzvar\u0113ja &#8220;Vanga\u017ei&#8221;\/&#8221;Ropa\u017eu SC&#8221; vien\u012bbu. C\u012b\u0146as s\u0101kum\u0101 viesu sp\u0113l\u0113t\u0101js Sergejs Usovs asi nosp\u0113l\u0113ja pret Vladislavu Eidmitu un iesita Eidmitam pa seju. Eidmits iesaist\u012bj\u0101s kauti\u0146\u0101, un abi sp\u0113l\u0113t\u0101ji tika noraid\u012bti no laukuma. Nek\u0101rt\u012bb\u0101s iesaist\u012bj\u0101s ar\u012b citi laukum\u0101 eso\u0161ie sp\u0113l\u0113t\u0101ji, k\u0101 ar\u012b k\u0101ds viesu komandas p\u0101rst\u0101vis, kur\u0161 dev\u0101s laukum\u0101 un nokdaun\u0101 aizs\u016bt\u012bja m\u0101jinieku Alekseju Krjukovi\u010du. Sp\u0113le tika p\u0101rtraukta uz vair\u0101k\u0101m min\u016bt\u0113m.<\/p>\n<p>&#8220;LFF kategoriski nosoda notiku\u0161o hulig\u0101nisma incidentu,&#8221; raksta \u013ba\u0161enko. &#8220;Lieta pa\u0161laik tiek izv\u0113rt\u0113ta, un tuv\u0101ko dienu laik\u0101 inform\u0113sim par pie\u0146emtajiem l\u0113mumiem.&#8221; &#8220;Paral\u0113li tiek sagatavots iesniegums Valsts policijai turpm\u0101kai izmekl\u0113\u0161anai,&#8221; raksta LFF prezidents. &#8220;\u0160\u0101diem cilv\u0113kiem nav vietas futbol\u0101,&#8221; vi\u0146\u0161 piebilst.<\/p>\n","protected":false},"excerpt":{"rendered":"P\u0113c sv\u0113tdien notiku\u0161\u0101 kauti\u0146a R\u012bgas \u010dempion\u0101ta telpu futbol\u0101 sp\u0113l\u0113 Ropa\u017eu novada pa\u0161vald\u012bba piepras\u012bjusi viet\u0113j\u0101s komandas paskaidrojumu, a\u0123ent\u016bru LETA&hellip;\n","protected":false},"author":2,"featured_media":63931,"comment_status":"","ping_status":"","sticky":false,"template":"","format":"standard","meta":{"footnotes":""},"categories":[17],"tags":[35,39,38,36,37,34,40,629,443,67],"class_list":{"0":"post-63930","1":"post","2":"type-post","3":"status-publish","4":"format-standard","5":"has-post-thumbnail","7":"category-sports","8":"tag-latvia","9":"tag-latvian","10":"tag-latviesu","11":"tag-latviesu-valoda","12":"tag-latviesuvaloda","13":"tag-latvija","14":"tag-lv","15":"tag-pierigas-zinas","16":"tag-ropazi","17":"tag-sports"},"share_on_mastodon":{"url":"https:\/\/pubeurope.com\/@lv\/115651026816474365","error":""},"_links":{"self":[{"href":"https:\/\/www.europesays.com\/lv\/wp-json\/wp\/v2\/posts\/63930","targetHints":{"allow":["GET"]}}],"collection":[{"href":"https:\/\/www.europesays.com\/lv\/wp-json\/wp\/v2\/posts"}],"about":[{"href":"https:\/\/www.europesays.com\/lv\/wp-json\/wp\/v2\/types\/post"}],"author":[{"embeddable":true,"href":"https:\/\/www.europesays.com\/lv\/wp-json\/wp\/v2\/users\/2"}],"replies":[{"embeddable":true,"href":"https:\/\/www.europesays.com\/lv\/wp-json\/wp\/v2\/comments?post=63930"}],"version-history":[{"count":0,"href":"https:\/\/www.europesays.com\/lv\/wp-json\/wp\/v2\/posts\/63930\/revisions"}],"wp:featuredmedia":[{"embeddable":true,"href":"https:\/\/www.europesays.com\/lv\/wp-json\/wp\/v2\/media\/63931"}],"wp:attachment":[{"href":"https:\/\/www.europesays.com\/lv\/wp-json\/wp\/v2\/media?parent=63930"}],"wp:term":[{"taxonomy":"category","embeddable":true,"href":"https:\/\/www.europesays.com\/lv\/wp-json\/wp\/v2\/categories?post=63930"},{"taxonomy":"post_tag","embeddable":true,"href":"https:\/\/www.europesays.com\/lv\/wp-json\/wp\/v2\/tags?post=63930"}],"curies":[{"name":"wp","href":"https:\/\/api.w.org\/{rel}","templated":true}]}}