{"id":63934,"date":"2025-12-02T17:01:21","date_gmt":"2025-12-02T17:01:21","guid":{"rendered":"https:\/\/www.europesays.com\/lv\/63934\/"},"modified":"2025-12-02T17:01:21","modified_gmt":"2025-12-02T17:01:21","slug":"cunoda-pec-sis-sezonas-pametis-red-bull-saimi-motoru-sports-sportacentrs-com","status":"publish","type":"post","link":"https:\/\/www.europesays.com\/lv\/63934\/","title":{"rendered":"Cunoda p\u0113c \u0161\u012bs sezonas pamet\u012bs &#8220;Red Bull&#8221; saimi \u2013 Motoru sports \u2013 Sportacentrs.com"},"content":{"rendered":"<p>&#8220;Red Bull&#8221; iepriek\u0161 pav\u0113st\u012bja, ka n\u0101kam\u0101s sezonas pilotu tand\u0113mu atkl\u0101s 2. decembr\u012b.<\/p>\n<p>Protams, savu vietu saglab\u0101s \u010detrk\u0101rt\u0113jais pasaules \u010dempions Makss Verstapens, bet, k\u0101 zi\u0146o Van Harens, vi\u0146a kol\u0113\u0123is n\u0101kamsezon b\u016bs pilots Izaks Had\u017e\u0101rs.<\/p>\n<p>Fran\u010du pilota vietu &#8220;Racing Bulls&#8221; komand\u0101 ie\u0146em\u0161ot Arv\u012bds Linblads, kur\u0161 gaid\u0101maj\u0101 Ab\u016b Dab\u012b &#8220;Grand Prix&#8221; pie &#8220;Red Bull&#8221; st\u016bres aizvad\u012bs vienu treni\u0146braucienu sesiju. T\u0101d\u0113j\u0101di komanda izpild\u012bs \u0161\u0101 gada treni\u0146braucienu debitantu kvotu.<\/p>\n<p>Savuk\u0101rt otrs &#8220;Racing Bulls&#8221; brauc\u0113js b\u016b\u0161ot Liams Losons, kur\u0161 \u0161o sezonu s\u0101ka &#8220;Red Bull&#8221; galvenaj\u0101 komand\u0101, bet p\u0113c div\u0101m sac\u012bkst\u0113m tika nomain\u012bts pret Cunodu.<\/p>\n<blockquote class=\"twitter-tweet\">\n<p lang=\"nl\" dir=\"ltr\">Definitief: Isack Hadjar in 2026 nieuwe teamgenoot van Max Verstappen bij Red Bull. <\/p>\n<p>Liam Lawson blijft bij Racing Bulls en krijgt Arvid Lindblad als teamgenoot. Yuki Tsunoda verliest zijn F1-stoeltje dus. Bevestiging wordt dinsdag verwacht. \u2b07\ufe0f<br \/><a href=\"https:\/\/t.co\/KCWEIF5YQl\" rel=\"nofollow\">https:\/\/t.co\/KCWEIF5YQl<\/a><\/p>\n<p>\u2014 Erik van Haren (@ErikvHaren) <a href=\"https:\/\/twitter.com\/ErikvHaren\/status\/1995395443736342860?ref_src=twsrc%5Etfw\" rel=\"nofollow noopener\" target=\"_blank\">December 1, 2025<\/a><\/p><\/blockquote>\n<p>\u0160\u0101d\u0101 scen\u0101rij\u0101 bez darba vietas paliek tie\u0161i 25 gadus vecais jap\u0101nis, kur\u0161 pirms Kataras GP sarun\u0101 ar medijiem sac\u012bja: &#8220;Zinu inform\u0101ciju, ar ko, protams, nedr\u012bkstu dal\u012bties, bet liel\u0101k\u0101 da\u013ca no jums, visticam\u0101k, zina, par ko ir runa.&#8221;<\/p>\n<p>Iepriek\u0161 publiskaj\u0101 vid\u0113 izskan\u0113ja runas par Cunodas iesp\u0113jamu p\u0101rie\u0161anu uz &#8220;Aston Martin&#8221;, \u0146emot v\u0113r\u0101, ka \u0161\u012bs komandas dzin\u0113ju pieg\u0101d\u0101t\u0101js tuv\u0101kaj\u0101s sezon\u0101s b\u016bs &#8220;Honda&#8221;. Tom\u0113r pa\u0161reiz\u0113j\u0101 inform\u0101cija liecina, ka tum\u0161i za\u013c\u0101 kr\u0101s\u0101 t\u0113rpto komandu ar\u012b n\u0101kamaj\u0101 sezon\u0101 p\u0101rst\u0101v\u0113s L\u0101nss Strols un Fernando Alonso.<\/p>\n<p>Cunoda \u0161aj\u0101 sezon\u0101 iekr\u0101jis 33 punktus, kas vi\u0146am kopv\u0113rt\u0113jum\u0101 dod vien 15. vietu.<\/p>\n<p>&#8220;Red Bull&#8221; meitas komandu, kas vi\u0146a pievieno\u0161an\u0101s br\u012bd\u012b tika d\u0113v\u0113ta par &#8220;AlphaTauri&#8221;, Cunoda p\u0101rst\u0101v\u0113ja no kop\u0161 2021. gada sezonas.<\/p>\n<p>                    <script async src=\"https:\/\/platform.twitter.com\/widgets.js\" charset=\"utf-8\"><\/script><\/p>\n","protected":false},"excerpt":{"rendered":"&#8220;Red Bull&#8221; iepriek\u0161 pav\u0113st\u012bja, ka n\u0101kam\u0101s sezonas pilotu tand\u0113mu atkl\u0101s 2. decembr\u012b. Protams, savu vietu saglab\u0101s \u010detrk\u0101rt\u0113jais pasaules&hellip;\n","protected":false},"author":2,"featured_media":63935,"comment_status":"","ping_status":"","sticky":false,"template":"","format":"standard","meta":{"footnotes":""},"categories":[17],"tags":[35,39,38,36,37,34,40,165,67],"class_list":{"0":"post-63934","1":"post","2":"type-post","3":"status-publish","4":"format-standard","5":"has-post-thumbnail","7":"category-sports","8":"tag-latvia","9":"tag-latvian","10":"tag-latviesu","11":"tag-latviesu-valoda","12":"tag-latviesuvaloda","13":"tag-latvija","14":"tag-lv","15":"tag-motoru-sports","16":"tag-sports"},"share_on_mastodon":{"url":"https:\/\/pubeurope.com\/@lv\/115651050400487568","error":""},"_links":{"self":[{"href":"https:\/\/www.europesays.com\/lv\/wp-json\/wp\/v2\/posts\/63934","targetHints":{"allow":["GET"]}}],"collection":[{"href":"https:\/\/www.europesays.com\/lv\/wp-json\/wp\/v2\/posts"}],"about":[{"href":"https:\/\/www.europesays.com\/lv\/wp-json\/wp\/v2\/types\/post"}],"author":[{"embeddable":true,"href":"https:\/\/www.europesays.com\/lv\/wp-json\/wp\/v2\/users\/2"}],"replies":[{"embeddable":true,"href":"https:\/\/www.europesays.com\/lv\/wp-json\/wp\/v2\/comments?post=63934"}],"version-history":[{"count":0,"href":"https:\/\/www.europesays.com\/lv\/wp-json\/wp\/v2\/posts\/63934\/revisions"}],"wp:featuredmedia":[{"embeddable":true,"href":"https:\/\/www.europesays.com\/lv\/wp-json\/wp\/v2\/media\/63935"}],"wp:attachment":[{"href":"https:\/\/www.europesays.com\/lv\/wp-json\/wp\/v2\/media?parent=63934"}],"wp:term":[{"taxonomy":"category","embeddable":true,"href":"https:\/\/www.europesays.com\/lv\/wp-json\/wp\/v2\/categories?post=63934"},{"taxonomy":"post_tag","embeddable":true,"href":"https:\/\/www.europesays.com\/lv\/wp-json\/wp\/v2\/tags?post=63934"}],"curies":[{"name":"wp","href":"https:\/\/api.w.org\/{rel}","templated":true}]}}