{"id":63944,"date":"2025-12-02T17:19:08","date_gmt":"2025-12-02T17:19:08","guid":{"rendered":"https:\/\/www.europesays.com\/lv\/63944\/"},"modified":"2025-12-02T17:19:08","modified_gmt":"2025-12-02T17:19:08","slug":"latvijas-futbolistes-parbaudes-maca-atzist-eiropas-cempionata-dalibnieces-polijas-parakumu","status":"publish","type":"post","link":"https:\/\/www.europesays.com\/lv\/63944\/","title":{"rendered":"Latvijas futbolistes p\u0101rbaudes ma\u010d\u0101 atz\u012bst Eiropas \u010dempion\u0101ta dal\u012bbnieces Polijas p\u0101r\u0101kumu"},"content":{"rendered":"<p>\u0160aj\u0101 nometn\u0113 Latvijas izlase bija bez vair\u0101k\u0101m pamatsast\u0101va sp\u0113l\u0113t\u0101j\u0101m, t\u0101p\u0113c galven\u0101 trenere Liene V\u0101ciete deva iesp\u0113ju sevi par\u0101d\u012bt vair\u0101k\u0101m futbolist\u0113m bez sp\u0113\u013cu pieredzes valstsvien\u012bb\u0101 \u2013 Ren\u0101tei Gaugerei, Alisei Gindrai, Johansonei-Arseno un Patr\u012bcijai Brazauskai, kura kop\u0101 ar Umu Up\u012bti komandai pievienoj\u0101s jau nometnes laik\u0101 p\u0113c Sofijas Gergele\u017eiu izkri\u0161anas no sast\u0101va. Johansone-Arseno un Gindra \u0161aj\u0101 ma\u010d\u0101 debit\u0113ja izlas\u0113.<\/p>\n<p>Polietes akt\u012bvi s\u0101ka sp\u0113li, mekl\u0113jot momentus pie Latvijas izlases v\u0101rtiem. P\u0101ris reizes gl\u0101ba Elza Ren\u0101te Strazdi\u0146a, citk\u0101rt pa\u0161aizliedz\u012bgi aizsardz\u012bb\u0101 sp\u0113l\u0113ja laukuma sp\u0113l\u0113t\u0101jas. Ma\u010da 13. min\u016bt\u0113 gan pirm\u0101 bumba non\u0101ca Latvijas v\u0101rtos. Valstsvien\u012bbas debitante Arseno blo\u0137\u0113ja Polijas sitienu, bet pie atsist\u0101s bumbas tika Patr\u012bcija Sarapata, kuras sist\u0101 bumba atrada ce\u013cu starp trim Latvijas izlases sp\u0113l\u0113t\u0101j\u0101m uz pa\u0161u v\u0101rtu st\u016bri \u2013 \u0161oreiz Strazdi\u0146a bija bezsp\u0113c\u012bga.<\/p>\n<p>Latvijas izlase s\u0101ka veidot ar\u012b savus uzbrukuma m\u0113\u0123in\u0101jumus, ta\u010du puslaika izska\u0146\u0101 tas noveda pie b\u012bstama pretuzbrukuma, p\u0113c kura polietes dubultoja savu p\u0101rsvaru.<\/p>\n<p>Otraj\u0101 puslaik\u0101 debitantei Gindrai pamatlaika p\u0113d\u0113j\u0101 min\u016bt\u0113 rad\u0101s teicama v\u0101rtu g\u016b\u0161anas iesp\u0113ja p\u0113c sekm\u012bga presinga komandas izpild\u012bjum\u0101, ta\u010du bumba tika uzsista virs\u016b v\u0101rtsardzei. Kompens\u0101cijas laik\u0101 polietes guva v\u0113l vienus v\u0101rtus \u2013 0:3.<\/p>\n<p>Polijas komanda \u0161ovasar debit\u0113ja Eiropas \u010dempion\u0101ta fin\u0101lturn\u012br\u0101, bet pavasar\u012b triumf\u0113ja sav\u0101 UEFA N\u0101ciju B l\u012bgas grup\u0101.<\/p>\n<p class=\"ad-desc ad-desc-main\">Saturs turpin\u0101s p\u0113c rekl\u0101mas<\/p>\n<p class=\"ad-desc ad-desc-sec\">Rekl\u0101ma<\/p>\n<p>Latvijas izlase n\u0101kam\u0101 gada mart\u0101 debit\u0113s B l\u012bgas konkurenc\u0113, kur aizvad\u012bs 2027. gada Pasaules kausa izc\u012b\u0146as kvalifik\u0101cijas sacens\u012bbas. Latvijas futbolistes sp\u0113l\u0113s vien\u0101 grup\u0101 ar Portug\u0101li, Somiju un Slov\u0101kiju.<\/p>\n<p>Oktobr\u012b Latvijas valstsvien\u012bba k\u013cuva par Baltijas kausa ieguv\u0113ju.<\/p>\n<p>Latvijas sievie\u0161u futbola izlases kandid\u0101\u0161u saraksts:<\/p>\n<p>v\u0101rtsardzes \u2013 Sofja \u0145esterova (Len\u010dnas \u201cGornik\u201d, Polija), Elza Ren\u0101te Strazdi\u0146a (\u201cRiga\u201d);<\/p>\n<p>aizsardzes \u2013 Ren\u0101te Gaugere, Laura Sondore (abas \u2013 \u201cRiga\u201d), Sofija Gergele\u017eiu, Anna Hroptaja (abas \u2013 RFS), Sandra Voit\u0101ne (Vestmannaeij\u0101ras IBV, Islande), Evel\u012bna Dace Johansone-Arseno (Kalifornijas Universit\u0101te, ASV);<\/p>\n<p>pussardzes \u2013 Monika Estere \u0160tube (Bredfordas \u201cCity\u201d, Anglija), Alise Gindra (Hardersf\u012bldas \u201cTown\u201d, Anglija), Am\u0113lija Lip\u0161\u0101ne (\u201cMetta\u201d), Marina Te\u013cukevi\u010da, Anna Krist\u012bne Gornela, Katr\u012bna Da\u0146ilova (visas \u2013 \u201cRiga\u201d), Anastasija Po\u013cuhovi\u010da (\u0160\u010decinas \u201cPogon\u201d, Polija), Viktorija Zai\u010dikova (Vestmannaeij\u0101ras IBV, Islande), Gabriela Annija Andersone (\u201cSassuolo\u201d, It\u0101lija);<\/p>\n<p>uzbruc\u0113jas \u2013 Santa Sanija Vu\u0161k\u0101ne (Katovices GKS, Polija), Signija \u0160enberga (\u201cMetta\u201d), Karl\u012bna Miksone (Sosnovecas \u201cCzarni\u201d, Polija).<\/p>\n<p class=\"tv3-fw-500\">Zi\u0146o par k\u013c\u016bdu rakst\u0101<\/p>\n<p class=\"d-md-block d-none\">Iez\u012bm\u0113 k\u013c\u016bdaino tekstu un spied Ctrl+Enter.<\/p>\n<p class=\"d-md-none d-block\">Iez\u012bm\u0113 k\u013c\u016bdaino tekstu un zi\u0146o par to!<\/p>\n","protected":false},"excerpt":{"rendered":"\u0160aj\u0101 nometn\u0113 Latvijas izlase bija bez vair\u0101k\u0101m pamatsast\u0101va sp\u0113l\u0113t\u0101j\u0101m, t\u0101p\u0113c galven\u0101 trenere Liene V\u0101ciete deva iesp\u0113ju sevi par\u0101d\u012bt&hellip;\n","protected":false},"author":2,"featured_media":63945,"comment_status":"","ping_status":"","sticky":false,"template":"","format":"standard","meta":{"footnotes":""},"categories":[17],"tags":[35,39,38,36,37,34,9836,40,67],"class_list":{"0":"post-63944","1":"post","2":"type-post","3":"status-publish","4":"format-standard","5":"has-post-thumbnail","7":"category-sports","8":"tag-latvia","9":"tag-latvian","10":"tag-latviesu","11":"tag-latviesu-valoda","12":"tag-latviesuvaloda","13":"tag-latvija","14":"tag-latvijas-sieviesu-futbola-izlase","15":"tag-lv","16":"tag-sports"},"share_on_mastodon":{"url":"https:\/\/pubeurope.com\/@lv\/115651121191605768","error":""},"_links":{"self":[{"href":"https:\/\/www.europesays.com\/lv\/wp-json\/wp\/v2\/posts\/63944","targetHints":{"allow":["GET"]}}],"collection":[{"href":"https:\/\/www.europesays.com\/lv\/wp-json\/wp\/v2\/posts"}],"about":[{"href":"https:\/\/www.europesays.com\/lv\/wp-json\/wp\/v2\/types\/post"}],"author":[{"embeddable":true,"href":"https:\/\/www.europesays.com\/lv\/wp-json\/wp\/v2\/users\/2"}],"replies":[{"embeddable":true,"href":"https:\/\/www.europesays.com\/lv\/wp-json\/wp\/v2\/comments?post=63944"}],"version-history":[{"count":0,"href":"https:\/\/www.europesays.com\/lv\/wp-json\/wp\/v2\/posts\/63944\/revisions"}],"wp:featuredmedia":[{"embeddable":true,"href":"https:\/\/www.europesays.com\/lv\/wp-json\/wp\/v2\/media\/63945"}],"wp:attachment":[{"href":"https:\/\/www.europesays.com\/lv\/wp-json\/wp\/v2\/media?parent=63944"}],"wp:term":[{"taxonomy":"category","embeddable":true,"href":"https:\/\/www.europesays.com\/lv\/wp-json\/wp\/v2\/categories?post=63944"},{"taxonomy":"post_tag","embeddable":true,"href":"https:\/\/www.europesays.com\/lv\/wp-json\/wp\/v2\/tags?post=63944"}],"curies":[{"name":"wp","href":"https:\/\/api.w.org\/{rel}","templated":true}]}}