{"id":63946,"date":"2025-12-02T17:23:09","date_gmt":"2025-12-02T17:23:09","guid":{"rendered":"https:\/\/www.europesays.com\/lv\/63946\/"},"modified":"2025-12-02T17:23:09","modified_gmt":"2025-12-02T17:23:09","slug":"policija-mekle-virieti-kurs-sarkandaugava-izraisija-avariju-un-aizbega-no-notikuma-vietas","status":"publish","type":"post","link":"https:\/\/www.europesays.com\/lv\/63946\/","title":{"rendered":"Policija mekl\u0113 v\u012brieti, kur\u0161 Sarkandaugav\u0101 izrais\u012bja av\u0101riju un aizb\u0113ga no notikuma vietas"},"content":{"rendered":"<p>Nakt\u012b uz otrdienu Valsts policija izsludin\u0101jusi mekl\u0113\u0161an\u0101 v\u012brieti, kur\u0161 pirmdienas vakar\u0101, iesp\u0113jams, izdar\u012bja mantisku noziegumu, bet p\u0113c tam izrais\u012bja ce\u013cu satiksmes negad\u012bjumu R\u012bg\u0101, Sarkandaugav\u0101, un no av\u0101rijas vietas aizb\u0113ga.<\/p>\n<p>Aculiecinieki v\u0113st\u012bja, ka pirmdienas vakar\u0101 k\u0101da automa\u0161\u012bna liel\u0101 \u0101trum\u0101 traukusies pa Duntes ielu. Ielas gal\u0101 \u0161oferis ac\u012bmredzami zaud\u0113jis kontroli p\u0101r auto, sp\u0113krats izbraucis cauri krustojumam, \u0161\u0137\u0113rsojis tramvaja sliedes un avar\u0113jis, apg\u0101\u017eoties uz s\u0101niem za\u013caj\u0101 zon\u0101 blakus &#8220;Circle K&#8221; degvielas uzpildes stacijai.<\/p>\n<p><\/p>\n<p>P\u0101ris stundas v\u0113l\u0101k policija izplat\u012bja pazi\u0146ojumu, ka tiek mekl\u0113ts 1995. gad\u0101 dzimu\u0161ais Deniss Miron\u010denko, kur\u0161 1. decembr\u012b plkst. 21.25 R\u012bg\u0101, Tvaika iel\u0101, ar auto izrais\u012bja ce\u013cu satiksmes negad\u012bjumu, p\u0113c k\u0101 ar k\u0101j\u0101m aizb\u0113ga no notikuma vietas.<\/p>\n<p>Policijas r\u012bc\u012bb\u0101 eso\u0161\u0101 inform\u0101cija liecina, ka negad\u012bjum\u0101 neviena cita persona nav cietusi.<\/p>\n<p>Pirms tam v\u012brietis, iesp\u0113jams, izdar\u012bjis mantiska rakstura noziedz\u012bgu nodar\u012bjumu.<\/p>\n<p>V\u012brietim galv\u0101 bija balta cepure un viena k\u0101ja nebija apauta.<\/p>\n<p>Policija aicina ikvienu, kura r\u012bc\u012bb\u0101 ir inform\u0101cija par Miron\u010denko iesp\u0113jamo atra\u0161an\u0101s vietu, zvan\u012bt pa t\u0101lruni 112.<\/p>\n<p>Likumsargi atg\u0101dina, ka neviena persona netiek uzskat\u012bta par vain\u012bgu, kam\u0113r t\u0101s vaina noziedz\u012bga nodar\u012bjuma izdar\u012b\u0161an\u0101 netiek pier\u0101d\u012bta likum\u0101 noteiktaj\u0101 k\u0101rt\u012bb\u0101.<\/p>\n<p><img decoding=\"async\" src=\"https:\/\/www.europesays.com\/lv\/wp-content\/uploads\/2025\/12\/804feb30626e0efd2aef130fb52fd2ec.png\" title=\"Foto: Valsts policija\/Sadursme\" alt=\"Foto: Valsts policija\/Sadursme\"\/><\/p>\n<p class=\"article-img-desc\">Foto: Valsts policija\/Sadursme<\/p>\n","protected":false},"excerpt":{"rendered":"Nakt\u012b uz otrdienu Valsts policija izsludin\u0101jusi mekl\u0113\u0161an\u0101 v\u012brieti, kur\u0161 pirmdienas vakar\u0101, iesp\u0113jams, izdar\u012bja mantisku noziegumu, bet p\u0113c tam&hellip;\n","protected":false},"author":2,"featured_media":63947,"comment_status":"","ping_status":"","sticky":false,"template":"","format":"standard","meta":{"footnotes":""},"categories":[12],"tags":[129,4777,1276,4277,3733,23,28,29,32,33,22,30,31,35,39,38,36,37,34,40,20,26,27,3734,4778,4278,1277,3735,4779,4279,1278,24,25,21],"class_list":{"0":"post-63946","1":"post","2":"type-post","3":"status-publish","4":"format-standard","5":"has-post-thumbnail","7":"category-latvija","8":"tag-__typenameadvicekeyword","9":"tag-id557","10":"tag-id561","11":"tag-id876","12":"tag-id881","13":"tag-aktualitates","14":"tag-breaking-news","15":"tag-breakingnews","16":"tag-featured-news","17":"tag-featurednews","18":"tag-headlines","19":"tag-latest-news","20":"tag-latestnews","21":"tag-latvia","22":"tag-latvian","23":"tag-latviesu","24":"tag-latviesu-valoda","25":"tag-latviesuvaloda","26":"tag-latvija","27":"tag-lv","28":"tag-news","29":"tag-popularakas-zinas","30":"tag-popularakaszinas","31":"tag-slug112","32":"tag-slugcelu-satiksmes-negadijums","33":"tag-slugriga","34":"tag-slugvalsts-policija","35":"tag-title112","36":"tag-titlecelu-satiksmes-negadijums","37":"tag-titleriga","38":"tag-titlevalsts-policija","39":"tag-top-stories","40":"tag-topstories","41":"tag-zinas"},"share_on_mastodon":{"url":"","error":"Validation failed: Text character limit of 500 exceeded"},"_links":{"self":[{"href":"https:\/\/www.europesays.com\/lv\/wp-json\/wp\/v2\/posts\/63946","targetHints":{"allow":["GET"]}}],"collection":[{"href":"https:\/\/www.europesays.com\/lv\/wp-json\/wp\/v2\/posts"}],"about":[{"href":"https:\/\/www.europesays.com\/lv\/wp-json\/wp\/v2\/types\/post"}],"author":[{"embeddable":true,"href":"https:\/\/www.europesays.com\/lv\/wp-json\/wp\/v2\/users\/2"}],"replies":[{"embeddable":true,"href":"https:\/\/www.europesays.com\/lv\/wp-json\/wp\/v2\/comments?post=63946"}],"version-history":[{"count":0,"href":"https:\/\/www.europesays.com\/lv\/wp-json\/wp\/v2\/posts\/63946\/revisions"}],"wp:featuredmedia":[{"embeddable":true,"href":"https:\/\/www.europesays.com\/lv\/wp-json\/wp\/v2\/media\/63947"}],"wp:attachment":[{"href":"https:\/\/www.europesays.com\/lv\/wp-json\/wp\/v2\/media?parent=63946"}],"wp:term":[{"taxonomy":"category","embeddable":true,"href":"https:\/\/www.europesays.com\/lv\/wp-json\/wp\/v2\/categories?post=63946"},{"taxonomy":"post_tag","embeddable":true,"href":"https:\/\/www.europesays.com\/lv\/wp-json\/wp\/v2\/tags?post=63946"}],"curies":[{"name":"wp","href":"https:\/\/api.w.org\/{rel}","templated":true}]}}