{"id":63959,"date":"2025-12-02T17:35:07","date_gmt":"2025-12-02T17:35:07","guid":{"rendered":"https:\/\/www.europesays.com\/lv\/63959\/"},"modified":"2025-12-02T17:35:07","modified_gmt":"2025-12-02T17:35:07","slug":"valdiba-atbalsta-ieceri-nepilngadigos-atbrivot-no-kriminalatbildibas-par-narkotisko-vielu-lietosanu","status":"publish","type":"post","link":"https:\/\/www.europesays.com\/lv\/63959\/","title":{"rendered":"Vald\u012bb\u0101 atbalsta ieceri nepilngad\u012bgos atbr\u012bvot no krimin\u0101latbild\u012bbas par narkotisko vielu lieto\u0161anu"},"content":{"rendered":"<p>K\u0101 nor\u0101da ministrij\u0101, nepilngad\u012bgas personas, kuras lieto <a href=\"https:\/\/www.apollo.lv\/term\/555889\/narkotikas\" class=\"topicLink\" target=\"_blank\" rel=\"nofollow noopener\">narkotikas<\/a>, apzinoties iesp\u0113jam\u0101s juridiskas sekas un to ietekmi uz n\u0101kotni, baid\u0101s v\u0113rsties ties\u012bbsarg\u0101jo\u0161\u0101s iest\u0101d\u0113s un mekl\u0113t medic\u012bnisko pal\u012bdz\u012bbu.<\/p>\n<p>Atsaucoties uz p\u0113t\u012bjumiem, ministrij\u0101 nor\u0101da, ka dekriminaliz\u0101cija uzlabos atkar\u012bgo personu vesel\u012bbas st\u0101vokli un mazin\u0101s n\u0101ves gad\u012bjumu skaitu no narkotisko vielu p\u0101rdoz\u0113\u0161anas.<\/p>\n<p>VM ir analiz\u0113jusi \u0101rvalstu praksi narkotisko vielu dekriminaliz\u0101cijas jom\u0101. Igaunij\u0101, Lietuv\u0101, \u010cehij\u0101, It\u0101lij\u0101, Polij\u0101, Horv\u0101tij\u0101, Portug\u0101l\u0113, Sp\u0101nij\u0101 un cit\u0101s valst\u012bs nepilngad\u012bgo narkotisko vai psihotropo vielu lieto\u0161ana ir dekriminaliz\u0113ta. \u0160aj\u0101s valst\u012bs sodu viet\u0101 tiek pied\u0101v\u0101tas \u0101rstniec\u012bbas un rehabilit\u0101cijas programmas, lai jaunie\u0161iem nodro\u0161in\u0101tu iesp\u0113ju atg\u016bties un reintegr\u0113ties sabiedr\u012bb\u0101.<\/p>\n<p>T\u0101pat VM akcent\u0113, ka dekriminaliz\u0101cija tie\u0161\u0101 veid\u0101 neietekm\u0113 narkotiku lieto\u0161anas un glab\u0101\u0161anas izplat\u012bbu un tendences, ta\u010du t\u0101 var uzlabot piek\u013cuvi vesel\u012bbas apr\u016bpei, jo cilv\u0113ki, kuri, iesp\u0113jams, agr\u0101k baid\u012bj\u0101s mekl\u0113t medic\u012bnisko pal\u012bdz\u012bbu juridisku seku d\u0113\u013c, var justies dro\u0161\u0101k, mekl\u0113jot nepiecie\u0161amo pal\u012bdz\u012bbu. Ministrijas ieskat\u0101 krimin\u0101latbild\u012bbas atcel\u0161ana padar\u012bs pieejam\u0101kus citus profilaktiskos pas\u0101kumus &#8211; pla\u0161\u0101k b\u016bs pieejami kait\u0113juma mazin\u0101\u0161anas pakalpojumi, kopien\u0101 balst\u012bti atbalsta pakalpojumi un ar\u012b \u0101rst\u0113\u0161anas pakalpojumi.<\/p>\n","protected":false},"excerpt":{"rendered":"K\u0101 nor\u0101da ministrij\u0101, nepilngad\u012bgas personas, kuras lieto narkotikas, apzinoties iesp\u0113jam\u0101s juridiskas sekas un to ietekmi uz n\u0101kotni, baid\u0101s&hellip;\n","protected":false},"author":2,"featured_media":63960,"comment_status":"","ping_status":"","sticky":false,"template":"","format":"standard","meta":{"footnotes":""},"categories":[14],"tags":[23,57,28,29,32,33,22,30,31,35,39,38,36,37,34,40,359,20,26,27,24,25,1524,1454,54,55,56,21,58],"class_list":{"0":"post-63959","1":"post","2":"type-post","3":"status-publish","4":"format-standard","5":"has-post-thumbnail","7":"category-zinas-no-arvalstim","8":"tag-aktualitates","9":"tag-arvalstim","10":"tag-breaking-news","11":"tag-breakingnews","12":"tag-featured-news","13":"tag-featurednews","14":"tag-headlines","15":"tag-latest-news","16":"tag-latestnews","17":"tag-latvia","18":"tag-latvian","19":"tag-latviesu","20":"tag-latviesu-valoda","21":"tag-latviesuvaloda","22":"tag-latvija","23":"tag-lv","24":"tag-narkotikas","25":"tag-news","26":"tag-popularakas-zinas","27":"tag-popularakaszinas","28":"tag-top-stories","29":"tag-topstories","30":"tag-valdiba","31":"tag-veselibas-ministrija","32":"tag-world","33":"tag-world-news","34":"tag-worldnews","35":"tag-zinas","36":"tag-zinas-no-arvalstim"},"share_on_mastodon":{"url":"https:\/\/pubeurope.com\/@lv\/115651184136662339","error":""},"_links":{"self":[{"href":"https:\/\/www.europesays.com\/lv\/wp-json\/wp\/v2\/posts\/63959","targetHints":{"allow":["GET"]}}],"collection":[{"href":"https:\/\/www.europesays.com\/lv\/wp-json\/wp\/v2\/posts"}],"about":[{"href":"https:\/\/www.europesays.com\/lv\/wp-json\/wp\/v2\/types\/post"}],"author":[{"embeddable":true,"href":"https:\/\/www.europesays.com\/lv\/wp-json\/wp\/v2\/users\/2"}],"replies":[{"embeddable":true,"href":"https:\/\/www.europesays.com\/lv\/wp-json\/wp\/v2\/comments?post=63959"}],"version-history":[{"count":0,"href":"https:\/\/www.europesays.com\/lv\/wp-json\/wp\/v2\/posts\/63959\/revisions"}],"wp:featuredmedia":[{"embeddable":true,"href":"https:\/\/www.europesays.com\/lv\/wp-json\/wp\/v2\/media\/63960"}],"wp:attachment":[{"href":"https:\/\/www.europesays.com\/lv\/wp-json\/wp\/v2\/media?parent=63959"}],"wp:term":[{"taxonomy":"category","embeddable":true,"href":"https:\/\/www.europesays.com\/lv\/wp-json\/wp\/v2\/categories?post=63959"},{"taxonomy":"post_tag","embeddable":true,"href":"https:\/\/www.europesays.com\/lv\/wp-json\/wp\/v2\/tags?post=63959"}],"curies":[{"name":"wp","href":"https:\/\/api.w.org\/{rel}","templated":true}]}}