{"id":63965,"date":"2025-12-02T17:41:09","date_gmt":"2025-12-02T17:41:09","guid":{"rendered":"https:\/\/www.europesays.com\/lv\/63965\/"},"modified":"2025-12-02T17:41:09","modified_gmt":"2025-12-02T17:41:09","slug":"lieta-par-krapsanu-aiztureta-bijusi-es-augsta-arlietu-parstave-mogerini-apgalvo-avots","status":"publish","type":"post","link":"https:\/\/www.europesays.com\/lv\/63965\/","title":{"rendered":"Liet\u0101 par kr\u0101p\u0161anu aiztur\u0113ta bijus\u012b ES augst\u0101 \u0101rlietu p\u0101rst\u0101ve Moger\u012bni, apgalvo avots"},"content":{"rendered":"<p>Moger\u012bni ES augst\u0101 \u0101rlietu p\u0101rst\u0101vja amatu ie\u0146\u0113ma no 2014. l\u012bdz 2019. gadam, bet tagad vada Eiropas Koled\u017eu.<\/p>\n<p>Aiztur\u0113ta Moger\u012bni un v\u0113l divi cilv\u0113ki, sac\u012bja avots.<\/p>\n<p>Eiropas Prokurat\u016bra (EPPO) pazi\u0146ojum\u0101 apliecin\u0101ja, ka Be\u013c\u0123ijas policija p\u0113c krat\u012b\u0161anas Brisel\u0113 Eiropas Savien\u012bbas (ES) diplom\u0101tisk\u0101 dienesta biroj\u0101 un Eiropas Koled\u017e\u0101 Brig\u0113 aiztur\u0113jusi tr\u012bs cilv\u0113kus.<\/p>\n<p>Krat\u012b\u0161anas veiktas &#8220;izmekl\u0113\u0161anas ietvaros, past\u0101vot aizdom\u0101m par kr\u0101p\u0161anu, kas saist\u012bta ar ES finans\u0113t\u0101m zem\u0101k\u0101 ranga diplom\u0101tu apm\u0101c\u012bb\u0101m&#8221;, teikts EPPO pazi\u0146ojum\u0101, piebilstot, ka &#8220;tika aiztur\u0113ti tr\u012bs aizdom\u0101s tur\u0113tie&#8221;.<\/p>\n<p>Krat\u012b\u0161anas, ko p\u0113c EPPO l\u016bguma veica Be\u013c\u0123ijas feder\u0101l\u0101 policija, notika vair\u0101k\u0101s Eiropas Koled\u017eas un Eiropas \u0100r\u0113j\u0101s darb\u012bbas dienesta (E\u0100DD) \u0113k\u0101s, k\u0101 ar\u012b aizdom\u0101s tur\u0113to m\u0101j\u0101s, nor\u0101d\u012bja prokurat\u016bra.<\/p>\n<p>K\u0101da ES amatpersona apstiprin\u0101ja, ka &#8220;krat\u012b\u0161anas ir notiku\u0161as&#8221;, un sac\u012bja, ka izmekl\u0113t\u0101ji &#8220;p\u0101rbauda darb\u012bbas, kas notiku\u0161as iepriek\u0161\u0113j\u0101 mand\u0101ta laik\u0101&#8221;.<\/p>\n","protected":false},"excerpt":{"rendered":"Moger\u012bni ES augst\u0101 \u0101rlietu p\u0101rst\u0101vja amatu ie\u0146\u0113ma no 2014. l\u012bdz 2019. gadam, bet tagad vada Eiropas Koled\u017eu. Aiztur\u0113ta&hellip;\n","protected":false},"author":2,"featured_media":63966,"comment_status":"","ping_status":"","sticky":false,"template":"","format":"standard","meta":{"footnotes":""},"categories":[14],"tags":[23,57,2532,28,29,514,32,33,16731,22,688,30,31,35,39,38,36,37,34,40,20,26,27,24,25,54,55,56,21,58],"class_list":{"0":"post-63965","1":"post","2":"type-post","3":"status-publish","4":"format-standard","5":"has-post-thumbnail","7":"category-zinas-no-arvalstim","8":"tag-aktualitates","9":"tag-arvalstim","10":"tag-belgija","11":"tag-breaking-news","12":"tag-breakingnews","13":"tag-eiropas-savieniba","14":"tag-featured-news","15":"tag-featurednews","16":"tag-federika-mogerini","17":"tag-headlines","18":"tag-korupcija","19":"tag-latest-news","20":"tag-latestnews","21":"tag-latvia","22":"tag-latvian","23":"tag-latviesu","24":"tag-latviesu-valoda","25":"tag-latviesuvaloda","26":"tag-latvija","27":"tag-lv","28":"tag-news","29":"tag-popularakas-zinas","30":"tag-popularakaszinas","31":"tag-top-stories","32":"tag-topstories","33":"tag-world","34":"tag-world-news","35":"tag-worldnews","36":"tag-zinas","37":"tag-zinas-no-arvalstim"},"share_on_mastodon":{"url":"https:\/\/pubeurope.com\/@lv\/115651207699174367","error":""},"_links":{"self":[{"href":"https:\/\/www.europesays.com\/lv\/wp-json\/wp\/v2\/posts\/63965","targetHints":{"allow":["GET"]}}],"collection":[{"href":"https:\/\/www.europesays.com\/lv\/wp-json\/wp\/v2\/posts"}],"about":[{"href":"https:\/\/www.europesays.com\/lv\/wp-json\/wp\/v2\/types\/post"}],"author":[{"embeddable":true,"href":"https:\/\/www.europesays.com\/lv\/wp-json\/wp\/v2\/users\/2"}],"replies":[{"embeddable":true,"href":"https:\/\/www.europesays.com\/lv\/wp-json\/wp\/v2\/comments?post=63965"}],"version-history":[{"count":0,"href":"https:\/\/www.europesays.com\/lv\/wp-json\/wp\/v2\/posts\/63965\/revisions"}],"wp:featuredmedia":[{"embeddable":true,"href":"https:\/\/www.europesays.com\/lv\/wp-json\/wp\/v2\/media\/63966"}],"wp:attachment":[{"href":"https:\/\/www.europesays.com\/lv\/wp-json\/wp\/v2\/media?parent=63965"}],"wp:term":[{"taxonomy":"category","embeddable":true,"href":"https:\/\/www.europesays.com\/lv\/wp-json\/wp\/v2\/categories?post=63965"},{"taxonomy":"post_tag","embeddable":true,"href":"https:\/\/www.europesays.com\/lv\/wp-json\/wp\/v2\/tags?post=63965"}],"curies":[{"name":"wp","href":"https:\/\/api.w.org\/{rel}","templated":true}]}}