{"id":63981,"date":"2025-12-02T18:05:11","date_gmt":"2025-12-02T18:05:11","guid":{"rendered":"https:\/\/www.europesays.com\/lv\/63981\/"},"modified":"2025-12-02T18:05:11","modified_gmt":"2025-12-02T18:05:11","slug":"belgija-pec-kratisanas-es-diplomatiskaja-dienesta-aiztureti-tris-cilveki","status":"publish","type":"post","link":"https:\/\/www.europesays.com\/lv\/63981\/","title":{"rendered":"Be\u013c\u0123ij\u0101 p\u0113c krat\u012b\u0161anas ES diplom\u0101tiskaj\u0101 dienest\u0101 aiztur\u0113ti tr\u012bs cilv\u0113ki"},"content":{"rendered":"<p>Krat\u012b\u0161anas veiktas &#8220;izmekl\u0113\u0161anas ietvaros, past\u0101vot aizdom\u0101m par kr\u0101p\u0161anu, kas saist\u012bta ar ES finans\u0113t\u0101m zem\u0101k\u0101 ranga diplom\u0101tu apm\u0101c\u012bb\u0101m&#8221;, teikts EPPO pazi\u0146ojum\u0101, piebilstot, ka &#8220;tika aiztur\u0113ti tr\u012bs aizdom\u0101s tur\u0113tie&#8221;.<\/p>\n<p>Krat\u012b\u0161anas, ko p\u0113c EPPO l\u016bguma veica Be\u013c\u0123ijas feder\u0101l\u0101 policija, notika vair\u0101k\u0101s Eiropas Koled\u017eas un Eiropas \u0100r\u0113j\u0101s darb\u012bbas dienesta (E\u0100DD) \u0113k\u0101s, k\u0101 ar\u012b aizdom\u0101s tur\u0113to m\u0101j\u0101s, nor\u0101d\u012bja prokurat\u016bra.<\/p>\n<p>K\u0101da ES amatpersona apstiprin\u0101ja, ka &#8220;krat\u012b\u0161anas ir notiku\u0161as&#8221;, un sac\u012bja, ka izmekl\u0113t\u0101ji &#8220;p\u0101rbauda darb\u012bbas, kas notiku\u0161as iepriek\u0161\u0113j\u0101 mand\u0101ta laik\u0101&#8221;.<\/p>\n<p>Patlaban\u0113j\u0101 ES augst\u0101k\u0101 \u0101rlietu p\u0101rst\u0101ve Kaja Kallasa amat\u0101 st\u0101j\u0101s pirms gada.<\/p>\n<p>Saska\u0146\u0101 ar EPPO sniegto inform\u0101ciju runa ir par devi\u0146u m\u0113ne\u0161u m\u0101c\u012bbu programmu, kas paredz\u0113ta ES dal\u012bbvalstu zem\u0101k\u0101 ranga diplom\u0101tiem un kas paz\u012bstama k\u0101 ES Diplom\u0101tisk\u0101 akad\u0113mija.<\/p>\n<p>E\u0100DD \u0161o programmu uztic\u0113ja \u012bstenot Eiropas Koled\u017eai Be\u013c\u0123ij\u0101 laikposm\u0101 no 2021. l\u012bdz 2022. gadam, un izmekl\u0113\u0161an\u0101 galven\u0101 uzman\u012bba piev\u0113rsta tam, vai konkursa process nav ticis main\u012bts par labu Eiropas Koled\u017eai.<\/p>\n<p>&#8220;Past\u0101v nopietnas aizdomas, ka ar tobr\u012bd notiku\u0161o iepirkumu saist\u012bta konfidenci\u0101la inform\u0101cija tika izpausta vienam no kandid\u0101tiem, kas piedal\u012bj\u0101s konkurs\u0101,&#8221; teikts EPPO pazi\u0146ojum\u0101.<\/p>\n<p>EPPO nor\u0101d\u012bja, ka pirms krat\u012b\u0161anas piepras\u012bjusi un pan\u0101kusi vair\u0101ku aizdom\u0101s tur\u0113to personu imunit\u0101tes atcel\u0161anu.<\/p>\n<p>Ja aps\u016bdz\u012bbas apstiprin\u0101sies, t\u0101s &#8220;var\u0113tu b\u016bt kr\u0101p\u0161ana iepirkumu jom\u0101, korupcija, intere\u0161u konflikts un dienesta nosl\u0113puma p\u0101rk\u0101pums&#8221;, nor\u0101d\u012bja prokurat\u016bra.<\/p>\n<p>&#8220;Izmekl\u0113\u0161ana turpin\u0101s, lai noskaidrotu faktus un nov\u0113rt\u0113tu, vai ir noticis noziedz\u012bgs nodar\u012bjums,&#8221; piebilda EPPO.<\/p>\n","protected":false},"excerpt":{"rendered":"Krat\u012b\u0161anas veiktas &#8220;izmekl\u0113\u0161anas ietvaros, past\u0101vot aizdom\u0101m par kr\u0101p\u0161anu, kas saist\u012bta ar ES finans\u0113t\u0101m zem\u0101k\u0101 ranga diplom\u0101tu apm\u0101c\u012bb\u0101m&#8221;, teikts&hellip;\n","protected":false},"author":2,"featured_media":63982,"comment_status":"","ping_status":"","sticky":false,"template":"","format":"standard","meta":{"footnotes":""},"categories":[14],"tags":[23,57,28,29,6775,514,32,33,22,30,31,35,39,38,36,37,34,40,20,26,27,24,25,54,55,56,21,58],"class_list":{"0":"post-63981","1":"post","2":"type-post","3":"status-publish","4":"format-standard","5":"has-post-thumbnail","7":"category-zinas-no-arvalstim","8":"tag-aktualitates","9":"tag-arvalstim","10":"tag-breaking-news","11":"tag-breakingnews","12":"tag-brisele","13":"tag-eiropas-savieniba","14":"tag-featured-news","15":"tag-featurednews","16":"tag-headlines","17":"tag-latest-news","18":"tag-latestnews","19":"tag-latvia","20":"tag-latvian","21":"tag-latviesu","22":"tag-latviesu-valoda","23":"tag-latviesuvaloda","24":"tag-latvija","25":"tag-lv","26":"tag-news","27":"tag-popularakas-zinas","28":"tag-popularakaszinas","29":"tag-top-stories","30":"tag-topstories","31":"tag-world","32":"tag-world-news","33":"tag-worldnews","34":"tag-zinas","35":"tag-zinas-no-arvalstim"},"share_on_mastodon":{"url":"https:\/\/pubeurope.com\/@lv\/115651302095117939","error":""},"_links":{"self":[{"href":"https:\/\/www.europesays.com\/lv\/wp-json\/wp\/v2\/posts\/63981","targetHints":{"allow":["GET"]}}],"collection":[{"href":"https:\/\/www.europesays.com\/lv\/wp-json\/wp\/v2\/posts"}],"about":[{"href":"https:\/\/www.europesays.com\/lv\/wp-json\/wp\/v2\/types\/post"}],"author":[{"embeddable":true,"href":"https:\/\/www.europesays.com\/lv\/wp-json\/wp\/v2\/users\/2"}],"replies":[{"embeddable":true,"href":"https:\/\/www.europesays.com\/lv\/wp-json\/wp\/v2\/comments?post=63981"}],"version-history":[{"count":0,"href":"https:\/\/www.europesays.com\/lv\/wp-json\/wp\/v2\/posts\/63981\/revisions"}],"wp:featuredmedia":[{"embeddable":true,"href":"https:\/\/www.europesays.com\/lv\/wp-json\/wp\/v2\/media\/63982"}],"wp:attachment":[{"href":"https:\/\/www.europesays.com\/lv\/wp-json\/wp\/v2\/media?parent=63981"}],"wp:term":[{"taxonomy":"category","embeddable":true,"href":"https:\/\/www.europesays.com\/lv\/wp-json\/wp\/v2\/categories?post=63981"},{"taxonomy":"post_tag","embeddable":true,"href":"https:\/\/www.europesays.com\/lv\/wp-json\/wp\/v2\/tags?post=63981"}],"curies":[{"name":"wp","href":"https:\/\/api.w.org\/{rel}","templated":true}]}}