{"id":64101,"date":"2025-12-02T20:03:10","date_gmt":"2025-12-02T20:03:10","guid":{"rendered":"https:\/\/www.europesays.com\/lv\/64101\/"},"modified":"2025-12-02T20:03:10","modified_gmt":"2025-12-02T20:03:10","slug":"tribines-liesmas-ajax-ultru-izdaribas-liek-partraukt-futbola-speli-jau-sestaja-minute","status":"publish","type":"post","link":"https:\/\/www.europesays.com\/lv\/64101\/","title":{"rendered":"Trib\u012bnes liesm\u0101s \u2013 &#8220;Ajax&#8221; ultru izdar\u012bbas liek p\u0101rtraukt futbola sp\u0113li jau sestaj\u0101 min\u016bt\u0113"},"content":{"rendered":"<p>Sv\u0113tdienas N\u012bderlandes augst\u0101k\u0101s futbola l\u012bgas sp\u0113le starp Ajax un Groningen tika p\u0101rtraukta jau sestaj\u0101 min\u016bt\u0113 p\u0113c tam, kad l\u012bdzjut\u0113ji iz\u0161\u0101va pirotehniku.<\/p>\n<p>N\u012bderlandes augst\u0101k\u0101s l\u012bgas ma\u010ds Amsterdam\u0101 s\u0101k\u0101s pulksten 20:00 p\u0113c viet\u0113j\u0101 laika, ta\u010du tika uz laiku aptur\u0113ts p\u0113c tikai piec\u0101m min\u016bt\u0113m, kad v\u0101rtu aizmugur\u0113 eso\u0161o dienvidu trib\u012bni, kur atrodas Ajax ultra-fani, apgaismoja iev\u0113rojama pirotehnikas izr\u0101de. <\/p>\n<p>Sp\u0113l\u0113t\u0101ji tika novesti no laukuma, pirms tika pie\u0146emts l\u0113mums sp\u0113li atcelt pavisam.<\/p>\n<p><\/p>\n<p>Ajax raksturoja incidentu k\u0101 &#8220;klaji apkaunojo\u0161u&#8221; un &#8220;nepie\u0146emamu&#8221;, solot identific\u0113t un sod\u012bt vain\u012bgos.<\/p>\n<p>Ajax ultra-fanu grupa F-side sav\u0101 Instagram st\u0101st\u0101 ievietoja video ar notiku\u0161o, pievienojot parakstu: &#8220;RIP Tum 5th&#8221;, kas, \u0161\u0137iet, ir velt\u012bjums un cie\u0146as apliecin\u0101jums Ajax atbalst\u012bt\u0101jam, kur\u0161 nomira novembr\u012b.<\/p>\n<p>Ajax apgalvoja, ka l\u012bdzjut\u0113ji \u0161aj\u0101 sekcij\u0101, kas atbild\u012bga par pirotehnikas iedarbin\u0101\u0161anu, pirms sp\u0113les s\u0101kuma tika p\u0101rmekl\u0113ti un tika izmantoti su\u0146i, lai noteiktu ugu\u0146o\u0161anas l\u012bdzek\u013cus. &#8220;Neskatoties uz to, m\u0113s nesp\u0113j\u0101m nov\u0113rst \u0161o situ\u0101ciju,&#8221; teikts kluba pazi\u0146ojum\u0101.<\/p>\n<p>Atlikus\u012b sp\u0113les da\u013ca tika izsp\u0113l\u0113ta \u0161odien bez l\u012bdzjut\u0113jiem.<\/p>\n<p><img decoding=\"async\" src=\"https:\/\/www.europesays.com\/lv\/wp-content\/uploads\/2025\/12\/1b56ac5c7adecf26a9384e53448f9003.jpg\" title=\"Futbola trib\u012bnes. Foto: scanpix\/EPA\/OLAF KRAAK\" alt=\"Futbola trib\u012bnes. Foto: scanpix\/EPA\/OLAF KRAAK\"\/><\/p>\n<p class=\"article-img-desc\">Futbola trib\u012bnes. Foto: scanpix\/EPA\/OLAF KRAAK<\/p>\n","protected":false},"excerpt":{"rendered":"Sv\u0113tdienas N\u012bderlandes augst\u0101k\u0101s futbola l\u012bgas sp\u0113le starp Ajax un Groningen tika p\u0101rtraukta jau sestaj\u0101 min\u016bt\u0113 p\u0113c tam, kad&hellip;\n","protected":false},"author":2,"featured_media":64102,"comment_status":"","ping_status":"","sticky":false,"template":"","format":"standard","meta":{"footnotes":""},"categories":[17],"tags":[129,2064,16759,35,39,38,36,37,34,40,2065,16760,67,2066,16761],"class_list":{"0":"post-64101","1":"post","2":"type-post","3":"status-publish","4":"format-standard","5":"has-post-thumbnail","7":"category-sports","8":"tag-__typenameadvicekeyword","9":"tag-id381","10":"tag-id940","11":"tag-latvia","12":"tag-latvian","13":"tag-latviesu","14":"tag-latviesu-valoda","15":"tag-latviesuvaloda","16":"tag-latvija","17":"tag-lv","18":"tag-slugfootball","19":"tag-slugniderlande","20":"tag-sports","21":"tag-titlefootball","22":"tag-titleniderlande"},"share_on_mastodon":{"url":"https:\/\/pubeurope.com\/@lv\/115651766365038201","error":""},"_links":{"self":[{"href":"https:\/\/www.europesays.com\/lv\/wp-json\/wp\/v2\/posts\/64101","targetHints":{"allow":["GET"]}}],"collection":[{"href":"https:\/\/www.europesays.com\/lv\/wp-json\/wp\/v2\/posts"}],"about":[{"href":"https:\/\/www.europesays.com\/lv\/wp-json\/wp\/v2\/types\/post"}],"author":[{"embeddable":true,"href":"https:\/\/www.europesays.com\/lv\/wp-json\/wp\/v2\/users\/2"}],"replies":[{"embeddable":true,"href":"https:\/\/www.europesays.com\/lv\/wp-json\/wp\/v2\/comments?post=64101"}],"version-history":[{"count":0,"href":"https:\/\/www.europesays.com\/lv\/wp-json\/wp\/v2\/posts\/64101\/revisions"}],"wp:featuredmedia":[{"embeddable":true,"href":"https:\/\/www.europesays.com\/lv\/wp-json\/wp\/v2\/media\/64102"}],"wp:attachment":[{"href":"https:\/\/www.europesays.com\/lv\/wp-json\/wp\/v2\/media?parent=64101"}],"wp:term":[{"taxonomy":"category","embeddable":true,"href":"https:\/\/www.europesays.com\/lv\/wp-json\/wp\/v2\/categories?post=64101"},{"taxonomy":"post_tag","embeddable":true,"href":"https:\/\/www.europesays.com\/lv\/wp-json\/wp\/v2\/tags?post=64101"}],"curies":[{"name":"wp","href":"https:\/\/api.w.org\/{rel}","templated":true}]}}