{"id":64140,"date":"2025-12-02T20:34:11","date_gmt":"2025-12-02T20:34:11","guid":{"rendered":"https:\/\/www.europesays.com\/lv\/64140\/"},"modified":"2025-12-02T20:34:11","modified_gmt":"2025-12-02T20:34:11","slug":"saldumu-un-dzerienu-giganti-asv-iesudzeti-tiesa-par-atkaribu-izraisisanu-pateretajiem","status":"publish","type":"post","link":"https:\/\/www.europesays.com\/lv\/64140\/","title":{"rendered":"Saldumu un dz\u0113rienu giganti ASV ies\u016bdz\u0113ti ties\u0101 par atkar\u012bbu izrais\u012b\u0161anu pat\u0113r\u0113t\u0101jiem"},"content":{"rendered":"<p>Sanfrancisko pils\u0113ta ies\u016bdz\u0113jusi ties\u0101 vair\u0101kus saldo dz\u0113rienu un uzkodu gigantus, aps\u016bdzot tos par apzin\u0101tu Kalifornijas iedz\u012bvot\u0101ju pieradin\u0101\u0161anu atkar\u012bbu izraiso\u0161iem un kait\u012bgiem produktiem, raksta &#8220;Reuters&#8221;.<\/p>\n<p>Pils\u0113tas advok\u0101ts Deivids \u010ciu iesniedza pras\u012bbu Sanfrancisko Augst\u0101kaj\u0101 ties\u0101, apgalvojot, ka uz\u0146\u0113mumi izmanto taktiku, kas l\u012bdz\u012bga tai, ko izmanto tabakas ra\u017eot\u0101ji, lai izstr\u0101d\u0101tu un tirgotu produktus, kas paredz\u0113ti atkar\u012bbu izrais\u012b\u0161anai pat\u0113r\u0113t\u0101jiem. <\/p>\n<p>Pras\u012bba iesniegta pret uz\u0146\u0113mumiem &#8220;Kraft Heinz Company&#8221;, &#8220;Mondelez International&#8221;, &#8220;Post Holdings&#8221;, &#8220;The Coca-Cola Company&#8221;, &#8220;<a rel=\"noopener nofollow\" target=\"_blank\" href=\"https:\/\/www.delfi.lv\/temas\/56423699\/pepsico-1\" tag-id=\"56423699\">PepsiCo<\/a>&#8220;, &#8220;General Mills&#8221;, &#8220;<a rel=\"noopener nofollow\" target=\"_blank\" href=\"https:\/\/www.delfi.lv\/temas\/53834629\/nestle\" tag-id=\"53834629\">Nestle<\/a>&#8220;, &#8220;Kellogg&#8221;, &#8220;Mars Incorporated&#8221; un &#8220;ConAgra Brands&#8221;.<\/p>\n<p class=\"m-0\">Seko &#8220;Delfi&#8221; ar\u012b  <a target=\"_blank\" href=\"https:\/\/www.instagram.com\/delfi.lv\/\" rel=\"nofollow noopener\">Instagram<\/a>  un <a target=\"_blank\" href=\"https:\/\/www.youtube.com\/channel\/UCw5foWtcJvAbUm64rv7jwUQ\" rel=\"nofollow noopener\">YouTube<\/a>  profil\u0101 \u2013 pievienojies, lai uzzin\u0101tu svar\u012bg\u0101ko un interesant\u0101ko pirmais!<\/p>\n<p>Publik\u0101cijas saturs vai t\u0101s jebk\u0101da apjoma da\u013ca ir aizsarg\u0101ts autorties\u012bbu objekts Autorties\u012bbu likuma izpratn\u0113, un t\u0101 izmanto\u0161ana bez izdev\u0113ja at\u013caujas ir aizliegta. Vair\u0101k lasi  <a target=\"_blank\" href=\"https:\/\/www.delfi.lv\/noteikumi#autortiesibas\" rel=\"nofollow noopener\">\u0161eit<\/a><script async src=\"\/\/www.instagram.com\/embed.js\"><\/script><\/p>\n","protected":false},"excerpt":{"rendered":"Sanfrancisko pils\u0113ta ies\u016bdz\u0113jusi ties\u0101 vair\u0101kus saldo dz\u0113rienu un uzkodu gigantus, aps\u016bdzot tos par apzin\u0101tu Kalifornijas iedz\u012bvot\u0101ju pieradin\u0101\u0161anu atkar\u012bbu&hellip;\n","protected":false},"author":2,"featured_media":64141,"comment_status":"","ping_status":"","sticky":false,"template":"","format":"standard","meta":{"footnotes":""},"categories":[16],"tags":[77,76,35,39,38,36,37,34,40,16767,16768,16766],"class_list":{"0":"post-64140","1":"post","2":"type-post","3":"status-publish","4":"format-standard","5":"has-post-thumbnail","7":"category-bizness","8":"tag-bizness","9":"tag-business","10":"tag-latvia","11":"tag-latvian","12":"tag-latviesu","13":"tag-latviesu-valoda","14":"tag-latviesuvaloda","15":"tag-latvija","16":"tag-lv","17":"tag-nestle","18":"tag-pepsico","19":"tag-sanfrancisko"},"share_on_mastodon":{"url":"https:\/\/pubeurope.com\/@lv\/115651888030691192","error":""},"_links":{"self":[{"href":"https:\/\/www.europesays.com\/lv\/wp-json\/wp\/v2\/posts\/64140","targetHints":{"allow":["GET"]}}],"collection":[{"href":"https:\/\/www.europesays.com\/lv\/wp-json\/wp\/v2\/posts"}],"about":[{"href":"https:\/\/www.europesays.com\/lv\/wp-json\/wp\/v2\/types\/post"}],"author":[{"embeddable":true,"href":"https:\/\/www.europesays.com\/lv\/wp-json\/wp\/v2\/users\/2"}],"replies":[{"embeddable":true,"href":"https:\/\/www.europesays.com\/lv\/wp-json\/wp\/v2\/comments?post=64140"}],"version-history":[{"count":0,"href":"https:\/\/www.europesays.com\/lv\/wp-json\/wp\/v2\/posts\/64140\/revisions"}],"wp:featuredmedia":[{"embeddable":true,"href":"https:\/\/www.europesays.com\/lv\/wp-json\/wp\/v2\/media\/64141"}],"wp:attachment":[{"href":"https:\/\/www.europesays.com\/lv\/wp-json\/wp\/v2\/media?parent=64140"}],"wp:term":[{"taxonomy":"category","embeddable":true,"href":"https:\/\/www.europesays.com\/lv\/wp-json\/wp\/v2\/categories?post=64140"},{"taxonomy":"post_tag","embeddable":true,"href":"https:\/\/www.europesays.com\/lv\/wp-json\/wp\/v2\/tags?post=64140"}],"curies":[{"name":"wp","href":"https:\/\/api.w.org\/{rel}","templated":true}]}}