{"id":6415,"date":"2025-09-27T16:06:25","date_gmt":"2025-09-27T16:06:25","guid":{"rendered":"https:\/\/www.europesays.com\/lv\/6415\/"},"modified":"2025-09-27T16:06:25","modified_gmt":"2025-09-27T16:06:25","slug":"vai-valdiba-drikst-nepildit-solijumus-bet-uznemejiem-jasastopas-ar-sodu-lente-lv","status":"publish","type":"post","link":"https:\/\/www.europesays.com\/lv\/6415\/","title":{"rendered":"vai vald\u012bba dr\u012bkst nepild\u012bt sol\u012bjumus, bet uz\u0146\u0113m\u0113jiem j\u0101sastopas ar sodu?\u00a0\u2014\u00a0Lente.lv"},"content":{"rendered":"<p>Vald\u012bbas sol\u012bjumi un realit\u0101te: vai aizsardz\u012bbas sp\u0113ju stiprin\u0101\u0161ana attaisno atk\u0101p\u0161anos no principiem?<\/p>\n<p>Ministru prezidente Evika Sili\u0146a (JV) ir n\u0101kusi klaj\u0101 ar pazi\u0146ojumu, kas licis daudziem aizdom\u0101ties par vald\u012bbas r\u012bc\u012bbas notur\u012bbu un priorit\u0101\u0161u konsekvenci. Pazi\u0146ojums v\u0113sta, ka, aizst\u0101voties par aizsardz\u012bbas sp\u0113ju stiprin\u0101\u0161anu, vald\u012bba ir gatava atk\u0101pties no principiem, kas ierakst\u012bti Ministru kabineta deklar\u0101cij\u0101. \u0160\u0101ds solis, lai gan var\u0113tu \u0161\u0137ist pragmatisks un valsts dro\u0161\u012bbas interes\u0113s, raisa virkni b\u016btisku jaut\u0101jumu par uztic\u0113\u0161anos, stabilit\u0101ti un n\u0101kotnes ap\u0146em\u0161anos iev\u0113ro\u0161anu.<\/p>\n<p>Gork\u0161a kritika un l\u012bguma nepild\u012b\u0161anas sekas<\/p>\n<p>Jaut\u0101jums par l\u012bgumu saist\u012bb\u0101m un to nepild\u012b\u0161anu ir k\u013cuvis \u012bpa\u0161i aktu\u0101ls, atsaucoties uz uz\u0146\u0113m\u0113ju J\u0101\u0146a Gork\u0161a izteikumiem. Vi\u0146\u0161 uzsv\u0113ris, ka jebkur\u0161 l\u012bgumsl\u0113dz\u0113js, kas nepilda savas saist\u012bbas, saskartos ar sodu. \u0160is princips ir fundament\u0101ls gan biznesa vid\u0113, gan ikdienas dz\u012bv\u0113, nodro\u0161inot prognoz\u0113jam\u012bbu un atbild\u012bbu. Tom\u0113r, izskat\u0101s, ka vald\u012bba ir gatava ignor\u0113t \u0161o principu, it \u012bpa\u0161i attiec\u012bb\u0101 uz sav\u0101m pa\u0161u deklar\u0101cij\u0101s ietvertaj\u0101m ap\u0146em\u0161an\u0101m. \u0160\u0101da dubult\u0101 standartu piem\u0113ro\u0161ana var rad\u012bt iespaidu, ka politisk\u0101s elites r\u012bc\u012bba at\u0161\u0137iras no parasto pilso\u0146u un uz\u0146\u0113m\u0113ju sagaid\u0101m\u0101s atbild\u012bbas.<\/p>\n<p>Uztic\u0113\u0161an\u0101s kr\u012bze un t\u0101s sekas<\/p>\n<p>Ministru kabineta deklar\u0101cija ir ne tikai politisks dokuments, bet ar\u012b sol\u012bjums sabiedr\u012bbai. Kad vald\u012bba izsaka gatav\u012bbu atk\u0101pties no saviem deklar\u0113tajiem m\u0113r\u0137iem, pat ja tas tiek dar\u012bts ar cildenu m\u0113r\u0137i stiprin\u0101t valsts aizsardz\u012bbu, tas neizb\u0113gami rada jaut\u0101jumus par uztic\u0113\u0161anos. Vai \u0161is ir pirmais solis uz citu ap\u0146em\u0161anos ignor\u0113\u0161anu? K\u0101di sign\u0101li tiek s\u016bt\u012bti gan iek\u0161\u0113jiem, gan \u0101r\u0113jiem partneriem? Uztic\u0113\u0161an\u0101s ir trausla un gr\u016bti atg\u016bstama, un \u0161\u0101das r\u012bc\u012bbas var iedrag\u0101t ne tikai vald\u012bbas presti\u017eu, bet ar\u012b visas valsts stabilit\u0101ti.<\/p>\n<p>Priorit\u0101\u0161u p\u0101rskat\u012b\u0161ana un finansi\u0101l\u0101 stabilit\u0101te<\/p>\n<p>Aizsardz\u012bbas sp\u0113ju stiprin\u0101\u0161ana ir neap\u0161aub\u0101mi svar\u012bgs m\u0113r\u0137is, \u012bpa\u0161i pa\u0161reiz\u0113j\u0101 \u0123eopolitiskaj\u0101 situ!; it. Tom\u0113r, veicot \u0161\u0101das priorit\u0101\u0161u p\u0101rskat\u012b\u0161anas un iesp\u0113jami pie\u0146emot jaunus finan\u0161u l\u012bdzek\u013cu novirz\u012b\u0161anas l\u0113mumus, ir svar\u012bgi r\u016bp\u012bgi izv\u0113rt\u0113t sekas. K\u0101ds b\u016bs potenci\u0101lais iespaids uz valsts par\u0101du? Vai bud\u017eeta defic\u012bts pieaugs, un k\u0101 tas ietekm\u0113s citus svar\u012bgus soci\u0101los un ekonomiskos projektus? Vai ir izstr\u0101d\u0101ts detaliz\u0113ts pl\u0101ns, k\u0101 kompens\u0113t iesp\u0113jamos zaud\u0113jumus vai izvair\u012bties no negat\u012bv\u0101m sek\u0101m cit\u0101s jom\u0101s?<\/p>\n<p>N\u0101kotnes perspekt\u012bvas un atbild\u012bbas princips<\/p>\n<p>Situ\u0101cija liek dom\u0101t par pla\u0161\u0101ku atbild\u012bbas principu. Ja vald\u012bba var main\u012bt savus principus, pamatojoties uz \u0101r\u0113jiem apst\u0101k\u013ciem, vai tas noz\u012bm\u0113, ka ar\u012b citi sabiedr\u012bbas locek\u013ci var sagaid\u012bt elast\u012bbu savu saist\u012bbu izpild\u0113? Tas var rad\u012bt b\u012bstamu precedentu. Ir nepiecie\u0161ams skaidrs un konsekvents pieeja, kas balst\u012bta uz likum\u012bbu, atbild\u012bbu un ilgtermi\u0146a pl\u0101no\u0161anu. Lai gan aizsardz\u012bbas sp\u0113ju stiprin\u0101\u0161ana ir priorit\u0101te, tai nevajadz\u0113tu b\u016bt par ieganstu aizmirst par cit\u0101m svar\u012bg\u0101m saist\u012bb\u0101m un principiem, kas veido stabilas un uzticamas valsts pamatu.<\/p>\n","protected":false},"excerpt":{"rendered":"Vald\u012bbas sol\u012bjumi un realit\u0101te: vai aizsardz\u012bbas sp\u0113ju stiprin\u0101\u0161ana attaisno atk\u0101p\u0161anos no principiem? Ministru prezidente Evika Sili\u0146a (JV) ir&hellip;\n","protected":false},"author":2,"featured_media":6416,"comment_status":"","ping_status":"","sticky":false,"template":"","format":"standard","meta":{"footnotes":""},"categories":[5],"tags":[2823,23,2825,28,29,32,33,22,2824,30,31,35,39,38,36,37,34,40,20,26,27,24,25,2822,2826,21],"class_list":{"0":"post-6415","1":"post","2":"type-post","3":"status-publish","4":"format-standard","5":"has-post-thumbnail","7":"category-aktualitates","8":"tag-aizsardzibas-spejas","9":"tag-aktualitates","10":"tag-atbildiba","11":"tag-breaking-news","12":"tag-breakingnews","13":"tag-featured-news","14":"tag-featurednews","15":"tag-headlines","16":"tag-janis-gorkss","17":"tag-latest-news","18":"tag-latestnews","19":"tag-latvia","20":"tag-latvian","21":"tag-latviesu","22":"tag-latviesu-valoda","23":"tag-latviesuvaloda","24":"tag-latvija","25":"tag-lv","26":"tag-news","27":"tag-popularakas-zinas","28":"tag-popularakaszinas","29":"tag-top-stories","30":"tag-topstories","31":"tag-valdibas-deklaracija","32":"tag-valsts-parads","33":"tag-zinas"},"share_on_mastodon":{"url":"","error":""},"_links":{"self":[{"href":"https:\/\/www.europesays.com\/lv\/wp-json\/wp\/v2\/posts\/6415","targetHints":{"allow":["GET"]}}],"collection":[{"href":"https:\/\/www.europesays.com\/lv\/wp-json\/wp\/v2\/posts"}],"about":[{"href":"https:\/\/www.europesays.com\/lv\/wp-json\/wp\/v2\/types\/post"}],"author":[{"embeddable":true,"href":"https:\/\/www.europesays.com\/lv\/wp-json\/wp\/v2\/users\/2"}],"replies":[{"embeddable":true,"href":"https:\/\/www.europesays.com\/lv\/wp-json\/wp\/v2\/comments?post=6415"}],"version-history":[{"count":0,"href":"https:\/\/www.europesays.com\/lv\/wp-json\/wp\/v2\/posts\/6415\/revisions"}],"wp:featuredmedia":[{"embeddable":true,"href":"https:\/\/www.europesays.com\/lv\/wp-json\/wp\/v2\/media\/6416"}],"wp:attachment":[{"href":"https:\/\/www.europesays.com\/lv\/wp-json\/wp\/v2\/media?parent=6415"}],"wp:term":[{"taxonomy":"category","embeddable":true,"href":"https:\/\/www.europesays.com\/lv\/wp-json\/wp\/v2\/categories?post=6415"},{"taxonomy":"post_tag","embeddable":true,"href":"https:\/\/www.europesays.com\/lv\/wp-json\/wp\/v2\/tags?post=6415"}],"curies":[{"name":"wp","href":"https:\/\/api.w.org\/{rel}","templated":true}]}}