{"id":64212,"date":"2025-12-02T23:50:10","date_gmt":"2025-12-02T23:50:10","guid":{"rendered":"https:\/\/www.europesays.com\/lv\/64212\/"},"modified":"2025-12-02T23:50:10","modified_gmt":"2025-12-02T23:50:10","slug":"ropazu-novada-pasvaldiba-atvainojas-par-novada-futbolistu-kurs-iesita-pretiniekam-pa-seju","status":"publish","type":"post","link":"https:\/\/www.europesays.com\/lv\/64212\/","title":{"rendered":"Ropa\u017eu novada pa\u0161vald\u012bba atvainojas par novada futbolistu, kur\u0161 iesita pretiniekam pa seju"},"content":{"rendered":"<p>Ropa\u017eu novada pa\u0161vald\u012bba izsaka atvaino\u0161anos komandai \u201cFC OB Serviss\u201d un visai sporta sabiedr\u012bbai par incidentu, kas notika 30. novembr\u012b R\u012bgas telpu futbola \u010dempion\u0101ta 4. k\u0101rtas sp\u0113l\u0113. <\/p>\n<p>Sp\u0113les laik\u0101 Ropa\u017eu novada apvienot\u0101s komandas \u201cVanga\u017eu SC\/Ropa\u017eu SC\u201d sp\u0113l\u0113t\u0101js veica sitienu pa seju pretinieku komandas sp\u0113l\u0113t\u0101jam, izraisot konfliktu starp abu komandu sportistiem.<\/p>\n<p>Pa\u0161vald\u012bba uzskata, ka \u0161\u0101da r\u012bc\u012bba ir kategoriski nepie\u0146emama un neatbilst god\u012bgas sp\u0113les principiem. <\/p>\n<p><\/p>\n<p>Pa\u0161vald\u012bba pau\u017e nosod\u012bjumu par situ\u0101cijas eskal\u0101ciju un atg\u0101dina, ka par komandas discipl\u012bnu ir atbild\u012bgs gan treneris, gan sp\u0113l\u0113t\u0101ji.<\/p>\n<p>Min\u0113t\u0101s futbola komandas Ropa\u017eu novad\u0101 darbojas jau 20 gadus un l\u012bdz \u0161im \u0161\u0101di starpgad\u012bjumi nav biju\u0161i fiks\u0113ti. <\/p>\n<p>Pa\u0161vald\u012bba ir piepras\u012bjusi trenerim un komandai iesniegt paskaidrojumus l\u012bdz ned\u0113\u013cas beig\u0101m. P\u0113c inform\u0101cijas apkopo\u0161anas, sazinoties ar kompetentaj\u0101m iest\u0101d\u0113m, t.sk. Latvijas Futbola feder\u0101ciju, tiks lemts par turpm\u0101ko r\u012bc\u012bbu. <\/p>\n","protected":false},"excerpt":{"rendered":"Ropa\u017eu novada pa\u0161vald\u012bba izsaka atvaino\u0161anos komandai \u201cFC OB Serviss\u201d un visai sporta sabiedr\u012bbai par incidentu, kas notika 30.&hellip;\n","protected":false},"author":2,"featured_media":64213,"comment_status":"","ping_status":"","sticky":false,"template":"","format":"standard","meta":{"footnotes":""},"categories":[17],"tags":[129,2064,35,39,38,36,37,34,40,2065,67,2066],"class_list":{"0":"post-64212","1":"post","2":"type-post","3":"status-publish","4":"format-standard","5":"has-post-thumbnail","7":"category-sports","8":"tag-__typenameadvicekeyword","9":"tag-id381","10":"tag-latvia","11":"tag-latvian","12":"tag-latviesu","13":"tag-latviesu-valoda","14":"tag-latviesuvaloda","15":"tag-latvija","16":"tag-lv","17":"tag-slugfootball","18":"tag-sports","19":"tag-titlefootball"},"share_on_mastodon":{"url":"https:\/\/pubeurope.com\/@lv\/115652658697404957","error":""},"_links":{"self":[{"href":"https:\/\/www.europesays.com\/lv\/wp-json\/wp\/v2\/posts\/64212","targetHints":{"allow":["GET"]}}],"collection":[{"href":"https:\/\/www.europesays.com\/lv\/wp-json\/wp\/v2\/posts"}],"about":[{"href":"https:\/\/www.europesays.com\/lv\/wp-json\/wp\/v2\/types\/post"}],"author":[{"embeddable":true,"href":"https:\/\/www.europesays.com\/lv\/wp-json\/wp\/v2\/users\/2"}],"replies":[{"embeddable":true,"href":"https:\/\/www.europesays.com\/lv\/wp-json\/wp\/v2\/comments?post=64212"}],"version-history":[{"count":0,"href":"https:\/\/www.europesays.com\/lv\/wp-json\/wp\/v2\/posts\/64212\/revisions"}],"wp:featuredmedia":[{"embeddable":true,"href":"https:\/\/www.europesays.com\/lv\/wp-json\/wp\/v2\/media\/64213"}],"wp:attachment":[{"href":"https:\/\/www.europesays.com\/lv\/wp-json\/wp\/v2\/media?parent=64212"}],"wp:term":[{"taxonomy":"category","embeddable":true,"href":"https:\/\/www.europesays.com\/lv\/wp-json\/wp\/v2\/categories?post=64212"},{"taxonomy":"post_tag","embeddable":true,"href":"https:\/\/www.europesays.com\/lv\/wp-json\/wp\/v2\/tags?post=64212"}],"curies":[{"name":"wp","href":"https:\/\/api.w.org\/{rel}","templated":true}]}}