{"id":64214,"date":"2025-12-03T00:30:16","date_gmt":"2025-12-03T00:30:16","guid":{"rendered":"https:\/\/www.europesays.com\/lv\/64214\/"},"modified":"2025-12-03T00:30:16","modified_gmt":"2025-12-03T00:30:16","slug":"par-smaga-nozieguma-izdarisanu-policija-mekle-1976-gada-dzimuso-vladimiru-stovbunenko","status":"publish","type":"post","link":"https:\/\/www.europesays.com\/lv\/64214\/","title":{"rendered":"Par smaga nozieguma izdar\u012b\u0161anu policija mekl\u0113 1976. gad\u0101 dzimu\u0161o Vladimiru Stovbu\u0146enko"},"content":{"rendered":"<p>Ja J\u016bsu r\u012bc\u012bb\u0101 ir jebk\u0101da inform\u0101cija, kas var\u0113tu sekm\u0113t vi\u0146a atra\u0161an\u0101s vietas noskaidro\u0161anu, aicin\u0101m inform\u0113t Valsts policiju, zvanot 112, 67075324 vai v\u0113r\u0161oties tuv\u0101kaj\u0101 policijas iecirkn\u012b.<\/p>\n<p>Aicin\u0101m iedz\u012bvot\u0101jus pa\u0161iem nem\u0113\u0123in\u0101t aiztur\u0113t att\u0113l\u0101 redzamo v\u012brieti.<\/p>\n<p>Valsts policija atg\u0101dina, ka neviena persona netiek uzskat\u012bta par vain\u012bgu, kam\u0113r t\u0101s vaina likum\u0101 noteiktaj\u0101 k\u0101rt\u012bb\u0101 netiek pier\u0101d\u012bta.<\/p>\n","protected":false},"excerpt":{"rendered":"Ja J\u016bsu r\u012bc\u012bb\u0101 ir jebk\u0101da inform\u0101cija, kas var\u0113tu sekm\u0113t vi\u0146a atra\u0161an\u0101s vietas noskaidro\u0161anu, aicin\u0101m inform\u0113t Valsts policiju, zvanot&hellip;\n","protected":false},"author":2,"featured_media":64215,"comment_status":"","ping_status":"","sticky":false,"template":"","format":"standard","meta":{"footnotes":""},"categories":[5],"tags":[23,5216,5218,28,29,32,33,22,30,31,35,39,38,36,37,34,40,20,26,27,24,25,21],"class_list":{"0":"post-64214","1":"post","2":"type-post","3":"status-publish","4":"format-standard","5":"has-post-thumbnail","7":"category-aktualitates","8":"tag-aktualitates","9":"tag-bezvests","10":"tag-bezvests-pazudusais","11":"tag-breaking-news","12":"tag-breakingnews","13":"tag-featured-news","14":"tag-featurednews","15":"tag-headlines","16":"tag-latest-news","17":"tag-latestnews","18":"tag-latvia","19":"tag-latvian","20":"tag-latviesu","21":"tag-latviesu-valoda","22":"tag-latviesuvaloda","23":"tag-latvija","24":"tag-lv","25":"tag-news","26":"tag-popularakas-zinas","27":"tag-popularakaszinas","28":"tag-top-stories","29":"tag-topstories","30":"tag-zinas"},"share_on_mastodon":{"url":"https:\/\/pubeurope.com\/@lv\/115652815937124157","error":""},"_links":{"self":[{"href":"https:\/\/www.europesays.com\/lv\/wp-json\/wp\/v2\/posts\/64214","targetHints":{"allow":["GET"]}}],"collection":[{"href":"https:\/\/www.europesays.com\/lv\/wp-json\/wp\/v2\/posts"}],"about":[{"href":"https:\/\/www.europesays.com\/lv\/wp-json\/wp\/v2\/types\/post"}],"author":[{"embeddable":true,"href":"https:\/\/www.europesays.com\/lv\/wp-json\/wp\/v2\/users\/2"}],"replies":[{"embeddable":true,"href":"https:\/\/www.europesays.com\/lv\/wp-json\/wp\/v2\/comments?post=64214"}],"version-history":[{"count":0,"href":"https:\/\/www.europesays.com\/lv\/wp-json\/wp\/v2\/posts\/64214\/revisions"}],"wp:featuredmedia":[{"embeddable":true,"href":"https:\/\/www.europesays.com\/lv\/wp-json\/wp\/v2\/media\/64215"}],"wp:attachment":[{"href":"https:\/\/www.europesays.com\/lv\/wp-json\/wp\/v2\/media?parent=64214"}],"wp:term":[{"taxonomy":"category","embeddable":true,"href":"https:\/\/www.europesays.com\/lv\/wp-json\/wp\/v2\/categories?post=64214"},{"taxonomy":"post_tag","embeddable":true,"href":"https:\/\/www.europesays.com\/lv\/wp-json\/wp\/v2\/tags?post=64214"}],"curies":[{"name":"wp","href":"https:\/\/api.w.org\/{rel}","templated":true}]}}