{"id":64226,"date":"2025-12-03T00:55:20","date_gmt":"2025-12-03T00:55:20","guid":{"rendered":"https:\/\/www.europesays.com\/lv\/64226\/"},"modified":"2025-12-03T00:55:20","modified_gmt":"2025-12-03T00:55:20","slug":"sesks-sauda-arabijas-wrc-sanem-augstako-atzimi-no-pieredzejusa-eksperta-motoru-sports-sportacentrs-com","status":"publish","type":"post","link":"https:\/\/www.europesays.com\/lv\/64226\/","title":{"rendered":"Sesks Sa\u016bda Ar\u0101bijas WRC sa\u0146em augst\u0101ko atz\u012bmi no pieredz\u0113ju\u0161\u0101 eksperta \u2013 Motoru sports \u2013 Sportacentrs.com"},"content":{"rendered":"<p>Jau zi\u0146oj\u0101m par M\u0101rti\u0146a Seska un Ren\u0101ra Fran\u010da piedz\u012bvojumiem Sa\u016bda Ar\u0101bijas WRC, kur diem\u017e\u0113l divi p\u0101rsisti rite\u0146i un tehniskas probl\u0113mas liedza m\u016bsu ekip\u0101\u017eai pac\u012bn\u012bties par uzvaru vai goda pjedest\u0101lu.<\/p>\n<p>Ar\u012b p\u0113c \u0161\u012b WRC rallija pieredz\u0113ju\u0161ais Dirtfish \u017eurn\u0101lists Kolins Kl\u0101rks nov\u0113rt\u0113ja katra Rally1 brauc\u0113ja sniegumu. WRC \u010dempionam Sebastjanam O\u017ej\u0113, t\u0101pat k\u0101 rallija uzvar\u0113t\u0101jam Tjer\u012b Noivilam un Adrianam Formo, Kl\u0101rks pie\u0161\u0137\u012bra atz\u012bmi 9, ta\u010du visaugst\u0101ko nov\u0113rt\u0113jumu \u2013 10, nopeln\u012bja M\u0101rti\u0146\u0161 Sesks un Nasers Al-Atija.<\/p>\n<p>L\u016bk, ko par Sesku raksta pieredz\u0113ju\u0161ais Kolins Kl\u0101rks:<\/p>\n<p>&#8221;Atz\u012b\u0161os \u2014 \u0161is Seska sniegums bija viens no p\u0101rsteidzo\u0161\u0101kajiem un iespaid\u012bg\u0101kajiem, k\u0101du p\u0113d\u0113jos gados esmu redz\u0113jis.<\/p>\n<p>L\u012bdz\u0161in\u0113j\u0101 sezona Seskam sv\u0101rst\u012bjusies no katastrof\u0101las l\u012bdz viduv\u0113jai, ar \u013coti maz\u0101m paz\u012bm\u0113m no t\u0101 talanta, ko vi\u0146\u0161 demonstr\u0113ja pag\u0101ju\u0161aj\u0101 gad\u0101 Latvij\u0101.<\/p>\n<p>Ta\u010du \u0161is rallijs lika vair\u0101kiem no mums apst\u0101ties un p\u0101rdom\u0101t, k\u0101ds paties\u012bb\u0101 var\u0113tu b\u016bt \u0161\u012b jaun\u0101 pilota potenci\u0101ls.<\/p>\n<p>Vi\u0146\u0161 bija neticami \u0101trs, vi\u0146a brauk\u0161anas stils \u2014 spilgts un br\u012bvs, bet attieksme \u2014 kopum\u0101 atsvaidzino\u0161a.<\/p>\n<p>Un j\u0101, protams, b\u016bs t\u0101di, kuri nor\u0101d\u012bs uz lielo ce\u013ca t\u012br\u012b\u0161anas efektu, ta\u010du bija ar\u012b citi piloti, kuri no t\u0101 ieguva, un Sesks bija daudz lab\u0101ks par vi\u0146iem visiem.<\/p>\n<p>Sav\u0101di, bet mani visvair\u0101k p\u0101rsteidza vi\u0146a sniegums abos asfalta superspeci\u0101lo \u0101trumposmu braucienos. Vi\u0146\u0161 uzvar\u0113ja vien\u0101 un otr\u0101 bija tre\u0161ais \u2014 iespaid\u012bgi, \u0146emot v\u0113r\u0101, ka apst\u0101k\u013ci visiem bija vien\u0101di, lai ar\u012b bie\u017ei dzirdam, ka uz asfalta vi\u0146\u0161 neesot tik labs.<\/p>\n<p>Sesks k\u013c\u016bst par \u012bstu m\u012bklu, un tikai laiks r\u0101d\u012bs, k\u0101d\u0101 l\u012bmen\u012b paties\u012bb\u0101 ir vi\u0146a talants un cik t\u0101lu tas var vi\u0146u aizvest. Ta\u010du gan Seska, gan M-Sport komandas kontekst\u0101 \u0161is rallijs bija gandr\u012bz piln\u012bga atdzim\u0161ana.&#8221;<\/p>\n<p>Kolina Kl\u0101rka v\u0113rt\u0113jums:<br \/>Sesks 10\/10<br \/>Al-Atija 10\/10<br \/>O\u017ej\u0113 9\/10<br \/>Noivils 9\/10<br \/>Formo 9\/10<br \/>Tanaks 8\/10<br \/>Evans 8\/10<br \/>Pajari 8\/10<br \/>Rovanpera 7\/10<br \/>Makerlains 4\/10<br \/>Munsters 3\/10<\/p>\n<p>Izmantotie resursi:<br \/><a target=\"_blank\" href=\"http:\/\/www.go4speed.lv\" rel=\"nofollow noopener\">S\u0101kums &#8211; Go4speed<\/a><\/p>\n","protected":false},"excerpt":{"rendered":"Jau zi\u0146oj\u0101m par M\u0101rti\u0146a Seska un Ren\u0101ra Fran\u010da piedz\u012bvojumiem Sa\u016bda Ar\u0101bijas WRC, kur diem\u017e\u0113l divi p\u0101rsisti rite\u0146i un&hellip;\n","protected":false},"author":2,"featured_media":48459,"comment_status":"","ping_status":"","sticky":false,"template":"","format":"standard","meta":{"footnotes":""},"categories":[5],"tags":[23,28,29,32,33,22,30,31,35,39,38,36,37,34,40,165,20,26,27,24,25,21],"class_list":{"0":"post-64226","1":"post","2":"type-post","3":"status-publish","4":"format-standard","5":"has-post-thumbnail","7":"category-aktualitates","8":"tag-aktualitates","9":"tag-breaking-news","10":"tag-breakingnews","11":"tag-featured-news","12":"tag-featurednews","13":"tag-headlines","14":"tag-latest-news","15":"tag-latestnews","16":"tag-latvia","17":"tag-latvian","18":"tag-latviesu","19":"tag-latviesu-valoda","20":"tag-latviesuvaloda","21":"tag-latvija","22":"tag-lv","23":"tag-motoru-sports","24":"tag-news","25":"tag-popularakas-zinas","26":"tag-popularakaszinas","27":"tag-top-stories","28":"tag-topstories","29":"tag-zinas"},"share_on_mastodon":{"url":"https:\/\/pubeurope.com\/@lv\/115652914256192982","error":""},"_links":{"self":[{"href":"https:\/\/www.europesays.com\/lv\/wp-json\/wp\/v2\/posts\/64226","targetHints":{"allow":["GET"]}}],"collection":[{"href":"https:\/\/www.europesays.com\/lv\/wp-json\/wp\/v2\/posts"}],"about":[{"href":"https:\/\/www.europesays.com\/lv\/wp-json\/wp\/v2\/types\/post"}],"author":[{"embeddable":true,"href":"https:\/\/www.europesays.com\/lv\/wp-json\/wp\/v2\/users\/2"}],"replies":[{"embeddable":true,"href":"https:\/\/www.europesays.com\/lv\/wp-json\/wp\/v2\/comments?post=64226"}],"version-history":[{"count":0,"href":"https:\/\/www.europesays.com\/lv\/wp-json\/wp\/v2\/posts\/64226\/revisions"}],"wp:featuredmedia":[{"embeddable":true,"href":"https:\/\/www.europesays.com\/lv\/wp-json\/wp\/v2\/media\/48459"}],"wp:attachment":[{"href":"https:\/\/www.europesays.com\/lv\/wp-json\/wp\/v2\/media?parent=64226"}],"wp:term":[{"taxonomy":"category","embeddable":true,"href":"https:\/\/www.europesays.com\/lv\/wp-json\/wp\/v2\/categories?post=64226"},{"taxonomy":"post_tag","embeddable":true,"href":"https:\/\/www.europesays.com\/lv\/wp-json\/wp\/v2\/tags?post=64226"}],"curies":[{"name":"wp","href":"https:\/\/api.w.org\/{rel}","templated":true}]}}