{"id":6425,"date":"2025-09-27T16:11:07","date_gmt":"2025-09-27T16:11:07","guid":{"rendered":"https:\/\/www.europesays.com\/lv\/6425\/"},"modified":"2025-09-27T16:11:07","modified_gmt":"2025-09-27T16:11:07","slug":"nato-un-eiropa-saskaras-ar-360-gradu-draudiem","status":"publish","type":"post","link":"https:\/\/www.europesays.com\/lv\/6425\/","title":{"rendered":"NATO un Eiropa saskaras ar 360 gr\u0101du draudiem"},"content":{"rendered":"<p>Vi\u0146\u0161 atz\u012bm\u0113ja, ka Krievijas kar\u0161 pret Ukrainu k\u013cuvis par m\u016bsdienu kara poligonu, kur tradicion\u0101lie sp\u0113ki apvienoti ar kiberuzbrukumiem, dezinform\u0101ciju, droniem un radioelektronisko karadarb\u012bbu. Pud\u0101ns uzsv\u0113ra, ka agresija neaprobe\u017eojas tikai ar Ukrainu, bet ir da\u013ca no pla\u0161\u0101kas kampa\u0146as pret Eiropu, kuras sekas j\u016btamas ar\u012b glob\u0101li &#8211; no ener\u0123\u0113tisk\u0101s \u0161ant\u0101\u017eas un ekonomisk\u0101s piespie\u0161anas l\u012bdz m\u0113\u0123in\u0101jumiem main\u012bt starptautiskos noteikumus.<\/p>\n<p>NBS komandieris v\u0113rsa uzman\u012bbu uz to, ka <a href=\"https:\/\/www.apollo.lv\/term\/9898\/nato\" class=\"topicLink\" target=\"_blank\" rel=\"nofollow noopener\">NATO<\/a> un <a href=\"https:\/\/www.apollo.lv\/term\/555691\/eiropa\" class=\"topicLink\" target=\"_blank\" rel=\"nofollow noopener\">Eiropa<\/a> saskaras ar 360 gr\u0101du draudiem, kas ietver gaisa telpas p\u0101rk\u0101pumus, dezinform\u0101cijas kampa\u0146as, kiberuzbrukumus un manipul\u0101cijas ar demokr\u0101tiskaj\u0101m instit\u016bcij\u0101m. Vi\u0146apr\u0101t, Ukraina ir j\u0101uztver k\u0101 frontes l\u012bnija c\u012b\u0146\u0101, kas aptver da\u017e\u0101dus re\u0123ionus un jomas. T\u0101pat Pud\u0101ns uzsv\u0113ra, ka atbalst\u012bt Ukrainu ir gan mor\u0101ls pien\u0101kums, gan strat\u0113\u0123iska nepiecie\u0161am\u012bba.<\/p>\n<p>Pud\u0101ns akcent\u0113ja, ka alianses reakcija bijusi izl\u0113m\u012bga &#8211; nesenie gaisa telpas p\u0101rk\u0101pumi atg\u0101din\u0101ju\u0161i, ka dro\u0161\u012bba nav pa\u0161saprotama, bet NATO oper\u0101cijas &#8220;Baltijas sardze&#8221; un &#8220;Austrumu sardze&#8221; demonstr\u0113ju\u0161as sp\u0113ju koordin\u0113ti un izl\u0113m\u012bgi rea\u0123\u0113t uz provok\u0101cij\u0101m uz austrumu robe\u017eas.<\/p>\n<p>NBS komandieris sac\u012bja, ka Latvija iegulda l\u012bdzek\u013cus daudzsl\u0101\u0146u pretgaisa aizsardz\u012bb\u0101, krasta aizsardz\u012bb\u0101, dronu un pretdronu sist\u0113m\u0101s, jaun\u0101s k\u0101jnieku kaujas ma\u0161\u012bn\u0101s, artil\u0113rij\u0101 un lo\u0123istik\u0101. Vi\u0146\u0161 uzsv\u0113ra ar\u012b jauna milit\u0101r\u0101 poligona &#8220;S\u0113lija&#8221; izveidi, kas dr\u012bzum\u0101 b\u016bs viens no liel\u0101kajiem Eirop\u0101 un b\u016btiski stiprin\u0101s gatav\u012bbu un sadarb\u012bbu ar sabiedrotajiem.<\/p>\n","protected":false},"excerpt":{"rendered":"Vi\u0146\u0161 atz\u012bm\u0113ja, ka Krievijas kar\u0161 pret Ukrainu k\u013cuvis par m\u016bsdienu kara poligonu, kur tradicion\u0101lie sp\u0113ki apvienoti ar kiberuzbrukumiem,&hellip;\n","protected":false},"author":2,"featured_media":6426,"comment_status":"","ping_status":"","sticky":false,"template":"","format":"standard","meta":{"footnotes":""},"categories":[12],"tags":[1546,23,28,29,427,514,32,33,22,2827,234,74,30,31,35,39,38,36,37,34,40,71,20,26,27,24,25,21],"class_list":{"0":"post-6425","1":"post","2":"type-post","3":"status-publish","4":"format-standard","5":"has-post-thumbnail","7":"category-latvija","8":"tag-aizsardziba","9":"tag-aktualitates","10":"tag-breaking-news","11":"tag-breakingnews","12":"tag-eiropa","13":"tag-eiropas-savieniba","14":"tag-featured-news","15":"tag-featurednews","16":"tag-headlines","17":"tag-kaspars-pudans","18":"tag-krievija","19":"tag-krievijas-iebrukums-ukraina","20":"tag-latest-news","21":"tag-latestnews","22":"tag-latvia","23":"tag-latvian","24":"tag-latviesu","25":"tag-latviesu-valoda","26":"tag-latviesuvaloda","27":"tag-latvija","28":"tag-lv","29":"tag-nato","30":"tag-news","31":"tag-popularakas-zinas","32":"tag-popularakaszinas","33":"tag-top-stories","34":"tag-topstories","35":"tag-zinas"},"share_on_mastodon":{"url":"","error":""},"_links":{"self":[{"href":"https:\/\/www.europesays.com\/lv\/wp-json\/wp\/v2\/posts\/6425","targetHints":{"allow":["GET"]}}],"collection":[{"href":"https:\/\/www.europesays.com\/lv\/wp-json\/wp\/v2\/posts"}],"about":[{"href":"https:\/\/www.europesays.com\/lv\/wp-json\/wp\/v2\/types\/post"}],"author":[{"embeddable":true,"href":"https:\/\/www.europesays.com\/lv\/wp-json\/wp\/v2\/users\/2"}],"replies":[{"embeddable":true,"href":"https:\/\/www.europesays.com\/lv\/wp-json\/wp\/v2\/comments?post=6425"}],"version-history":[{"count":0,"href":"https:\/\/www.europesays.com\/lv\/wp-json\/wp\/v2\/posts\/6425\/revisions"}],"wp:featuredmedia":[{"embeddable":true,"href":"https:\/\/www.europesays.com\/lv\/wp-json\/wp\/v2\/media\/6426"}],"wp:attachment":[{"href":"https:\/\/www.europesays.com\/lv\/wp-json\/wp\/v2\/media?parent=6425"}],"wp:term":[{"taxonomy":"category","embeddable":true,"href":"https:\/\/www.europesays.com\/lv\/wp-json\/wp\/v2\/categories?post=6425"},{"taxonomy":"post_tag","embeddable":true,"href":"https:\/\/www.europesays.com\/lv\/wp-json\/wp\/v2\/tags?post=6425"}],"curies":[{"name":"wp","href":"https:\/\/api.w.org\/{rel}","templated":true}]}}