{"id":64312,"date":"2025-12-03T05:42:04","date_gmt":"2025-12-03T05:42:04","guid":{"rendered":"https:\/\/www.europesays.com\/lv\/64312\/"},"modified":"2025-12-03T05:42:04","modified_gmt":"2025-12-03T05:42:04","slug":"kremlis-pazino-ka-sarunas-ar-asv-bijusas-konstruktivas-tvnet","status":"publish","type":"post","link":"https:\/\/www.europesays.com\/lv\/64312\/","title":{"rendered":"Kremlis pazi\u0146o, ka sarunas ar ASV biju\u0161as konstrukt\u012bvas &#8211; TVNET"},"content":{"rendered":"<ol>\n<li><a href=\"https:\/\/news.google.com\/rss\/articles\/CBMiiwFBVV95cUxPb3dBdW9oNGw3emIycUdWcFJCUkw2VXYzWlJjekdXR0J3YXpySjhsbEVxWFNHZEg4ZzhzcnNKRHdsMExEdHZEOGczVVdCYlY3cXJEQ0g0Y3c1Z2pjekpXN01fRmFIV1VablZmVHhtVm5VS2RnS2xTSWQ3a2w2MVpvTmo0bFNzY3N2aENv?oc=5\" target=\"_blank\" rel=\"nofollow noopener\">Kremlis pazi\u0146o, ka sarunas ar ASV biju\u0161as konstrukt\u012bvas<\/a>&nbsp;&nbsp;TVNET<\/li>\n<li><a href=\"https:\/\/news.google.com\/rss\/articles\/CBMirwFBVV95cUxQcDB3SGdvMkVMTFM3N1JWWjNPZlZMM2VzVTQ4UFVoMjcyZDM4Z2F6bGxvV1JXdW5yZ0Zna1JZZ2FBZzVWcnc5LUdOUUtUNk8wZWpQWHNQTFBLY2oxcnljVHpxN0Z5dFJVWGNDSDk0bnc4SGstUjZEZHJZb0ltUlc5bUpVT2EzbnMwNmctcG8ySEs1dFlNVzJWdUdGSGRQSVVjY1F1ZXlKWFFUM055Rkkw?oc=5\" target=\"_blank\" rel=\"nofollow noopener\">Krievijas un ASV p\u0101rst\u0101vju saruna bijusi &#8220;konstrukt\u012bva&#8221; (plkst.6.50)<\/a>&nbsp;&nbsp;Delfi<\/li>\n<li><a href=\"https:\/\/news.google.com\/rss\/articles\/CBMizwFBVV95cUxOa2EwcXVMY0tVTzlHMkN2Qm12TTNoZ0JNcWxIMlNScUZidkQ0NEdGZFg1bFZUX09IN0hMeTFnRDVLYVo2UHBrTXJCLXRVeld3d1FYUTU4cWhUeDZNank4M3VqSl9WTGlZc0ZGY1BoUGMwNzVtcGlURTFXN1ZXdU14LWxKUFVCWEpFTmNRRFhkaURZUHVVWDFSZWNpcm91S2dkZkxBYml2c1JzVzV2aE9WLUJ2TFBOeVV5RWxZRHJmbUZndVIzQ0dFSjhCZFAzak0?oc=5\" target=\"_blank\" rel=\"nofollow noopener\">Sarunas Maskav\u0101 nosl\u0113gu\u0161\u0101s bez risin\u0101juma. Krievijai pl\u0101ns neesot pie\u0146emams. \/ Raksts<\/a>&nbsp;&nbsp;LSM<\/li>\n<li><a href=\"https:\/\/news.google.com\/rss\/articles\/CBMipgFBVV95cUxNOGtsU0kxVEJweXpEbTg1bFNBUVNVMFZ6Vm5LNzR4RURqVHE0RGg4eS1pclVpeVpyaEYtejRBUUEweTdzN2l1REpXdlhjc1JGaGs1bjRvalZEUlUyZFVnaWRMLUE1bU1NdWVDbFZLbFdBRzJya1VKR0hpTWthNnhMaDhCUHdVQ255bW5uWjNzV1hLM3FVUUhodTVsSFFtUUR0YmY4SUJB?oc=5\" target=\"_blank\" rel=\"nofollow noopener\">&#8220;Kar\u0161 tuvojas nosl\u0113gumam&#8221; &#8211; Ukrainas pus\u0113 skaidro, kas notiek sarun\u0101s<\/a>&nbsp;&nbsp;Jauns.lv<\/li>\n<li><a href=\"https:\/\/news.google.com\/rss\/articles\/CBMiwgFBVV95cUxPMXZvQ0RTSzFjX2pqSjlWYUlHRnlHcXZTODBxZHF2QlR1dm9hY2ZrYWJwLUNIb0JyR3RnSmdybUlKQVhOaE5JQ3QtQWJlNE02RzNHWXZsa2E0aFYxcHdHRUNfVTh3aUlNdXQ3M0h0amV4bjA4N1dvSi1DWUcxQXJKWlJabm12MHc1bmdreDQ3Mk1BNTNmRGtseVVsZnBqVzBkWUdEOFhNX1k0OTRXbVNYTm9mVWZ3VkhyNzFYVHFndVp4QQ?oc=5\" target=\"_blank\" rel=\"nofollow noopener\">T\u0101 diena ir kl\u0101t! Tramps uz Maskavu aizs\u016bt\u012bjis \u013coti savdab\u012bgu komandu<\/a>&nbsp;&nbsp;LA.LV<\/li>\n<\/ol>\n","protected":false},"excerpt":{"rendered":"Kremlis pazi\u0146o, ka sarunas ar ASV biju\u0161as konstrukt\u012bvas&nbsp;&nbsp;TVNET Krievijas un ASV p\u0101rst\u0101vju saruna bijusi &#8220;konstrukt\u012bva&#8221; (plkst.6.50)&nbsp;&nbsp;Delfi Sarunas Maskav\u0101&hellip;\n","protected":false},"author":2,"featured_media":64313,"comment_status":"","ping_status":"","sticky":false,"template":"","format":"standard","meta":{"footnotes":""},"categories":[5],"tags":[23,292,28,29,542,32,33,22,234,74,30,31,35,39,38,36,37,34,40,20,26,27,14597,24,25,21],"class_list":{"0":"post-64312","1":"post","2":"type-post","3":"status-publish","4":"format-standard","5":"has-post-thumbnail","7":"category-aktualitates","8":"tag-aktualitates","9":"tag-asv","10":"tag-breaking-news","11":"tag-breakingnews","12":"tag-donalds-tramps","13":"tag-featured-news","14":"tag-featurednews","15":"tag-headlines","16":"tag-krievija","17":"tag-krievijas-iebrukums-ukraina","18":"tag-latest-news","19":"tag-latestnews","20":"tag-latvia","21":"tag-latvian","22":"tag-latviesu","23":"tag-latviesu-valoda","24":"tag-latviesuvaloda","25":"tag-latvija","26":"tag-lv","27":"tag-news","28":"tag-popularakas-zinas","29":"tag-popularakaszinas","30":"tag-stivs-vitkofs","31":"tag-top-stories","32":"tag-topstories","33":"tag-zinas"},"share_on_mastodon":{"url":"https:\/\/pubeurope.com\/@lv\/115654042766926921","error":""},"_links":{"self":[{"href":"https:\/\/www.europesays.com\/lv\/wp-json\/wp\/v2\/posts\/64312","targetHints":{"allow":["GET"]}}],"collection":[{"href":"https:\/\/www.europesays.com\/lv\/wp-json\/wp\/v2\/posts"}],"about":[{"href":"https:\/\/www.europesays.com\/lv\/wp-json\/wp\/v2\/types\/post"}],"author":[{"embeddable":true,"href":"https:\/\/www.europesays.com\/lv\/wp-json\/wp\/v2\/users\/2"}],"replies":[{"embeddable":true,"href":"https:\/\/www.europesays.com\/lv\/wp-json\/wp\/v2\/comments?post=64312"}],"version-history":[{"count":0,"href":"https:\/\/www.europesays.com\/lv\/wp-json\/wp\/v2\/posts\/64312\/revisions"}],"wp:featuredmedia":[{"embeddable":true,"href":"https:\/\/www.europesays.com\/lv\/wp-json\/wp\/v2\/media\/64313"}],"wp:attachment":[{"href":"https:\/\/www.europesays.com\/lv\/wp-json\/wp\/v2\/media?parent=64312"}],"wp:term":[{"taxonomy":"category","embeddable":true,"href":"https:\/\/www.europesays.com\/lv\/wp-json\/wp\/v2\/categories?post=64312"},{"taxonomy":"post_tag","embeddable":true,"href":"https:\/\/www.europesays.com\/lv\/wp-json\/wp\/v2\/tags?post=64312"}],"curies":[{"name":"wp","href":"https:\/\/api.w.org\/{rel}","templated":true}]}}