{"id":64338,"date":"2025-12-03T06:18:18","date_gmt":"2025-12-03T06:18:18","guid":{"rendered":"https:\/\/www.europesays.com\/lv\/64338\/"},"modified":"2025-12-03T06:18:18","modified_gmt":"2025-12-03T06:18:18","slug":"video-latvijas-basketbolisti-pec-alonso-pirmas-uzvaras-sariko-trenerim-dusu-delfi","status":"publish","type":"post","link":"https:\/\/www.europesays.com\/lv\/64338\/","title":{"rendered":"Video: Latvijas basketbolisti p\u0113c Alonso pirm\u0101s uzvaras sar\u012bko trenerim du\u0161u &#8211; Delfi"},"content":{"rendered":"<ol>\n<li><a href=\"https:\/\/news.google.com\/rss\/articles\/CBMizgFBVV95cUxPemlxV05NcXNhMS1Gc1FBT1JZdFd5aUNKbnVZY2FRV2hEeEEzZ3pQWVBDM2tPRGNNak93MnJhejVZUHBpUU9VSzlLa2pPTFlCQUM0V1hHR0JER2lBWnpYUHViZFBNcEJrb0NCTkdrWXBnNFZ4cVNrcXh1YlJ0YWtNbHNma1ptc194eWVfUTlGcFdOWjgwNTlsWGxfV1JvQzdWd3o5X3JpVmk4RzJ5b0F6SVdnTTdHNmJpZDF5ejdKWXkzMXpvUmRTRDJRTjFDdw?oc=5\" target=\"_blank\" rel=\"nofollow noopener\">Video: Latvijas basketbolisti p\u0113c Alonso pirm\u0101s uzvaras sar\u012bko trenerim du\u0161u<\/a>&nbsp;&nbsp;Delfi<\/li>\n<li><a href=\"https:\/\/news.google.com\/rss\/articles\/CBMiygFBVV95cUxNUkhZRnVKUmg5SHVTMTA5dmJWRnFFMW01akt1NEJsbk9aT3BsMk1LSWE2amtfZ3FaQVJ5em9naWlKd0VSZk41c24yc0h1ZUlwYTM3SzBzaWJrMjJ5REktTFRPVzJJSXRydnRsWjE4M1FVSnhFWDNOWnRETFhpQVNXR2lLR0poc0R4aW1Ob1gxWXRKNFh6c2RFSnZVWWZPYWVwUG9tR1ZYLW9ZTjB4SkJDOUxBMUc4SERPTW5mN19PcmlEN0VPM2J6QU5R?oc=5\" target=\"_blank\" rel=\"nofollow noopener\">Vi\u0146\u0161 ir c\u012bn\u012bt\u0101js. Basketbola izlasei jauns kapteinis \u2013 Rihards Loma\u017es \/ Raksts<\/a>&nbsp;&nbsp;LSM<\/li>\n<li><a href=\"https:\/\/news.google.com\/rss\/articles\/CBMimgFBVV95cUxPREJENlQ5TUllTFZheTBDNjlabS1sVTh3dzJabUhZR2I2R0VGSVRMY2laT2FVb21vUklvSXB0eHozd2RFSUZpZEJMaVpRbEtCaE1UX2czMldFWnBfQ3Rfd1QzWkJndkJOVlUzVUdDeHZKZkQ1NkZkWnZqTl82NWRGRTAxMjRZYkVOOXBWOWczWlRITk1kN2RiX25R?oc=5\" target=\"_blank\" rel=\"nofollow noopener\">Kapteinis Loma\u017es un latvie\u0161i izsviedr\u0113 Austriju t\u0101lmetienu pirt\u012b \u2013 Basketbols<\/a>&nbsp;&nbsp;Sportacentrs.com<\/li>\n<li><a href=\"https:\/\/news.google.com\/rss\/articles\/CBMitwFBVV95cUxOM2lLdWdfWE15RERkMEUxUXBJa0g2OS1mdzVkZHJVS3ZVOUt3c2RQaEpfNjNOVWh1SVRzWnZvQjBuYjJOU2dHWWRDaEx5RVdHRkdvR1hqNEg2R3hvZjJDUFdYNFdtUGZoU3U5X3B2bnR4NmV0Vmh4RjVyS3o2R3lYbUs1dU5ndDJFd2Y2bGpOTk91bXhOSG5oTGc0blV2ZFFmMUtCVGZyOTJHMXlCWFNkWVR1Wm5vNE0?oc=5\" target=\"_blank\" rel=\"nofollow noopener\">Latvijas basketbolisti Austrij\u0101 c\u012bn\u012bsies par pirmo uzvaru jaun\u0101 trenera vad\u012bb\u0101<\/a>&nbsp;&nbsp;Jauns.lv<\/li>\n<li><a href=\"https:\/\/news.google.com\/rss\/articles\/CBMingFBVV95cUxOcDFCcjZxOG15eXBrZVVZSi1KbHI0aThReE5abmFlRnlBRHpKYjF5eF9jdG84TFY2Z3lZTURvLU8zTXE4b2JkQ1N0dVdxMEx2ektHdHlZYTg0cVZDRG1ScDc2Tm83bzBfSXljbUt5TDVyWlhIdEtQd0NseGVPR0NUdkJZZWQzVlEtQ2d5b3hYbktic1VKczFhR3k1WHpnQQ?oc=5\" target=\"_blank\" rel=\"nofollow noopener\">Alonso pirmais eks\u0101mens Latvijas izlas\u0113. Vai ir pamats satraukumam?<\/a>&nbsp;&nbsp;TVNET Sports<\/li>\n<\/ol>\n","protected":false},"excerpt":{"rendered":"Video: Latvijas basketbolisti p\u0113c Alonso pirm\u0101s uzvaras sar\u012bko trenerim du\u0161u&nbsp;&nbsp;Delfi Vi\u0146\u0161 ir c\u012bn\u012bt\u0101js. Basketbola izlasei jauns kapteinis \u2013&hellip;\n","protected":false},"author":2,"featured_media":64339,"comment_status":"","ping_status":"","sticky":false,"template":"","format":"standard","meta":{"footnotes":""},"categories":[5],"tags":[23,28,29,32,33,22,30,31,35,39,38,36,37,34,225,40,20,16815,26,27,4631,24,25,21],"class_list":{"0":"post-64338","1":"post","2":"type-post","3":"status-publish","4":"format-standard","5":"has-post-thumbnail","7":"category-aktualitates","8":"tag-aktualitates","9":"tag-breaking-news","10":"tag-breakingnews","11":"tag-featured-news","12":"tag-featurednews","13":"tag-headlines","14":"tag-latest-news","15":"tag-latestnews","16":"tag-latvia","17":"tag-latvian","18":"tag-latviesu","19":"tag-latviesu-valoda","20":"tag-latviesuvaloda","21":"tag-latvija","22":"tag-latvijas-basketbola-izlase","23":"tag-lv","24":"tag-news","25":"tag-pasaules-kauss-basketbola-2027","26":"tag-popularakas-zinas","27":"tag-popularakaszinas","28":"tag-sito-alonso","29":"tag-top-stories","30":"tag-topstories","31":"tag-zinas"},"share_on_mastodon":{"url":"https:\/\/pubeurope.com\/@lv\/115654184375937351","error":""},"_links":{"self":[{"href":"https:\/\/www.europesays.com\/lv\/wp-json\/wp\/v2\/posts\/64338","targetHints":{"allow":["GET"]}}],"collection":[{"href":"https:\/\/www.europesays.com\/lv\/wp-json\/wp\/v2\/posts"}],"about":[{"href":"https:\/\/www.europesays.com\/lv\/wp-json\/wp\/v2\/types\/post"}],"author":[{"embeddable":true,"href":"https:\/\/www.europesays.com\/lv\/wp-json\/wp\/v2\/users\/2"}],"replies":[{"embeddable":true,"href":"https:\/\/www.europesays.com\/lv\/wp-json\/wp\/v2\/comments?post=64338"}],"version-history":[{"count":0,"href":"https:\/\/www.europesays.com\/lv\/wp-json\/wp\/v2\/posts\/64338\/revisions"}],"wp:featuredmedia":[{"embeddable":true,"href":"https:\/\/www.europesays.com\/lv\/wp-json\/wp\/v2\/media\/64339"}],"wp:attachment":[{"href":"https:\/\/www.europesays.com\/lv\/wp-json\/wp\/v2\/media?parent=64338"}],"wp:term":[{"taxonomy":"category","embeddable":true,"href":"https:\/\/www.europesays.com\/lv\/wp-json\/wp\/v2\/categories?post=64338"},{"taxonomy":"post_tag","embeddable":true,"href":"https:\/\/www.europesays.com\/lv\/wp-json\/wp\/v2\/tags?post=64338"}],"curies":[{"name":"wp","href":"https:\/\/api.w.org\/{rel}","templated":true}]}}