{"id":64340,"date":"2025-12-03T06:21:08","date_gmt":"2025-12-03T06:21:08","guid":{"rendered":"https:\/\/www.europesays.com\/lv\/64340\/"},"modified":"2025-12-03T06:21:08","modified_gmt":"2025-12-03T06:21:08","slug":"laflora-nosledz-sezonu-ar-108-000-tonnu-kudras-ieguves-apjomu-dienas-bizness","status":"publish","type":"post","link":"https:\/\/www.europesays.com\/lv\/64340\/","title":{"rendered":"Laflora nosl\u0113dz sezonu ar 108 000 tonnu k\u016bdras ieguves apjomu :: Dienas Bizness"},"content":{"rendered":"<p class=\"text-font font-size--text-xlarge margin-3--bottom font-weight--bold padding-1--top\">Viens no liel\u0101kajiem k\u016bdras ieguves un p\u0101rstr\u0101des uz\u0146\u0113mumiem Latvij\u0101 \u201cLaflora\u201d nosl\u0113dzis 2025. gada k\u016bdras ieguves sezonu ar 108 t\u016bkst. tonnu k\u016bdras ieguves apjomu.<\/p>\n<p class=\"text-font font-size--text-xlarge margin-3--bottom\">Strat\u0113\u0123iski pl\u0101nojot ieguvi, jaunu ieguves plat\u012bbu atkl\u0101\u0161anu, ra\u017eo\u0161anu un realiz\u0101ciju, uz\u0146\u0113mums sp\u0113j nodro\u0161in\u0101t darb\u012bbas nep\u0101rtraukt\u012bbu, saglab\u0101t ie\u0146\u0113mumus un veikt invest\u012bcijas att\u012bst\u012bb\u0101, neskatoties uz p\u0113d\u0113j\u0101s desmitgad\u0113s nozar\u0113 slikt\u0101ko k\u016bdras ieguves sezonu klimatisko laikapst\u0101k\u013cu d\u0113\u013c.<\/p>\n<p class=\"text-font font-size--text-xlarge margin-3--bottom\">\u012apa\u0161i nepiem\u0113roto laikapst\u0101k\u013cu d\u0113\u013c \u0161ogad k\u016bdras ieguves sezonas laik\u0101 \u2013 no apr\u012b\u013ca l\u012bdz oktobrim \u2013 k\u016bdras ieguves apjomi sasniedza 71%, sal\u012bdzinot ar iepriek\u0161\u0113jo gadu, kad ieguve bija v\u0113sturiski visaugst\u0101k\u0101. Ieguves kraso samazin\u0101jumu laikapst\u0101k\u013cu d\u0113\u013c kompens\u0113ja jaunu ieguves plat\u012bbu atkl\u0101\u0161ana Jelgavas novada Kalnciema pagast\u0101, Kaigu purva zieme\u013cu da\u013c\u0101, \u2013 \u201cLaflora\u201d da\u013c\u0113ji uzs\u0101kusi k\u016bdras ieguvi tur eso\u0161aj\u0101 ieguves viet\u0101 \u201cVir\u0161u purvs \u201d, kas kopum\u0101 aiz\u0146em 130 ha plat\u012bbu. \u0160ogad s\u0101kta ieguves lauku ier\u012bko\u0161ana un melior\u0101cijas sist\u0113mu b\u016bvniec\u012bba, ko pl\u0101nots pabeigt 2026. gada sezon\u0101.<\/p>\n<p class=\"text-font font-size--text-xlarge margin-3--bottom\">&#8220;\u012apa\u0161u pateic\u012bbu izsak\u0101m Jelgavas novada pa\u0161vald\u012bbai, kas atrada iesp\u0113ju, piesaistot Eiropas Savien\u012bbas fondu finans\u0113jumu, sak\u0101rtot ce\u013cu, kas ved uz jaunaj\u0101m ieguves teritorij\u0101m, vienlaikus uzlabojot \u0161o iepriek\u0161 degrad\u0113to Kalnciema pagasta da\u013cu \u2013 tas ir b\u016btisks infrastrukt\u016bras att\u012bst\u012bbas solis, lai veicin\u0101tu uz\u0146\u0113m\u0113jdarb\u012bbu novad\u0101,\u201d saka Uldis Ameriks, \u201cLaflora\u201d valdes priek\u0161s\u0113d\u0113t\u0101js.<\/p>\n<p class=\"text-font font-size--text-xlarge margin-3--bottom\">\u201cLaflora\u201d eksport\u0113to kravu skaits \u0161\u012bgada 10 m\u0113ne\u0161os sasniedzis 6824 kravas, liel\u0101k\u0101s eksporta valstis \u2013 It\u0101lija, \u0136\u012bna un Sp\u0101nija. No augusta uz\u0146\u0113mums ieviesis p\u0101rdo\u0161anas ierobe\u017eojumus, lai saglab\u0101tu past\u0101v\u012bgu k\u016bdras produktu un substr\u0101tu r\u016bpn\u012bcas darb\u012bbu l\u012bdz n\u0101kam\u0101s ieguves sezonas s\u0101kumam.<\/p>\n<p class=\"text-font font-size--text-xlarge margin-3--bottom\">Uz\u0146\u0113muma neto apgroz\u012bjums 2025. gada 10 m\u0113ne\u0161os sasniedzis 28,4 milj. eiro, kas ir par 3% maz\u0101k, nek\u0101 iepriek\u0161\u0113j\u0101 gada attiec\u012bgaj\u0101 period\u0101. Invest\u012bcijas att\u012bst\u012bb\u0101 \u0161ogad veido 2,8 milj. eiro \u2013 sagatavotas jaunas ieguves plat\u012bbas un izb\u016bv\u0113ti iebraucamie ce\u013ci purvos, notiek jaunas darbinieku \u0113kas b\u016bvniec\u012bba Drabi\u0146u purv\u0101, labiek\u0101rtots k\u016bdras pie\u0146em\u0161anas laukums pie ra\u017eotnes, gatav\u0101s k\u016bdras produkcijas laukums, k\u0101 ar\u012b centr\u0101lais st\u0101vlaukums pie ra\u017eotnes, izvietojot elektro-auto uzl\u0101des punktus, ieg\u0101d\u0101ta k\u016bdras ieguves un ra\u017eo\u0161anas tehnika, papildin\u0101ts autoparks.<\/p>\n<p class=\"text-font font-size--text-xlarge margin-3--bottom\">Paral\u0113li jau vair\u0101k nek\u0101 gadu \u201cLaflora\u201d vada AS \u201cLatvenergo\u201d v\u0113ja parka \u201cLaflora Energy\u201d b\u016bvniec\u012bbu sev piedero\u0161aj\u0101 Kaigu purv\u0101 Jelgavas novad\u0101. Izveidots v\u0113ja parka ce\u013cu t\u012bkls, uzb\u016bv\u0113tas 16 v\u0113ja turb\u012bnas, sare\u017e\u0123\u012bt\u0101 lo\u0123istikas proces\u0101 no Ventspils ostas atvesti un uzst\u0101d\u012bti turb\u012bnu sp\u0101rni. B\u016bvniec\u012bbas vad\u012bba notiek cie\u0161\u0101 sadarb\u012bb\u0101 ar SIA \u201cForma 2\u201d, v\u0113ja parka att\u012bst\u012bt\u0101ju SIA \u201cWindy\u201d un b\u016bvniec\u012bbas \u0123ener\u0101luz\u0146\u0113m\u0113ju SIA \u201cUPB Nams\u201d. Kopum\u0101 projekt\u0101 iesaist\u012bti vair\u0101k nek\u0101 14 viet\u0113jie uz\u0146\u0113mumi, veidojot inovat\u012bvu da\u017e\u0101du nozaru sadarb\u012bbu un siner\u0123iju.<\/p>\n<p class=\"text-font font-size--text-xlarge margin-3--bottom\">Uz\u0146\u0113muma \u201cLaflora\u201d vad\u012bt\u0101js Uldis Ameriks uzsver: \u201c\u0160is ir \u201cLaflora\u201d 30. jubilejas gads, \u0161ogad ik dienu pier\u0101d\u0101m, ka sp\u0113jam papla\u0161in\u0101t savu kapacit\u0101ti un kompetences \u2013 ne tikai p\u0101rvarot laikapst\u0101k\u013cu izaicin\u0101jumus k\u016bdras ieguves sezon\u0101 un strat\u0113\u0123iski att\u012bstot pamatbiznesu, tostarp, jaun\u0101s ieguves plat\u012bb\u0101s, bet ar\u012b nodro\u0161inot \u0161obr\u012bd liel\u0101k\u0101 v\u0113ja parka Latvij\u0101 b\u016bvniec\u012bbas vad\u012bbu.\u201d<\/p>\n<p class=\"text-font font-size--text-xlarge margin-3--bottom\">SIA &#8220;Laflora&#8221; ir viens no liel\u0101kajiem k\u016bdras ieguves un p\u0101rstr\u0101des uz\u0146\u0113mumiem Latvij\u0101, kas kop\u0161 1995. gada ra\u017eo k\u016bdras substr\u0101tus d\u0101rzkop\u012bbai, lauksaimniec\u012bbai un me\u017esaimniec\u012bbai, eksport\u0113jot produkciju uz vair\u0101k nek\u0101 40 valst\u012bm pasaul\u0113. K\u016bdras ieguvi uz\u0146\u0113mums veic tr\u012bs purvos \u010detr\u0101s ieguves viet\u0101s 2059 ha plat\u012bb\u0101, no t\u0101m liel\u0101k\u0101s k\u016bdras ieguves vietas \u2013 Drabi\u0146u purvs un Kaigu purvs Jelgavas novad\u0101 \u2013 ir uz\u0146\u0113muma \u012bpa\u0161um\u0101.<\/p>\n","protected":false},"excerpt":{"rendered":"Viens no liel\u0101kajiem k\u016bdras ieguves un p\u0101rstr\u0101des uz\u0146\u0113mumiem Latvij\u0101 \u201cLaflora\u201d nosl\u0113dzis 2025. gada k\u016bdras ieguves sezonu ar 108&hellip;\n","protected":false},"author":2,"featured_media":64341,"comment_status":"","ping_status":"","sticky":false,"template":"","format":"standard","meta":{"footnotes":""},"categories":[16],"tags":[869,77,870,76,867,35,39,38,36,37,34,871,868,40,21],"class_list":{"0":"post-64340","1":"post","2":"type-post","3":"status-publish","4":"format-standard","5":"has-post-thumbnail","7":"category-bizness","8":"tag-biznesa-zinas","9":"tag-bizness","10":"tag-bizness-latvija","11":"tag-business","12":"tag-dienas-zinas","13":"tag-latvia","14":"tag-latvian","15":"tag-latviesu","16":"tag-latviesu-valoda","17":"tag-latviesuvaloda","18":"tag-latvija","19":"tag-latvijas-biznesa-zinas","20":"tag-latvijas-zinas","21":"tag-lv","22":"tag-zinas"},"share_on_mastodon":{"url":"https:\/\/pubeurope.com\/@lv\/115654196149597248","error":""},"_links":{"self":[{"href":"https:\/\/www.europesays.com\/lv\/wp-json\/wp\/v2\/posts\/64340","targetHints":{"allow":["GET"]}}],"collection":[{"href":"https:\/\/www.europesays.com\/lv\/wp-json\/wp\/v2\/posts"}],"about":[{"href":"https:\/\/www.europesays.com\/lv\/wp-json\/wp\/v2\/types\/post"}],"author":[{"embeddable":true,"href":"https:\/\/www.europesays.com\/lv\/wp-json\/wp\/v2\/users\/2"}],"replies":[{"embeddable":true,"href":"https:\/\/www.europesays.com\/lv\/wp-json\/wp\/v2\/comments?post=64340"}],"version-history":[{"count":0,"href":"https:\/\/www.europesays.com\/lv\/wp-json\/wp\/v2\/posts\/64340\/revisions"}],"wp:featuredmedia":[{"embeddable":true,"href":"https:\/\/www.europesays.com\/lv\/wp-json\/wp\/v2\/media\/64341"}],"wp:attachment":[{"href":"https:\/\/www.europesays.com\/lv\/wp-json\/wp\/v2\/media?parent=64340"}],"wp:term":[{"taxonomy":"category","embeddable":true,"href":"https:\/\/www.europesays.com\/lv\/wp-json\/wp\/v2\/categories?post=64340"},{"taxonomy":"post_tag","embeddable":true,"href":"https:\/\/www.europesays.com\/lv\/wp-json\/wp\/v2\/tags?post=64340"}],"curies":[{"name":"wp","href":"https:\/\/api.w.org\/{rel}","templated":true}]}}