{"id":64374,"date":"2025-12-03T06:58:10","date_gmt":"2025-12-03T06:58:10","guid":{"rendered":"https:\/\/www.europesays.com\/lv\/64374\/"},"modified":"2025-12-03T06:58:10","modified_gmt":"2025-12-03T06:58:10","slug":"propaganda-miera-sarunu-ietekmesanai-ukraina-noraida-krievijas-apgalvojumus-par-pokrovsku","status":"publish","type":"post","link":"https:\/\/www.europesays.com\/lv\/64374\/","title":{"rendered":"&#8220;Propaganda miera sarunu ietekm\u0113\u0161anai&#8221;. Ukraina noraida Krievijas apgalvojumus par Pokrovsku"},"content":{"rendered":"<p><a rel=\"noopener nofollow\" target=\"_blank\" href=\"https:\/\/www.delfi.lv\/temas\/35525519\/krievija\" data-rel-date-range=\"[]\">Krievija<\/a> pirmdien pazi\u0146oja, ka it k\u0101 esot ie\u0146\u0113musi <a rel=\"noopener nofollow\" target=\"_blank\" href=\"https:\/\/www.delfi.lv\/temas\/35467179\/ukraina\" data-rel-date-range=\"[]\">Ukrainas<\/a> strat\u0113\u0123iski noz\u012bm\u012bgo Pokrovsku, pat public\u0113jot video, kur\u0101 redzami okupantu karav\u012bri pace\u013cam krievu karogu. Savuk\u0101rt Ukraina noraid\u012bjusi Maskavas ska\u013cos pazi\u0146ojumus, tos raksturojot k\u0101 propagandu ar m\u0113r\u0137i ietekm\u0113t miera sarunas, zi\u0146o medijs &#8220;Kyiv Independent&#8221;.<\/p>\n<p>Krievijas armijas \u0123ener\u0101l\u0161t\u0101ba priek\u0161nieks Val\u0113rijs Gerasimovs sv\u0113tdien, 30. novembr\u012b, nodevis Putinam zi\u0146ojumu par situ\u0101ciju front\u0113, apgalvojot, ka Krievija ir ieguvusi piln\u012bgu kontroli gan p\u0101r Doneckas apgabala Pokrovsku, gan Harkivas apgabala Vov\u010dansku. Savuk\u0101rt pirmdien Putins pazi\u0146oja, ka Maskavai it k\u0101 izdevies ie\u0146emt pils\u0113tas.<\/p>\n<p>Papildus pirmdienas vakar\u0101 Krievijas Aizsardz\u012bbas ministrija public\u0113ja video ar milit\u0101r\u0101s vien\u012bbas &#8220;Centrs&#8221; karav\u012briem, kuri it k\u0101 kadros Pokrovskas centr\u0101 pace\u013c Krievijas karogu.<\/p>\n<p>Atbildot uz diktatora un vi\u0146a padoto apgalvojumiem, Ukrainas \u0123ener\u0101l\u0161t\u0101bs otrdien koment\u0113ja: &#8220;Ukrainas aizsardz\u012bbas sp\u0113ku vien\u012bbas turpina aizsardz\u012bbas oper\u0101cijas sare\u017e\u0123\u012btos frontes sektoros, jo \u012bpa\u0161i Pokrovsk\u0101, Vov\u010dansk\u0101 un Kupjansk\u0101. Agresorvalsts vad\u012bbas liel\u012bgie izteikumi par \u0161o apmet\u0146u &#8220;sagr\u0101b\u0161anu&#8221; neatbilst realit\u0101tei.&#8221;<\/p>\n<p>Ukrainas vad\u012bba uzsver, ka Pokrovsk\u0101 t\u0101s sp\u0113ku kontrol\u0113 joproj\u0101m ir zieme\u013cu da\u013ca, kas velkas gan dzelzce\u013ca l\u012bniju: &#8220;Pretinieks cie\u0161 iev\u0113rojamus zaud\u0113jumus. Aizvad\u012btaj\u0101 diennakt\u012b Ukrainas sp\u0113ki Pokrovskas virzien\u0101 neitraliz\u0113ja kopum\u0101 104 okupantus. Konkr\u0113ti, m\u016bsu vien\u012bbas jau ir att\u012br\u012bju\u0161as [teritoriju] no grupas, kas miglas aizseg\u0101 pac\u0113la Krievijas karogu vien\u0101 no pils\u0113tas rajoniem.&#8221;<\/p>\n<p>Lai turpin\u0101tu las\u012bt, ieg\u0101d\u0101jies abonementu.<\/p>\n<p class=\"fs-4\">L\u016bdzu, uzgaidi!<\/p>\n<p class=\"fs-5\">Piel\u0101gojam Tev piem\u0113rot\u0101ko abon\u0113\u0161anas pied\u0101v\u0101jumu&#8230;<\/p>\n<p class=\"lh-1 fs-6 text-muted pt-3 mt-5\">Abon\u0113\u0161anas pied\u0101v\u0101jums nav redzams? L\u016bdzu, izsl\u0113dz rekl\u0101mu blo\u0137\u0113t\u0101ju vai  p\u0101rl\u0101d\u0113 lapu.<br \/>Jaut\u0101jumu gad\u012bjum\u0101 raksti <a href=\"https:\/\/www.delfi.lv\/46713439\/arzemes\/120097482\/mailto:konts@delfi.lv\" class=\"text-primary\" rel=\"nofollow noopener\" target=\"_blank\">konts@delfi.lv<\/a><\/p>\n<p class=\"m-0\">Seko &#8220;Delfi&#8221; ar\u012b  <a target=\"_blank\" href=\"https:\/\/www.instagram.com\/delfi.lv\/\" rel=\"nofollow noopener\">Instagram<\/a>  un <a target=\"_blank\" href=\"https:\/\/www.youtube.com\/channel\/UCw5foWtcJvAbUm64rv7jwUQ\" rel=\"nofollow noopener\">YouTube<\/a>  profil\u0101 \u2013 pievienojies, lai uzzin\u0101tu svar\u012bg\u0101ko un interesant\u0101ko pirmais!<\/p>\n<p>Publik\u0101cijas saturs vai t\u0101s jebk\u0101da apjoma da\u013ca ir aizsarg\u0101ts autorties\u012bbu objekts Autorties\u012bbu likuma izpratn\u0113, un t\u0101 izmanto\u0161ana bez izdev\u0113ja at\u013caujas ir aizliegta. Vair\u0101k lasi  <a target=\"_blank\" href=\"https:\/\/www.delfi.lv\/noteikumi#autortiesibas\" rel=\"nofollow noopener\">\u0161eit<\/a><script async src=\"\/\/www.instagram.com\/embed.js\"><\/script><\/p>\n","protected":false},"excerpt":{"rendered":"Krievija pirmdien pazi\u0146oja, ka it k\u0101 esot ie\u0146\u0113musi Ukrainas strat\u0113\u0123iski noz\u012bm\u012bgo Pokrovsku, pat public\u0113jot video, kur\u0101 redzami okupantu&hellip;\n","protected":false},"author":2,"featured_media":64375,"comment_status":"","ping_status":"","sticky":false,"template":"","format":"standard","meta":{"footnotes":""},"categories":[14],"tags":[23,57,292,28,29,32,33,22,234,30,31,35,39,38,36,37,34,40,20,4955,26,27,24,25,276,54,55,56,21,58],"class_list":{"0":"post-64374","1":"post","2":"type-post","3":"status-publish","4":"format-standard","5":"has-post-thumbnail","7":"category-zinas-no-arvalstim","8":"tag-aktualitates","9":"tag-arvalstim","10":"tag-asv","11":"tag-breaking-news","12":"tag-breakingnews","13":"tag-featured-news","14":"tag-featurednews","15":"tag-headlines","16":"tag-krievija","17":"tag-latest-news","18":"tag-latestnews","19":"tag-latvia","20":"tag-latvian","21":"tag-latviesu","22":"tag-latviesu-valoda","23":"tag-latviesuvaloda","24":"tag-latvija","25":"tag-lv","26":"tag-news","27":"tag-par-aktualo","28":"tag-popularakas-zinas","29":"tag-popularakaszinas","30":"tag-top-stories","31":"tag-topstories","32":"tag-ukraina","33":"tag-world","34":"tag-world-news","35":"tag-worldnews","36":"tag-zinas","37":"tag-zinas-no-arvalstim"},"share_on_mastodon":{"url":"https:\/\/pubeurope.com\/@lv\/115654341635105656","error":""},"_links":{"self":[{"href":"https:\/\/www.europesays.com\/lv\/wp-json\/wp\/v2\/posts\/64374","targetHints":{"allow":["GET"]}}],"collection":[{"href":"https:\/\/www.europesays.com\/lv\/wp-json\/wp\/v2\/posts"}],"about":[{"href":"https:\/\/www.europesays.com\/lv\/wp-json\/wp\/v2\/types\/post"}],"author":[{"embeddable":true,"href":"https:\/\/www.europesays.com\/lv\/wp-json\/wp\/v2\/users\/2"}],"replies":[{"embeddable":true,"href":"https:\/\/www.europesays.com\/lv\/wp-json\/wp\/v2\/comments?post=64374"}],"version-history":[{"count":0,"href":"https:\/\/www.europesays.com\/lv\/wp-json\/wp\/v2\/posts\/64374\/revisions"}],"wp:featuredmedia":[{"embeddable":true,"href":"https:\/\/www.europesays.com\/lv\/wp-json\/wp\/v2\/media\/64375"}],"wp:attachment":[{"href":"https:\/\/www.europesays.com\/lv\/wp-json\/wp\/v2\/media?parent=64374"}],"wp:term":[{"taxonomy":"category","embeddable":true,"href":"https:\/\/www.europesays.com\/lv\/wp-json\/wp\/v2\/categories?post=64374"},{"taxonomy":"post_tag","embeddable":true,"href":"https:\/\/www.europesays.com\/lv\/wp-json\/wp\/v2\/tags?post=64374"}],"curies":[{"name":"wp","href":"https:\/\/api.w.org\/{rel}","templated":true}]}}