{"id":64391,"date":"2025-12-03T07:13:13","date_gmt":"2025-12-03T07:13:13","guid":{"rendered":"https:\/\/www.europesays.com\/lv\/64391\/"},"modified":"2025-12-03T07:13:13","modified_gmt":"2025-12-03T07:13:13","slug":"radiohead-koncerti-kopenhagena-parcelti-vai-vari-atgut-naudu-par-biletem-lidojumu-un-viesnicu","status":"publish","type":"post","link":"https:\/\/www.europesays.com\/lv\/64391\/","title":{"rendered":"&#8220;Radiohead&#8221; koncerti Kopenh\u0101gen\u0101 p\u0101rcelti \u2013 vai vari atg\u016bt naudu par bi\u013cet\u0113m, lidojumu un viesn\u012bcu?"},"content":{"rendered":"<p>Fani vis\u0101 Eirop\u0101 jau laikus bija sar\u016bp\u0113ju\u0161i bi\u013cetes uz &#8220;<a rel=\"noopener nofollow\" target=\"_blank\" href=\"https:\/\/www.delfi.lv\/temas\/41185083\/radiohead\" tag-id=\"41185083\">Radiohead<\/a>&#8221; <a rel=\"noopener nofollow\" target=\"_blank\" href=\"https:\/\/www.delfi.lv\/temas\/44548760\/koncerti\" tag-id=\"44548760\">koncertiem<\/a>, kuras ieg\u016bt nemaz nebija tik vienk\u0101r\u0161i, ta\u010du divi grupas koncerti <a rel=\"noopener nofollow\" target=\"_blank\" href=\"https:\/\/www.delfi.lv\/temas\/44072943\/kopenhagena\" tag-id=\"44072943\">Kopenh\u0101genas<\/a> &#8220;Royal Arena&#8221;, kas bija pl\u0101noti 1. un 2. decembr\u012b, p\u0101rcelti uz 15. un 16. decembri. K\u0101 tiek zi\u0146ots, grupas solistam Tomam Jorkam diagnostic\u0113ta smaga kakla infekcija, kas pagaid\u0101m liedz vi\u0146am dzied\u0101t. <\/p>\n<p>Da\u013cai fanu tas noz\u012bm\u0113, ka sapnis par ilgi gaid\u012btu koncertu pagaid\u0101m izk\u016bp\u0113jis, citiem \u2013 ar\u012b vair\u0101ku simtu eiro zaud\u0113jumus par jau apmaks\u0101tiem lidojumiem un viesn\u012bc\u0101m. K\u0101das ir pat\u0113r\u0113t\u0101ju ties\u012bbas attiec\u012bb\u0101 uz bi\u013ce\u0161u atmaksu un kuros gad\u012bjumos gl\u0101bt var ce\u013cojumu apdro\u0161in\u0101\u0161ana?<\/p>\n<p>P\u0113c inform\u0101cijas &#8220;Radiohead&#8221; <a rel=\"noopener nofollow\" target=\"_blank\" href=\"https:\/\/www.radiohead.com\/deadairspace\" data-rel-date-range=\"[]\">t\u012bmek\u013cvietn\u0113<\/a>, Kopenh\u0101genas koncerti 1. un 2. decembr\u012b ir p\u0101rcelti uz 15. un 16. decembri, un visas ieg\u0101d\u0101t\u0101s bi\u013cetes autom\u0101tiski k\u013c\u016bst der\u012bgas jaunajos datumos. Organizatori nor\u0101da, ka &#8220;Ticketmaster Danmark&#8221; sazin\u0101sies ar visiem bi\u013ce\u0161u pirc\u0113jiem, un skat\u012bt\u0101ji, kuri jaunajos datumos ierasties nevar, tiek aicin\u0101ti v\u0113rsties pie sava bi\u013ce\u0161u p\u0101rdev\u0113ja, lai piepras\u012btu naudas atmaksu.<\/p>\n<p class=\"MsoNormal\">Ja pas\u0101kuma datums tiek b\u016btiski main\u012bts, pat\u0113r\u0113t\u0101js nav spiests pie\u0146emt jauno datumu un vi\u0146am ir ties\u012bbas pras\u012bt vismaz bi\u013cetes nomin\u0101lv\u0113rt\u012bbas atmaksu, lai gan apkalpo\u0161anas un servisa maksas bie\u017ei netiek atgrieztas un konkr\u0113t\u0101s ties\u012bbas ir atkar\u012bgas no attiec\u012bg\u0101s valsts likumiem un l\u012bguma nosac\u012bjumiem.<\/p>\n<p class=\"MsoNormal\">Savuk\u0101rt ar lidojumiem un viesn\u012bc\u0101m situ\u0101cija parasti ir daudz skarb\u0101ka. ES <a rel=\"noopener nofollow\" target=\"_blank\" href=\"https:\/\/europa.eu\/youreurope\/citizens\/travel\/passenger-rights\/air\/index_en.htm\" data-rel-date-range=\"[]\">regula <\/a>aizsarg\u0101 pasa\u017eierus, ja lidojums tiek atcelts, b\u016btiski kav\u0113jas vai tiek atteikta iek\u0101p\u0161ana, ta\u010du t\u0101 neparedz nek\u0101das \u012bpa\u0161as ties\u012bbas gad\u012bjumos, kad galam\u0113r\u0137\u012b p\u0113k\u0161\u0146i tiek atcelts vai p\u0101rcelts <a rel=\"noopener nofollow\" target=\"_blank\" href=\"https:\/\/www.delfi.lv\/temas\/44184351\/koncerts\" tag-id=\"44184351\">koncerts<\/a> vai cits pas\u0101kums.<\/p>\n<p class=\"MsoNormal\">Ja avioreiss notiek k\u0101 pl\u0101nots, aviokomp\u0101nijai saska\u0146\u0101 ar \u0161o regulu nav pien\u0101kuma kompens\u0113t lidojumu \u2013 jebkura papildu pretimn\u0101k\u0161ana \u0161\u0101d\u0101 situ\u0101cij\u0101 ir labas gribas \u017eests. Ar\u012b viesn\u012bcu gad\u012bjum\u0101 sp\u0113k\u0101 paliek tas, kas uzrakst\u012bts rezerv\u0101cijas noteikumos \u2013 atmaks\u0101jama vai neatmaks\u0101jama summa.<\/p>\n<p class=\"MsoNormal\">Da\u017ek\u0101rt gl\u0101bt var ce\u013cojumu apdro\u0161in\u0101\u0161ana, ta\u010du standarta polises parasti kompens\u0113 ce\u013cojuma atcel\u0161anu vai p\u0101rtrauk\u0161anu tikai tad, ja iest\u0101jies k\u0101ds no konkr\u0113ti polis\u0113 uzskait\u012btiem iemesliem \u2013 smaga saslim\u0161ana, nelaimes gad\u012bjums, tuvinieka n\u0101ve, nopietns kait\u0113jums m\u0101joklim u.tml. Atsevi\u0161\u0137\u0101s polis\u0113s k\u0101 apdro\u0161in\u0101tais risks var b\u016bt ar\u012b koncerta atcel\u0161ana, bet tam ir skaidri j\u0101b\u016bt rakst\u012btam noteikumos.<\/p>\n<p class=\"MsoNormal\">Past\u0101v ar\u012b specializ\u0113tas &#8220;event&#8221; vai &#8220;trip cancellation&#8221; papildu izv\u0113les, kas apdro\u0161ina festiv\u0101lu un koncertu bi\u013cetes un da\u017ek\u0101rt sedz ar\u012b da\u013cu no ce\u013ca izdevumiem, ta\u010du t\u0101s parasti j\u0101ieg\u0101d\u0101jas laikus, un r\u016bp\u012bgi j\u0101izlasa, vai segta ir tikai atcel\u0161ana un pa\u0161a ce\u013cot\u0101ja nesp\u0113ja ierasties, vai ar\u012b pas\u0101kuma p\u0101rcel\u0161ana uz citu datumu.<\/p>\n<p>Ko dar\u012bt?<\/p>\n<p class=\"MsoNormal\">Vispirms j\u0101v\u0113r\u0161as pie &#8220;Ticketmaster Danmark&#8221; vai cita ofici\u0101l\u0101 bi\u013ce\u0161u p\u0101rdev\u0113ja un j\u0101pieprasa bi\u013ce\u0161u atmaksu, glab\u0101jot visas sarakstes un pirkuma apliecin\u0101jumus (r\u0113\u0137inus, izrakstus, ekr\u0101nuz\u0146\u0113mumus).<\/p>\n<p class=\"MsoNormal\">P\u0113c tam j\u0101p\u0101rbauda sava ce\u013cojumu apdro\u0161in\u0101\u0161anas polise \u2013 vai taj\u0101 visp\u0101r ir ce\u013cojuma\/bi\u013ce\u0161u atcel\u0161ana un vai koncertu atcel\u0161ana vai p\u0101rcel\u0161ana polis\u0113 ir skaidri atz\u012bta par apdro\u0161in\u0101\u0161anas gad\u012bjumu.<\/p>\n<p class=\"MsoNormal\">Ar aviokomp\u0101nij\u0101m un viesn\u012bcu var m\u0113\u0123in\u0101t vienoties par datuma mai\u0146u vai da\u013c\u0113ju atmaksu, ta\u010du gad\u012bjumos, kad lidojums notiek k\u0101 pl\u0101nots un viesn\u012bca ir gatava sniegt rezerv\u0113to pakalpojumu, \u013coti iesp\u0113jams, ka kompens\u0101ciju var ar\u012b nesa\u0146emt. J\u0101p\u0101rbauda ar\u012b, k\u0101di rezerv\u0101cijas noteikumos ir min\u0113ti kompens\u0101cijas izmaksas gad\u012bjumi.<\/p>\n<p class=\"m-0\">Seko &#8220;Delfi&#8221; ar\u012b  <a target=\"_blank\" href=\"https:\/\/www.instagram.com\/delfi.lv\/\" rel=\"nofollow noopener\">Instagram<\/a>  un <a target=\"_blank\" href=\"https:\/\/www.youtube.com\/channel\/UCw5foWtcJvAbUm64rv7jwUQ\" rel=\"nofollow noopener\">YouTube<\/a>  profil\u0101 \u2013 pievienojies, lai uzzin\u0101tu svar\u012bg\u0101ko un interesant\u0101ko pirmais!<\/p>\n<p>Publik\u0101cijas saturs vai t\u0101s jebk\u0101da apjoma da\u013ca ir aizsarg\u0101ts autorties\u012bbu objekts Autorties\u012bbu likuma izpratn\u0113, un t\u0101 izmanto\u0161ana bez izdev\u0113ja at\u013caujas ir aizliegta. Vair\u0101k lasi  <a target=\"_blank\" href=\"https:\/\/www.delfi.lv\/noteikumi#autortiesibas\" rel=\"nofollow noopener\">\u0161eit<\/a><script async src=\"\/\/www.instagram.com\/embed.js\"><\/script><\/p>\n","protected":false},"excerpt":{"rendered":"Fani vis\u0101 Eirop\u0101 jau laikus bija sar\u016bp\u0113ju\u0161i bi\u013cetes uz &#8220;Radiohead&#8221; koncertiem, kuras ieg\u016bt nemaz nebija tik vienk\u0101r\u0161i, ta\u010du&hellip;\n","protected":false},"author":2,"featured_media":64392,"comment_status":"","ping_status":"","sticky":false,"template":"","format":"standard","meta":{"footnotes":""},"categories":[19],"tags":[89,90,2017,202,16822,35,39,38,36,37,34,40,16821],"class_list":{"0":"post-64391","1":"post","2":"type-post","3":"status-publish","4":"format-standard","5":"has-post-thumbnail","7":"category-izklaide","8":"tag-entertainment","9":"tag-izklaide","10":"tag-koncerti","11":"tag-koncerts","12":"tag-kopenhagena","13":"tag-latvia","14":"tag-latvian","15":"tag-latviesu","16":"tag-latviesu-valoda","17":"tag-latviesuvaloda","18":"tag-latvija","19":"tag-lv","20":"tag-radiohead"},"share_on_mastodon":{"url":"https:\/\/pubeurope.com\/@lv\/115654400634897917","error":""},"_links":{"self":[{"href":"https:\/\/www.europesays.com\/lv\/wp-json\/wp\/v2\/posts\/64391","targetHints":{"allow":["GET"]}}],"collection":[{"href":"https:\/\/www.europesays.com\/lv\/wp-json\/wp\/v2\/posts"}],"about":[{"href":"https:\/\/www.europesays.com\/lv\/wp-json\/wp\/v2\/types\/post"}],"author":[{"embeddable":true,"href":"https:\/\/www.europesays.com\/lv\/wp-json\/wp\/v2\/users\/2"}],"replies":[{"embeddable":true,"href":"https:\/\/www.europesays.com\/lv\/wp-json\/wp\/v2\/comments?post=64391"}],"version-history":[{"count":0,"href":"https:\/\/www.europesays.com\/lv\/wp-json\/wp\/v2\/posts\/64391\/revisions"}],"wp:featuredmedia":[{"embeddable":true,"href":"https:\/\/www.europesays.com\/lv\/wp-json\/wp\/v2\/media\/64392"}],"wp:attachment":[{"href":"https:\/\/www.europesays.com\/lv\/wp-json\/wp\/v2\/media?parent=64391"}],"wp:term":[{"taxonomy":"category","embeddable":true,"href":"https:\/\/www.europesays.com\/lv\/wp-json\/wp\/v2\/categories?post=64391"},{"taxonomy":"post_tag","embeddable":true,"href":"https:\/\/www.europesays.com\/lv\/wp-json\/wp\/v2\/tags?post=64391"}],"curies":[{"name":"wp","href":"https:\/\/api.w.org\/{rel}","templated":true}]}}