{"id":64444,"date":"2025-12-03T08:22:10","date_gmt":"2025-12-03T08:22:10","guid":{"rendered":"https:\/\/www.europesays.com\/lv\/64444\/"},"modified":"2025-12-03T08:22:10","modified_gmt":"2025-12-03T08:22:10","slug":"canucks-bez-blugera-ierinda-zaude-nhl-lidervienibai","status":"publish","type":"post","link":"https:\/\/www.europesays.com\/lv\/64444\/","title":{"rendered":"&#8220;Canucks&#8221; bez B\u013cugera ierind\u0101 zaud\u0113 NHL l\u012bdervien\u012bbai"},"content":{"rendered":"<p>&#8220;Canucks&#8221;, kas joproj\u0101m sp\u0113l\u0113 bez savainot\u0101 B\u013cugera, \u0161\u012b bija sest\u0101 neveiksme p\u0113d\u0113jos septi\u0146os ma\u010dos, savuk\u0101rt &#8220;Avalanche&#8221; pie punktiem tika jau 17. sp\u0113l\u0113 p\u0113c k\u0101rtas, kas ir vien\u012bbas otra gar\u0101k\u0101 iekr\u0101to punktu s\u0113rija kluba v\u0113stur\u0113.<\/p>\n<p>B\u013cugers \u0161osezon traumu d\u0113\u013c piedal\u012bjies tikai div\u0101s NHL sp\u0113l\u0113s, kur\u0101s izc\u0113lies ar vienu v\u0101rtu guvumu. P\u0113d\u0113jo reizi laukum\u0101 31 gadu vecais latvie\u0161u uzbruc\u0113js dev\u0101s oktobra vid\u016b.<\/p>\n<p>Otrdienas ma\u010d\u0101 m\u0101jinieku rind\u0101s divus v\u0101rtus guva <a href=\"https:\/\/sports.tvnet.lv\/term\/812049\/neitans-makinons\" class=\"topicLink\" target=\"_blank\" rel=\"nofollow noopener\">Neitans Makinons<\/a>, kur\u0161 ar 22 prec\u012bziem metieniem ir \u0161\u012bs sezonas lab\u0101kais l\u012bgas snaiperis, bet vienus v\u0101rtus guva Broks Nelsons.<\/p>\n<p>&#8220;Canucks&#8221; vien\u012bgo ripu m\u0101jinieku v\u0101rtos nog\u0101d\u0101ja L\u012bnuss K\u0101rlsons.<\/p>\n<p>Vank\u016bveras vien\u012bba ar 23 punktiem 27 sp\u0113l\u0113s ie\u0146em 14. vietu Rietumu konferenc\u0113 un n\u0101kamo ma\u010du aizvad\u012bs nakt\u012b uz sestdienu p\u0113c Latvijas laika, kad sav\u0101 laukum\u0101 uz\u0146ems J\u016btas &#8220;Mammoth&#8221; hokejistus.<\/p>\n","protected":false},"excerpt":{"rendered":"&#8220;Canucks&#8221;, kas joproj\u0101m sp\u0113l\u0113 bez savainot\u0101 B\u013cugera, \u0161\u012b bija sest\u0101 neveiksme p\u0113d\u0113jos septi\u0146os ma\u010dos, savuk\u0101rt &#8220;Avalanche&#8221; pie punktiem&hellip;\n","protected":false},"author":2,"featured_media":64445,"comment_status":"","ping_status":"","sticky":false,"template":"","format":"standard","meta":{"footnotes":""},"categories":[17],"tags":[836,838,394,721,8970,35,39,38,36,37,34,40,12632,67,2695,1186],"class_list":{"0":"post-64444","1":"post","2":"type-post","3":"status-publish","4":"format-standard","5":"has-post-thumbnail","7":"category-sports","8":"tag-hokeja-jaunumi","9":"tag-hokejisti-arzemes","10":"tag-hokejs","11":"tag-hokejs-pasaule","12":"tag-kolorado-avalanche","13":"tag-latvia","14":"tag-latvian","15":"tag-latviesu","16":"tag-latviesu-valoda","17":"tag-latviesuvaloda","18":"tag-latvija","19":"tag-lv","20":"tag-neitans-makinons","21":"tag-sports","22":"tag-teodors-blugers","23":"tag-vankuveras-canucks"},"share_on_mastodon":{"url":"https:\/\/pubeurope.com\/@lv\/115654671935469906","error":""},"_links":{"self":[{"href":"https:\/\/www.europesays.com\/lv\/wp-json\/wp\/v2\/posts\/64444","targetHints":{"allow":["GET"]}}],"collection":[{"href":"https:\/\/www.europesays.com\/lv\/wp-json\/wp\/v2\/posts"}],"about":[{"href":"https:\/\/www.europesays.com\/lv\/wp-json\/wp\/v2\/types\/post"}],"author":[{"embeddable":true,"href":"https:\/\/www.europesays.com\/lv\/wp-json\/wp\/v2\/users\/2"}],"replies":[{"embeddable":true,"href":"https:\/\/www.europesays.com\/lv\/wp-json\/wp\/v2\/comments?post=64444"}],"version-history":[{"count":0,"href":"https:\/\/www.europesays.com\/lv\/wp-json\/wp\/v2\/posts\/64444\/revisions"}],"wp:featuredmedia":[{"embeddable":true,"href":"https:\/\/www.europesays.com\/lv\/wp-json\/wp\/v2\/media\/64445"}],"wp:attachment":[{"href":"https:\/\/www.europesays.com\/lv\/wp-json\/wp\/v2\/media?parent=64444"}],"wp:term":[{"taxonomy":"category","embeddable":true,"href":"https:\/\/www.europesays.com\/lv\/wp-json\/wp\/v2\/categories?post=64444"},{"taxonomy":"post_tag","embeddable":true,"href":"https:\/\/www.europesays.com\/lv\/wp-json\/wp\/v2\/tags?post=64444"}],"curies":[{"name":"wp","href":"https:\/\/api.w.org\/{rel}","templated":true}]}}