{"id":64450,"date":"2025-12-03T08:33:20","date_gmt":"2025-12-03T08:33:20","guid":{"rendered":"https:\/\/www.europesays.com\/lv\/64450\/"},"modified":"2025-12-03T08:33:20","modified_gmt":"2025-12-03T08:33:20","slug":"intars-busulis-radijis-dziesmu-par-svetku-sajutu-ko-pelnijis-sajust-ikviens","status":"publish","type":"post","link":"https:\/\/www.europesays.com\/lv\/64450\/","title":{"rendered":"Intars Busulis rad\u012bjis dziesmu par sv\u0113tku saj\u016btu, ko peln\u012bjis sajust ikviens"},"content":{"rendered":"<p>\u0160aj\u0101 sv\u0113tku laik\u0101 Intars Busulis un Abonementa or\u0137estris klaus\u012bt\u0101jiem d\u0101vina jaunu kompoz\u012bciju &#8220;Gl\u012bt\u0101&#8221; un aicina uz Ziemassv\u0113tku koncertiem &#8220;Kadi\u0137\u012b\u0161u ielok\u0101\u2026&#8221;.<\/p>\n<p>Intars Busulis ir rad\u012bjis dziesmu par sv\u0113tku saj\u016btu, ko peln\u012bjis sajust ikviens.<\/p>\n<p>&#8220;\u0160is ir laiks, kad \u012bpa\u0161i nov\u0113rt\u0113jam savus m\u012b\u013cos cilv\u0113kus \u2013 viss k\u013c\u016bst t\u0101ds trausl\u0101ks un silt\u0101ks. <\/p>\n<blockquote><p>Ar \u0161\u012bs dziesmas izn\u0101k\u0161anu, es aicinu ikvienu izr\u0101d\u012bt vair\u0101k r\u016bpju, vair\u0101k siltuma un d\u0101v\u0101t dro\u0161\u012bbas saj\u016btu, <\/p><\/blockquote>\n<p>lai mums apk\u0101rt vairojas tikai lab\u0101s emocijas, lai ar\u012b cik ban\u0101li tas skan.&#8221;<\/p>\n<p>Dziesmas &#8220;Gl\u012bt\u0101&#8221; m\u016bzikas autors ir Intars Busulis, teksta autors \u2013 Marts Puj\u0101ts, bet producents \u2013 Reinis S\u0113j\u0101ns. Ska\u0146darba ierakst\u0101 piedal\u0101s Abonementa or\u0137estra m\u016bzi\u0137i: K\u0101rlis L\u0101cis, Kaspars Zem\u012btis, Vineta L\u0101ce, Kar\u012bna Rasa, Edv\u012bns Ozols, M\u0101ris J\u0113kabsons, Kaspars Grigalis, Alise Kante un Krist\u012bne Pastare.<\/p>\n<p>\u0160o un daudzas citas sirsn\u012bgas dziesmas klaus\u012bt\u0101ji var\u0113s izbaud\u012bt ar\u012b vair\u0101kos sirsn\u012bgos Ziemassv\u0113tku koncertos, kurus Intars Busulis un Abonementa or\u0137estris veido pirmo reizi.<\/p>\n<p>Ziemassv\u0113tku koncertos izskan\u0113s gan labi zin\u0101mas Intara Busu\u013ca un K\u0101r\u013ca L\u0101\u010da kompoz\u012bcijas, gan ar\u012b citu Abonementa or\u0137estra m\u016bzi\u0137u rad\u012bti jaundarbi, k\u0101 ar\u012b iem\u012b\u013cotas Ziemassv\u0113tku melodijas jaun\u0101s interpret\u0101cij\u0101s.<\/p>\n<p>Koncerti norisin\u0101sies \u010detr\u0101s norises viet\u0101s:<\/p>\n<p>17. un 18.decembr\u012b Liep\u0101j\u0101, koncertz\u0101l\u0113 &#8220;Lielais dzintars&#8221;, plkst. 19.00<\/p>\n<p>23. decembr\u012b R\u012bg\u0101, Dailes te\u0101tr\u012b, plkst. 14.00 un 19.00<\/p>\n<p>25. decembr\u012b C\u0113s\u012bs, Vidzemes koncertz\u0101l\u0113 &#8220;C\u0113sis&#8221;, plkst. 14.00 un 19.00<\/p>\n<p>27. decembr\u012b R\u0113zekn\u0113, Latgales v\u0113stniec\u012bb\u0101 &#8220;Gors&#8221;, plkst. 18.00 (koncerts IZP\u0100RDOTS)<\/p>\n<p>Kop\u0101 ar Intaru Busuli uzst\u0101sies izcilu m\u016bzi\u0137u sast\u0101vs \u2013 pianists K\u0101rlis L\u0101cis, saksofonsts M\u0101ris J\u0113kabsons, \u0123it\u0101rists Kaspars Zem\u012btis, bas\u0123it\u0101rists Edv\u012bns Ozols, bundzinieks Mi\u0137elis V\u012bte un sp\u0113c\u012bgas vok\u0101listes \u2013 Vineta L\u0101ce, Kar\u012bna Rasa, Alise Kante un Krist\u012bne Pastare.<\/p>\n<p><img decoding=\"async\" src=\"https:\/\/www.europesays.com\/lv\/wp-content\/uploads\/2025\/12\/fbd6623f4af1477866d6b0c41ec85a4b.png\" title=\"Foto: ekr\u0101nuz\u0146\u0113mums no Intars Busulis\/ Youtube\" alt=\"Foto: ekr\u0101nuz\u0146\u0113mums no Intars Busulis\/ Youtube\"\/><\/p>\n<p class=\"article-img-desc\">Foto: ekr\u0101nuz\u0146\u0113mums no Intars Busulis\/ Youtube<\/p>\n","protected":false},"excerpt":{"rendered":"\u0160aj\u0101 sv\u0113tku laik\u0101 Intars Busulis un Abonementa or\u0137estris klaus\u012bt\u0101jiem d\u0101vina jaunu kompoz\u012bciju &#8220;Gl\u012bt\u0101&#8221; un aicina uz Ziemassv\u0113tku koncertiem&hellip;\n","protected":false},"author":2,"featured_media":64451,"comment_status":"","ping_status":"","sticky":false,"template":"","format":"standard","meta":{"footnotes":""},"categories":[19],"tags":[129,16825,2239,7342,89,90,35,39,38,36,37,34,40,16826,2240,7343,16827,2241,7344],"class_list":{"0":"post-64450","1":"post","2":"type-post","3":"status-publish","4":"format-standard","5":"has-post-thumbnail","7":"category-izklaide","8":"tag-__typenameadvicekeyword","9":"tag-id490","10":"tag-id93","11":"tag-id943","12":"tag-entertainment","13":"tag-izklaide","14":"tag-latvia","15":"tag-latvian","16":"tag-latviesu","17":"tag-latviesu-valoda","18":"tag-latviesuvaloda","19":"tag-latvija","20":"tag-lv","21":"tag-slugintars-busulis","22":"tag-slugmusic","23":"tag-slugsvetki","24":"tag-titleintars-busulis","25":"tag-titlemusic","26":"tag-titlesvetki"},"share_on_mastodon":{"url":"https:\/\/pubeurope.com\/@lv\/115654715661446109","error":""},"_links":{"self":[{"href":"https:\/\/www.europesays.com\/lv\/wp-json\/wp\/v2\/posts\/64450","targetHints":{"allow":["GET"]}}],"collection":[{"href":"https:\/\/www.europesays.com\/lv\/wp-json\/wp\/v2\/posts"}],"about":[{"href":"https:\/\/www.europesays.com\/lv\/wp-json\/wp\/v2\/types\/post"}],"author":[{"embeddable":true,"href":"https:\/\/www.europesays.com\/lv\/wp-json\/wp\/v2\/users\/2"}],"replies":[{"embeddable":true,"href":"https:\/\/www.europesays.com\/lv\/wp-json\/wp\/v2\/comments?post=64450"}],"version-history":[{"count":0,"href":"https:\/\/www.europesays.com\/lv\/wp-json\/wp\/v2\/posts\/64450\/revisions"}],"wp:featuredmedia":[{"embeddable":true,"href":"https:\/\/www.europesays.com\/lv\/wp-json\/wp\/v2\/media\/64451"}],"wp:attachment":[{"href":"https:\/\/www.europesays.com\/lv\/wp-json\/wp\/v2\/media?parent=64450"}],"wp:term":[{"taxonomy":"category","embeddable":true,"href":"https:\/\/www.europesays.com\/lv\/wp-json\/wp\/v2\/categories?post=64450"},{"taxonomy":"post_tag","embeddable":true,"href":"https:\/\/www.europesays.com\/lv\/wp-json\/wp\/v2\/tags?post=64450"}],"curies":[{"name":"wp","href":"https:\/\/api.w.org\/{rel}","templated":true}]}}