{"id":64506,"date":"2025-12-03T09:27:09","date_gmt":"2025-12-03T09:27:09","guid":{"rendered":"https:\/\/www.europesays.com\/lv\/64506\/"},"modified":"2025-12-03T09:27:09","modified_gmt":"2025-12-03T09:27:09","slug":"zinama-kluba-depo-jauna-adrese","status":"publish","type":"post","link":"https:\/\/www.europesays.com\/lv\/64506\/","title":{"rendered":"Zin\u0101ma kluba &#8220;Depo&#8221; jaun\u0101 adrese"},"content":{"rendered":"<p><a href=\"https:\/\/www.apollo.lv\/term\/593321\/klubs\" class=\"topicLink\" target=\"_blank\" rel=\"nofollow noopener\">Klubs<\/a> &#8220;Depo&#8221; uzsver, ka darbi v\u0113l rit piln\u0101 spar\u0101.<\/p>\n<p>Guntis Vanags novembr\u012b a\u0123ent\u016brai LETA nor\u0101d\u012bja, ka jaunaj\u0101s telp\u0101s vajadz\u012bgs neliels remonts, t\u0101pat veiksm\u012bgai kluba darb\u012bbai vajadz\u012bga jauna gaismas un ska\u0146as sist\u0113ma.<\/p>\n<p>Jaun\u0101s telpas mekl\u0113tas aptuveni tr\u012bs gadus.<\/p>\n<p>Vi\u0146\u0161 kl\u0101st\u012bja, ka \u0113ka Va\u013c\u0146u iel\u0101 bija nolaista un nevienam nebija v\u0113lmes to savest k\u0101rt\u012bb\u0101. Vanags atzina, ka ir priec\u012bgs par iesp\u0113ju turpin\u0101t kluba &#8220;Depo&#8221; darb\u012bbu citviet. Lai gan telpas Va\u013c\u0146u iel\u0101 bija iem\u012b\u013cotas, taj\u0101s k\u013cuvis arvien gr\u016bt\u0101k str\u0101d\u0101t.<\/p>\n<p>Run\u0101jot par kluba darb\u012bbas turpin\u0101\u0161anu, Vanags sac\u012bja, ka l\u012bgums ar jauno telpu \u012bpa\u0161nieku jau ir nosl\u0113gts. Ja viss norit\u0113s atbilsto\u0161i iecer\u0113tajam, klubs durvis apmekl\u0113t\u0101jiem var\u0113tu v\u0113rt l\u012bdz gada beig\u0101m. Vi\u0146\u0161 atz\u012bm\u0113ja, ka jaunaj\u0101s telp\u0101s b\u016bs liel\u0101ka un lab\u0101ka skatuve, k\u0101 ar\u012b \u0113rt\u0101ka skat\u012bt\u0101ju z\u0101le.<\/p>\n<p>&#8220;Pie\u013caujam, ka jaunaj\u0101s telp\u0101s var\u0113tu uzst\u0101ties noz\u012bm\u012bg\u0101ki pa\u0161m\u0101ju un \u0101rzemju viesi. Iesp\u0113jams, notiks ar\u012b elektronisk\u0101s m\u016bzikas pas\u0101kumi,&#8221; teica Vanags.<\/p>\n<p>Tom\u0113r vienlaikus &#8220;Depo&#8221; palik\u0161ot k\u0101 skatuve ar\u012b jaunajiem m\u016bzi\u0137iem. T\u0101pat klub\u0101 uzst\u0101sies maz zin\u0101mas, bet labas \u0101rvalstu grupas.<\/p>\n<p>P\u016b\u013ca finans\u0113\u0161anas kampa\u0146a norisin\u0101s platform\u0101 &#8220;4fund.com&#8221;. Patlaban no 20 000 eiro ir sav\u0101kti 1335 eiro.<\/p>\n<p>LETA jau v\u0113st\u012bja, ka vald\u012bba at\u013c\u0101va VAS &#8220;Valsts nekustamie \u012bpa\u0161umi (VN\u012a) p\u0101rdot \u0113ku Va\u013c\u0146u iel\u0101 32. VN\u012a secin\u0101jusi, ka \u0113kai nepiecie\u0161ams pilns atjauno\u0161anas projekts, kura izmaksas var\u0113tu veidot \u010detrus miljonus eiro. Oktobr\u012b VN\u012a r\u012bkotaj\u0101 izsol\u0113 \u0113ka p\u0101rdota par 1 569 484 eiro. \u0112ku ieg\u0101d\u0101jusies juridiska persona.<\/p>\n","protected":false},"excerpt":{"rendered":"Klubs &#8220;Depo&#8221; uzsver, ka darbi v\u0113l rit piln\u0101 spar\u0101. Guntis Vanags novembr\u012b a\u0123ent\u016brai LETA nor\u0101d\u012bja, ka jaunaj\u0101s telp\u0101s&hellip;\n","protected":false},"author":2,"featured_media":64507,"comment_status":"","ping_status":"","sticky":false,"template":"","format":"standard","meta":{"footnotes":""},"categories":[5],"tags":[23,28,29,16836,32,33,22,16837,30,31,35,39,38,36,37,34,40,20,26,27,24,25,581,21],"class_list":{"0":"post-64506","1":"post","2":"type-post","3":"status-publish","4":"format-standard","5":"has-post-thumbnail","7":"category-aktualitates","8":"tag-aktualitates","9":"tag-breaking-news","10":"tag-breakingnews","11":"tag-depo","12":"tag-featured-news","13":"tag-featurednews","14":"tag-headlines","15":"tag-klubs","16":"tag-latest-news","17":"tag-latestnews","18":"tag-latvia","19":"tag-latvian","20":"tag-latviesu","21":"tag-latviesu-valoda","22":"tag-latviesuvaloda","23":"tag-latvija","24":"tag-lv","25":"tag-news","26":"tag-popularakas-zinas","27":"tag-popularakaszinas","28":"tag-top-stories","29":"tag-topstories","30":"tag-vecriga","31":"tag-zinas"},"share_on_mastodon":{"url":"https:\/\/pubeurope.com\/@lv\/115654927728611189","error":""},"_links":{"self":[{"href":"https:\/\/www.europesays.com\/lv\/wp-json\/wp\/v2\/posts\/64506","targetHints":{"allow":["GET"]}}],"collection":[{"href":"https:\/\/www.europesays.com\/lv\/wp-json\/wp\/v2\/posts"}],"about":[{"href":"https:\/\/www.europesays.com\/lv\/wp-json\/wp\/v2\/types\/post"}],"author":[{"embeddable":true,"href":"https:\/\/www.europesays.com\/lv\/wp-json\/wp\/v2\/users\/2"}],"replies":[{"embeddable":true,"href":"https:\/\/www.europesays.com\/lv\/wp-json\/wp\/v2\/comments?post=64506"}],"version-history":[{"count":0,"href":"https:\/\/www.europesays.com\/lv\/wp-json\/wp\/v2\/posts\/64506\/revisions"}],"wp:featuredmedia":[{"embeddable":true,"href":"https:\/\/www.europesays.com\/lv\/wp-json\/wp\/v2\/media\/64507"}],"wp:attachment":[{"href":"https:\/\/www.europesays.com\/lv\/wp-json\/wp\/v2\/media?parent=64506"}],"wp:term":[{"taxonomy":"category","embeddable":true,"href":"https:\/\/www.europesays.com\/lv\/wp-json\/wp\/v2\/categories?post=64506"},{"taxonomy":"post_tag","embeddable":true,"href":"https:\/\/www.europesays.com\/lv\/wp-json\/wp\/v2\/tags?post=64506"}],"curies":[{"name":"wp","href":"https:\/\/api.w.org\/{rel}","templated":true}]}}