{"id":64530,"date":"2025-12-03T09:51:22","date_gmt":"2025-12-03T09:51:22","guid":{"rendered":"https:\/\/www.europesays.com\/lv\/64530\/"},"modified":"2025-12-03T09:51:22","modified_gmt":"2025-12-03T09:51:22","slug":"latvijas-izlase-gatava-nikolato-piedavat-istermina-ligumu-futbols-sportacentrs-com","status":"publish","type":"post","link":"https:\/\/www.europesays.com\/lv\/64530\/","title":{"rendered":"Latvijas izlase gatava Nikolato pied\u0101v\u0101t \u012bstermi\u0146a l\u012bgumu \u2013 Futbols \u2013 Sportacentrs.com"},"content":{"rendered":"<p>Vadims \u013ba\u0161enko nor\u0101d\u012bja, ka vismaz s\u0101kotn\u0113ji l\u012bgums var\u0113tu tikt pagarin\u0101ts \u012bstermi\u0146\u0101 \u2013 l\u012bdz 2026. gada pavasarim, kad Latvijas izlasei paredz\u0113tas n\u0101kam\u0101s sp\u0113les. Pa\u0161laik notiek sarunas starp feder\u0101ciju un Nikolato, k\u0101 ar\u012b ar It\u0101lijas trenera a\u0123entu.<\/p>\n<p>Latvijas izlase 26. mart\u0101 viesosies pie Gibralt\u0101ra, bet piecas dienas v\u0113l\u0101k komandu duelis norisin\u0101sies Latvij\u0101. T\u0101s b\u016bs p\u0101rsp\u0113les par vietu UEFA N\u0101ciju l\u012bgas C l\u012bg\u0101.<\/p>\n<p>Nikolato l\u012bgum\u0101 bija uzdevums saglab\u0101t vietu N\u0101ciju l\u012bgas C l\u012bg\u0101, t\u0101d\u0113j\u0101di tikai 31. mart\u0101 k\u013c\u016bs zin\u0101ms, vai uzdevums ir izpild\u012bts. &#8220;Esmu apmierin\u0101ts ar Nikolato, l\u012bdz ar to dom\u0101ju, ka vi\u0146am noteikti j\u0101pabeidz savs uzdevums un vajadz\u0113tu nosp\u0113l\u0113t mart\u0101. Tad m\u0113s redz\u0113sim, ko dab\u016bsim,&#8221; sarun\u0101 ar &#8220;Latvijas Radio&#8221; teica \u013ba\u0161enko.<\/p>\n<p>2024. gada ruden\u012b Latvijas izlase N\u0101ciju l\u012bg\u0101 ieguva \u010detrus punktus se\u0161\u0101s sp\u0113l\u0113s \u2013 pret F\u0113ru sal\u0101m 1:0 m\u0101j\u0101s un 1:1 viesos. Savuk\u0101rt Zieme\u013cma\u0137edonijai un Arm\u0113nijai tika zaud\u0113ts ab\u0101s tik\u0161an\u0101s reiz\u0113s \u2013 attiec\u012bgi 0:3 un 0:1, k\u0101 ar\u012b 1:4 un 1:2 pret Arm\u0113niju.<\/p>\n<p>2026. gada Pasaules kausa kvalifik\u0101cijas cikl\u0101 Latvija F grup\u0101 apsteidza tikai Andoru (1:0 viesos un 2:2 sav\u0101 laukum\u0101). V\u0113l izdev\u0101s tikt pie punkta pret Alb\u0101niju (1:1) m\u0101j\u0101s, bet Anglijai un Serbijai zaud\u0113ts ab\u0101s sp\u0113l\u0113s.<\/p>\n<p>Nikolato par Latvijas izlases galveno treneri k\u013cuva 2024. gada febru\u0101r\u012b. Vi\u0146\u0161 no 2019. l\u012bdz 2023. gadam vad\u012bja It\u0101lijas U21 izlasi.<\/p>\n<p>Izmantotie resursi:<br \/><a target=\"_blank\" href=\"https:\/\/www.lsm.lv\/raksts\/sports\/futbols\/02.12.2025-futbola-federacija-gatava-turpinat-sadarbibu-ar-izlases-treneri-nikolato-risina-sarunas-ar-agentu.a624648\/\" rel=\"nofollow noopener\">https:\/\/www.lsm.lv\/raksts\/sports\/fu&#8230;<\/a><\/p>\n","protected":false},"excerpt":{"rendered":"Vadims \u013ba\u0161enko nor\u0101d\u012bja, ka vismaz s\u0101kotn\u0113ji l\u012bgums var\u0113tu tikt pagarin\u0101ts \u012bstermi\u0146\u0101 \u2013 l\u012bdz 2026. gada pavasarim, kad Latvijas&hellip;\n","protected":false},"author":2,"featured_media":64531,"comment_status":"","ping_status":"","sticky":false,"template":"","format":"standard","meta":{"footnotes":""},"categories":[5],"tags":[23,28,29,32,33,676,22,30,31,35,39,38,36,37,34,40,20,26,27,24,25,21],"class_list":{"0":"post-64530","1":"post","2":"type-post","3":"status-publish","4":"format-standard","5":"has-post-thumbnail","7":"category-aktualitates","8":"tag-aktualitates","9":"tag-breaking-news","10":"tag-breakingnews","11":"tag-featured-news","12":"tag-featurednews","13":"tag-futbols","14":"tag-headlines","15":"tag-latest-news","16":"tag-latestnews","17":"tag-latvia","18":"tag-latvian","19":"tag-latviesu","20":"tag-latviesu-valoda","21":"tag-latviesuvaloda","22":"tag-latvija","23":"tag-lv","24":"tag-news","25":"tag-popularakas-zinas","26":"tag-popularakaszinas","27":"tag-top-stories","28":"tag-topstories","29":"tag-zinas"},"share_on_mastodon":{"url":"https:\/\/pubeurope.com\/@lv\/115655022021402862","error":""},"_links":{"self":[{"href":"https:\/\/www.europesays.com\/lv\/wp-json\/wp\/v2\/posts\/64530","targetHints":{"allow":["GET"]}}],"collection":[{"href":"https:\/\/www.europesays.com\/lv\/wp-json\/wp\/v2\/posts"}],"about":[{"href":"https:\/\/www.europesays.com\/lv\/wp-json\/wp\/v2\/types\/post"}],"author":[{"embeddable":true,"href":"https:\/\/www.europesays.com\/lv\/wp-json\/wp\/v2\/users\/2"}],"replies":[{"embeddable":true,"href":"https:\/\/www.europesays.com\/lv\/wp-json\/wp\/v2\/comments?post=64530"}],"version-history":[{"count":0,"href":"https:\/\/www.europesays.com\/lv\/wp-json\/wp\/v2\/posts\/64530\/revisions"}],"wp:featuredmedia":[{"embeddable":true,"href":"https:\/\/www.europesays.com\/lv\/wp-json\/wp\/v2\/media\/64531"}],"wp:attachment":[{"href":"https:\/\/www.europesays.com\/lv\/wp-json\/wp\/v2\/media?parent=64530"}],"wp:term":[{"taxonomy":"category","embeddable":true,"href":"https:\/\/www.europesays.com\/lv\/wp-json\/wp\/v2\/categories?post=64530"},{"taxonomy":"post_tag","embeddable":true,"href":"https:\/\/www.europesays.com\/lv\/wp-json\/wp\/v2\/tags?post=64530"}],"curies":[{"name":"wp","href":"https:\/\/api.w.org\/{rel}","templated":true}]}}