{"id":64534,"date":"2025-12-03T09:53:08","date_gmt":"2025-12-03T09:53:08","guid":{"rendered":"https:\/\/www.europesays.com\/lv\/64534\/"},"modified":"2025-12-03T09:53:08","modified_gmt":"2025-12-03T09:53:08","slug":"abola-parstavetajai-flyers-ilgaku-laiku-nevares-palidzet-labakais-vartu-guvejs","status":"publish","type":"post","link":"https:\/\/www.europesays.com\/lv\/64534\/","title":{"rendered":"\u0100bola p\u0101rst\u0101v\u0113tajai &#8220;Flyers&#8221; ilg\u0101ku laiku nevar\u0113s pal\u012bdz\u0113t lab\u0101kais v\u0101rtu guv\u0113js"},"content":{"rendered":"<p>23 gadus vecais uzbruc\u0113js pirmdien ar 1:5 zaud\u0113taj\u0101 ma\u010d\u0101 Pitsburgas &#8220;Penguins&#8221; komandai otr\u0101 perioda vid\u016b p\u0113c izpild\u012bta metiena iedz\u012bvoj\u0101s \u0137erme\u0146a aug\u0161da\u013cas savainojum\u0101.<\/p>\n<p>Tiek zi\u0146ots, ka ar 23. numuru 2020. gada draft\u0101 izv\u0113l\u0113tais Forsters nesp\u0113l\u0113s divus l\u012bdz tr\u012bs m\u0113ne\u0161us.<\/p>\n<p>Ar desmit prec\u012bziem metieniem Forsters \u0161osezon ir &#8220;Flyers&#8221; lab\u0101kais v\u0101rtu guv\u0113js.<\/p>\n<p>Kopum\u0101 vi\u0146\u0161 \u0161osezon 21 sp\u0113l\u0113 sakr\u0101jis 13 (10+3) punktus, esot komandas sept\u012btais rezultat\u012bv\u0101kais hokejists.<\/p>\n<p>&#8220;Flyers&#8221; rind\u0101s Forsters debit\u0113ja 2022.\/2023. gada sezon\u0101 un l\u012bdz \u0161im <a href=\"https:\/\/sports.tvnet.lv\/term\/10077\/nhl\" class=\"topicLink\" target=\"_blank\" rel=\"nofollow noopener\">NHL<\/a> aizvad\u012bjis 187 sp\u0113les, kur\u0101s sakr\u0101jis 96 (58+38) punktus.<\/p>\n<p>Ar Kan\u0101das U-20 izlasi Forsters 2022. gad\u0101 k\u013cuva par pasaules junioru \u010dempionu, bet \u0161ogad Kan\u0101das valstsvien\u012bbas rind\u0101s debit\u0113ja pasaules \u010dempion\u0101t\u0101, septi\u0146\u0101s sp\u0113l\u0113s izce\u013coties ar trim (2+1) punktiem.<\/p>\n<p>Vi\u0146a viet\u0101 no &#8220;Flyers&#8221; f\u0101rmkluba Amerikas hokeja l\u012bg\u0101 (AHL) Alentaunas &#8220;Lehigh Valley Phantoms&#8221; izsaukts zviedru uzbruc\u0113js Karls Grundstrems.<\/p>\n<p>&#8220;Flyers&#8221; ar 31 punktu 25 sp\u0113l\u0113s ie\u0146em sesto poz\u012bciju Austrumu konferenc\u0113 un n\u0101kamo ma\u010du aizvad\u012bs nakt\u012b uz ceturtdienu p\u0113c Latvijas laika, kad sav\u0101 laukum\u0101 uz\u0146ems Bufalo &#8220;Sabres&#8221; hokejistus.<\/p>\n","protected":false},"excerpt":{"rendered":"23 gadus vecais uzbruc\u0113js pirmdien ar 1:5 zaud\u0113taj\u0101 ma\u010d\u0101 Pitsburgas &#8220;Penguins&#8221; komandai otr\u0101 perioda vid\u016b p\u0113c izpild\u012bta metiena&hellip;\n","protected":false},"author":2,"featured_media":64535,"comment_status":"","ping_status":"","sticky":false,"template":"","format":"standard","meta":{"footnotes":""},"categories":[17],"tags":[841,836,394,721,35,39,38,36,37,34,40,835,837,67],"class_list":{"0":"post-64534","1":"post","2":"type-post","3":"status-publish","4":"format-standard","5":"has-post-thumbnail","7":"category-sports","8":"tag-filadelfijas-flyers","9":"tag-hokeja-jaunumi","10":"tag-hokejs","11":"tag-hokejs-pasaule","12":"tag-latvia","13":"tag-latvian","14":"tag-latviesu","15":"tag-latviesu-valoda","16":"tag-latviesuvaloda","17":"tag-latvija","18":"tag-lv","19":"tag-nhl","20":"tag-rodrigo-abols","21":"tag-sports"},"share_on_mastodon":{"url":"https:\/\/pubeurope.com\/@lv\/115655029717113925","error":""},"_links":{"self":[{"href":"https:\/\/www.europesays.com\/lv\/wp-json\/wp\/v2\/posts\/64534","targetHints":{"allow":["GET"]}}],"collection":[{"href":"https:\/\/www.europesays.com\/lv\/wp-json\/wp\/v2\/posts"}],"about":[{"href":"https:\/\/www.europesays.com\/lv\/wp-json\/wp\/v2\/types\/post"}],"author":[{"embeddable":true,"href":"https:\/\/www.europesays.com\/lv\/wp-json\/wp\/v2\/users\/2"}],"replies":[{"embeddable":true,"href":"https:\/\/www.europesays.com\/lv\/wp-json\/wp\/v2\/comments?post=64534"}],"version-history":[{"count":0,"href":"https:\/\/www.europesays.com\/lv\/wp-json\/wp\/v2\/posts\/64534\/revisions"}],"wp:featuredmedia":[{"embeddable":true,"href":"https:\/\/www.europesays.com\/lv\/wp-json\/wp\/v2\/media\/64535"}],"wp:attachment":[{"href":"https:\/\/www.europesays.com\/lv\/wp-json\/wp\/v2\/media?parent=64534"}],"wp:term":[{"taxonomy":"category","embeddable":true,"href":"https:\/\/www.europesays.com\/lv\/wp-json\/wp\/v2\/categories?post=64534"},{"taxonomy":"post_tag","embeddable":true,"href":"https:\/\/www.europesays.com\/lv\/wp-json\/wp\/v2\/tags?post=64534"}],"curies":[{"name":"wp","href":"https:\/\/api.w.org\/{rel}","templated":true}]}}