{"id":64542,"date":"2025-12-03T10:08:10","date_gmt":"2025-12-03T10:08:10","guid":{"rendered":"https:\/\/www.europesays.com\/lv\/64542\/"},"modified":"2025-12-03T10:08:10","modified_gmt":"2025-12-03T10:08:10","slug":"ilonas-jaukules-virs-renars-vina-mileja-dzivi-vairak-par-visu-tvnet","status":"publish","type":"post","link":"https:\/\/www.europesays.com\/lv\/64542\/","title":{"rendered":"Ilonas Jaukules v\u012brs Ren\u0101rs: &quot;Vi\u0146a m\u012bl\u0113ja dz\u012bvi vair\u0101k par visu!&quot; &#8211; TVNET"},"content":{"rendered":"<ol>\n<li><a href=\"https:\/\/news.google.com\/rss\/articles\/CBMilAFBVV95cUxPcllrbF9maUdlVk5tREFsWTFyYnhtQjVnN2RTZEQzMzRxdk5RUzBUR0tGOUtKV1BSLWx3UTIxbEVkbXpybXhmdmd3d09KWGtHX0ZpSWpKVnZoQW0zTGJuSFNfMXVrX0ZIVVhsMS16NGNpaWNvSGlqUGJMQlBoME1OR0ljRVdXeDl0eGFiVWtVZ2JpeFR2?oc=5\" target=\"_blank\" rel=\"nofollow noopener\">Ilonas Jaukules v\u012brs Ren\u0101rs: &#8220;Vi\u0146a m\u012bl\u0113ja dz\u012bvi vair\u0101k par visu!&#8221;<\/a>&nbsp;&nbsp;TVNET<\/li>\n<li><a href=\"https:\/\/news.google.com\/rss\/articles\/CBMixgFBVV95cUxPVUVWTTczLVZmM2dpeHByWVdsLWJ3RE5uREg5RjdFZndRVlVicTVfOGRRVnRBMFVubDBYVE1TTnNTck42eGpJWWJSYldZako4TEQwSDJSb055Vi1idy1lLURYbXlxdzh4MWZTVTJydXhqZnBPRFpJRHg2WkU4YVFjeWJOQmM5YW04M0lTenhIU1lpUE9ONFJmNzRaenhud0ZFNmJjZ3d3WTZiSTdWMVJiN0lJSUlhbUdQRlcxdGNqcUk4R0dBYWc?oc=5\" target=\"_blank\" rel=\"nofollow noopener\">Cilv\u0113ki akt\u012bvi ziedo tra\u0123iski boj\u0101g\u0101ju\u0161\u0101s NMPD darbinieces b\u0113r\u0113m un \u0123imenes atbalstam<\/a>&nbsp;&nbsp;Inbox.lv<\/li>\n<li><a href=\"https:\/\/news.google.com\/rss\/articles\/CBMi0AFBVV95cUxPbFFiOU81MUI3U2N4UkV3eUl1VVlsa3hqeTc3RnBfR3hBa0RWcTNhRjQzenFWSXpWbzdtVFVwek82MnV3bjN6Z2RuSHpPVHJOcGl2Wm11eGlNbVFyaTFsMDVVd0ZxNGVhN01ndXpLTUo3cmNNQ1l2dC01dDBqWkFRX2haMzVHWmtyU2l4RTlLWGpRZi1HSUliZVgtN2JJWmd6RzZBU3VjcHZwLThZMUlpeGxsclBQaWIzaXJoVWNEQWh5TFQzUUFnNURDVUdOQi1Y?oc=5\" target=\"_blank\" rel=\"nofollow noopener\">&#8220;Tu m\u016bs sild\u012bsi k\u0101 e\u0146\u0123elis.&#8221; Tra\u0123iski boj\u0101g\u0101ju\u0161\u0101s Ilonas Jaukules v\u012brs Ren\u0101rs velta sievai atvadu v\u0101rdus<\/a>&nbsp;&nbsp;1188.lv<\/li>\n<li><a href=\"https:\/\/news.google.com\/rss\/articles\/CBMiogFBVV95cUxNeGcxeEd1aE1zLThaWm9HLTZxaDQ1c0ZZblBhTnowMXBTMUpVRDBZcFIyX1NQSHJxa0dlRDBkUDRqVW9DcjBoSmZOM0Q1NnhuUVc0SmVuWGJ1M01rM3Bab1lJUEZRVHpXaUF6WEEtendrcGJsTEYxWjZ3aUhTUW1Td1BCMFZtQzlzMUp4S3VwYXpjSVdfZURaYkpFUWZTd2RUTEE?oc=5\" target=\"_blank\" rel=\"nofollow noopener\">R\u012bgas krematorij\u0101 ceturtdien atvad\u012bsies no Ilonas Jaukules<\/a>&nbsp;&nbsp;Inbox.lv<\/li>\n<\/ol>\n","protected":false},"excerpt":{"rendered":"Ilonas Jaukules v\u012brs Ren\u0101rs: &#8220;Vi\u0146a m\u012bl\u0113ja dz\u012bvi vair\u0101k par visu!&#8221;&nbsp;&nbsp;TVNET Cilv\u0113ki akt\u012bvi ziedo tra\u0123iski boj\u0101g\u0101ju\u0161\u0101s NMPD darbinieces b\u0113r\u0113m&hellip;\n","protected":false},"author":2,"featured_media":64543,"comment_status":"","ping_status":"","sticky":false,"template":"","format":"standard","meta":{"footnotes":""},"categories":[5],"tags":[23,9675,28,29,32,33,22,30,31,35,39,38,36,37,34,40,20,26,27,687,24,25,164,138,4909,21],"class_list":{"0":"post-64542","1":"post","2":"type-post","3":"status-publish","4":"format-standard","5":"has-post-thumbnail","7":"category-aktualitates","8":"tag-aktualitates","9":"tag-austrumu-slimnica","10":"tag-breaking-news","11":"tag-breakingnews","12":"tag-featured-news","13":"tag-featurednews","14":"tag-headlines","15":"tag-latest-news","16":"tag-latestnews","17":"tag-latvia","18":"tag-latvian","19":"tag-latviesu","20":"tag-latviesu-valoda","21":"tag-latviesuvaloda","22":"tag-latvija","23":"tag-lv","24":"tag-news","25":"tag-popularakas-zinas","26":"tag-popularakaszinas","27":"tag-rigas-dome","28":"tag-top-stories","29":"tag-topstories","30":"tag-tvnet-latvija","31":"tag-valsts-policija","32":"tag-valsts-ugunsdzesibas-un-glabsanas-dienests-vugd","33":"tag-zinas"},"share_on_mastodon":{"url":"https:\/\/pubeurope.com\/@lv\/115655088870124755","error":""},"_links":{"self":[{"href":"https:\/\/www.europesays.com\/lv\/wp-json\/wp\/v2\/posts\/64542","targetHints":{"allow":["GET"]}}],"collection":[{"href":"https:\/\/www.europesays.com\/lv\/wp-json\/wp\/v2\/posts"}],"about":[{"href":"https:\/\/www.europesays.com\/lv\/wp-json\/wp\/v2\/types\/post"}],"author":[{"embeddable":true,"href":"https:\/\/www.europesays.com\/lv\/wp-json\/wp\/v2\/users\/2"}],"replies":[{"embeddable":true,"href":"https:\/\/www.europesays.com\/lv\/wp-json\/wp\/v2\/comments?post=64542"}],"version-history":[{"count":0,"href":"https:\/\/www.europesays.com\/lv\/wp-json\/wp\/v2\/posts\/64542\/revisions"}],"wp:featuredmedia":[{"embeddable":true,"href":"https:\/\/www.europesays.com\/lv\/wp-json\/wp\/v2\/media\/64543"}],"wp:attachment":[{"href":"https:\/\/www.europesays.com\/lv\/wp-json\/wp\/v2\/media?parent=64542"}],"wp:term":[{"taxonomy":"category","embeddable":true,"href":"https:\/\/www.europesays.com\/lv\/wp-json\/wp\/v2\/categories?post=64542"},{"taxonomy":"post_tag","embeddable":true,"href":"https:\/\/www.europesays.com\/lv\/wp-json\/wp\/v2\/tags?post=64542"}],"curies":[{"name":"wp","href":"https:\/\/api.w.org\/{rel}","templated":true}]}}