{"id":64557,"date":"2025-12-03T10:17:08","date_gmt":"2025-12-03T10:17:08","guid":{"rendered":"https:\/\/www.europesays.com\/lv\/64557\/"},"modified":"2025-12-03T10:17:08","modified_gmt":"2025-12-03T10:17:08","slug":"liaa-fokker-next-gen-sledz-juridisko-strukturu-latvija-bet-durvis-talakai-sadarbibai-paliek-atvertas-dienas-bizness","status":"publish","type":"post","link":"https:\/\/www.europesays.com\/lv\/64557\/","title":{"rendered":"LIAA: Fokker Next Gen sl\u0113dz juridisko strukt\u016bru Latvij\u0101, bet durvis t\u0101l\u0101kai sadarb\u012bbai paliek atv\u0113rtas :: Dienas Bizness"},"content":{"rendered":"<p class=\"text-font font-size--text-xlarge margin-3--bottom font-weight--bold padding-1--top\">\u201cFokker Next Gen\u201d ir pazi\u0146ojis par juridisk\u0101s p\u0101rst\u0101vniec\u012bbas sl\u0113g\u0161anu Latvij\u0101. L\u0113mums ir da\u013ca no grupas iek\u0161\u0113j\u0101s p\u0101rskat\u012b\u0161anas un darb\u012bbu konsolid\u0101cijas, uz\u0146\u0113mumam \u0161aj\u0101 posm\u0101 koncentr\u0113jot savas galven\u0101s aktivit\u0101tes N\u012bderland\u0113.<\/p>\n<p class=\"text-font font-size--text-xlarge margin-3--bottom\">N\u012bderland\u0113 b\u0101z\u0113tais uz\u0146\u0113mums str\u0101d\u0101 pie ar \u016bde\u0146ra\u017ea dzin\u0113ju darbin\u0101ma lidapar\u0101ta mode\u013ca att\u012bst\u012bbas, kas b\u016btu ar 120-150 pasa\u017eieru viet\u0101m un kura provizoriskais darb\u012bbas r\u0101diuss pl\u0101nots l\u012bdz 2 500 kilometriem.<\/p>\n<p class=\"text-font font-size--text-xlarge margin-3--bottom\">Kop\u0161 uz\u0146\u0113muma ien\u0101k\u0161anas Latvij\u0101 Latvijas Invest\u012bciju un att\u012bst\u012bbas a\u0123ent\u016bra (LIAA) ir sniegusi pla\u0161u nemateri\u0101lu atbalstu, tostarp piek\u013cuvi institucion\u0101lajiem partneriem, p\u0113tniec\u012bbas ekosist\u0113mai un starptautisk\u0101m sadarb\u012bbas platform\u0101m.<\/p>\n<p class=\"text-font font-size--text-xlarge margin-3--bottom\">Sl\u0113g\u0161ana attiecas tikai uz viet\u0113jo juridisko strukt\u016bru Latvij\u0101. \u201cFokker Next Gen\u201d saglab\u0101 sp\u0113k\u0101 nosl\u0113gtos sadarb\u012bbas memorandus ar Ekonomikas ministriju, Liep\u0101jas SEZ, R\u012bgas Tehnisko universit\u0101ti un airBaltic, kurus sl\u0113gusi uz\u0146\u0113muma N\u012bderlandes strukt\u016brvien\u012bba. Tie var tikt aktiviz\u0113ti, atkar\u012bb\u0101 no uz\u0146\u0113muma t\u0101l\u0101kajiem att\u012bst\u012bbas so\u013ciem.<\/p>\n<p class=\"text-font font-size--text-xlarge margin-3--bottom\">\u201cStarptautisk\u0101 invest\u012bciju vide \u0161obr\u012bd ir sare\u017e\u0123\u012bta daudziem augsto tehnolo\u0123iju uz\u0146\u0113mumiem, un p\u0101rstruktur\u0113\u0161ana nav retums. Fokker Next Gen l\u0113mums koncentr\u0113t aktivit\u0101tes N\u012bderland\u0113 ir grupas iek\u0161\u0113js process. Sadarb\u012bbas memorandi ar Latvijas instit\u016bcij\u0101m paliek sp\u0113k\u0101, un Latvija turpina att\u012bst\u012bt \u016bde\u0146ra\u017ea un modern\u0101s avi\u0101cijas tehnolo\u0123iju ekosist\u0113mu, saglab\u0101jot l\u012bdz\u0161in\u0113j\u0101s iestr\u0101des,\u201d uzsver LIAA direktore Ieva J\u0101gere.<\/p>\n<p class=\"text-font font-size--text-xlarge margin-3--bottom\">P\u0113d\u0113jo divu gadu laik\u0101 LIAA un partneri ir nodro\u0161in\u0101ju\u0161i uz\u0146\u0113mumam tik\u0161an\u0101s ar Latvijas uz\u0146\u0113mumiem un p\u0113tniec\u012bbas instit\u016bcij\u0101m, atbalstu starptautisko projektu ietvaros, sadarb\u012bbas veido\u0161anu ar airBaltic, Liep\u0101jas SEZ un RTU, k\u0101 ar\u012b kontaktus ar potenci\u0101lajiem finan\u0161u partneriem un dal\u012bbu augsta l\u012bme\u0146a viz\u012bt\u0113s.<\/p>\n<p class=\"text-font font-size--text-xlarge margin-3--bottom\">Liep\u0101ja, kuru uz\u0146\u0113mums s\u0101kotn\u0113ji izv\u0113l\u0113j\u0101s k\u0101 potenci\u0101l\u0101s ra\u017eotnes vietu, turpina virz\u012bt za\u013c\u0101s ener\u0123\u0113tikas un avi\u0101cijas tehnolo\u0123iju att\u012bst\u012bbu.<\/p>\n<p class=\"text-font font-size--text-xlarge margin-3--bottom\">Liep\u0101jas SEZ p\u0101rvaldnieks Uldis Hmie\u013cevskis uzsver: \u201cLiep\u0101ja veido Baltijas re\u0123iona ilgtsp\u0113j\u012bgas avi\u0101cijas un \u016bde\u0146ra\u017ea tehnolo\u0123iju centru. \u0160eit att\u012bst\u0101s vair\u0101ki nacion\u0101la m\u0113roga projekti za\u013c\u0101s ener\u0123\u0113tikas, atkrastes v\u0113ja, ilgtsp\u0113j\u012bgas avi\u0101cijas degvielas un CO\u2082 aprites tehnolo\u0123iju jom\u0101s, kas rada pamatu jaun\u0101m eksportsp\u0113j\u012bg\u0101m nozar\u0113m.\u201d<\/p>\n<p class=\"text-font font-size--text-xlarge margin-3--bottom\">Latvijas \u016bde\u0146ra\u017ea inov\u0101ciju ekosist\u0113ma att\u012bst\u0101s R\u012bg\u0101, Liep\u0101j\u0101, Ventspil\u012b un citviet. Valst\u012b tiek virz\u012bti vair\u0101ki za\u013c\u0101 \u016bde\u0146ra\u017ea un avi\u0101cijas tehnolo\u0123iju projekti. \u0160ie procesi turpin\u0101s neatkar\u012bgi no Fokker Next Gen iek\u0161\u0113j\u0101s p\u0101rstruktur\u0113\u0161anas un l\u0113muma \u0161obr\u012bd neuztur\u0113t juridisku kl\u0101tb\u016btni Latvij\u0101.<\/p>\n<p class=\"text-font font-size--text-xlarge margin-3--bottom\">LIAA apliecina gatav\u012bbu turpin\u0101t sadarb\u012bbu ar uz\u0146\u0113mumu, lai pal\u012bdz\u0113tu projekta turpm\u0101kajai att\u012bst\u012bbai p\u0113c reorganiz\u0101cijas.<\/p>\n","protected":false},"excerpt":{"rendered":"\u201cFokker Next Gen\u201d ir pazi\u0146ojis par juridisk\u0101s p\u0101rst\u0101vniec\u012bbas sl\u0113g\u0161anu Latvij\u0101. L\u0113mums ir da\u013ca no grupas iek\u0161\u0113j\u0101s p\u0101rskat\u012b\u0161anas un&hellip;\n","protected":false},"author":2,"featured_media":64558,"comment_status":"","ping_status":"","sticky":false,"template":"","format":"standard","meta":{"footnotes":""},"categories":[16],"tags":[869,77,870,76,867,35,39,38,36,37,34,871,868,40,21],"class_list":{"0":"post-64557","1":"post","2":"type-post","3":"status-publish","4":"format-standard","5":"has-post-thumbnail","7":"category-bizness","8":"tag-biznesa-zinas","9":"tag-bizness","10":"tag-bizness-latvija","11":"tag-business","12":"tag-dienas-zinas","13":"tag-latvia","14":"tag-latvian","15":"tag-latviesu","16":"tag-latviesu-valoda","17":"tag-latviesuvaloda","18":"tag-latvija","19":"tag-latvijas-biznesa-zinas","20":"tag-latvijas-zinas","21":"tag-lv","22":"tag-zinas"},"share_on_mastodon":{"url":"https:\/\/pubeurope.com\/@lv\/115655124263028551","error":""},"_links":{"self":[{"href":"https:\/\/www.europesays.com\/lv\/wp-json\/wp\/v2\/posts\/64557","targetHints":{"allow":["GET"]}}],"collection":[{"href":"https:\/\/www.europesays.com\/lv\/wp-json\/wp\/v2\/posts"}],"about":[{"href":"https:\/\/www.europesays.com\/lv\/wp-json\/wp\/v2\/types\/post"}],"author":[{"embeddable":true,"href":"https:\/\/www.europesays.com\/lv\/wp-json\/wp\/v2\/users\/2"}],"replies":[{"embeddable":true,"href":"https:\/\/www.europesays.com\/lv\/wp-json\/wp\/v2\/comments?post=64557"}],"version-history":[{"count":0,"href":"https:\/\/www.europesays.com\/lv\/wp-json\/wp\/v2\/posts\/64557\/revisions"}],"wp:featuredmedia":[{"embeddable":true,"href":"https:\/\/www.europesays.com\/lv\/wp-json\/wp\/v2\/media\/64558"}],"wp:attachment":[{"href":"https:\/\/www.europesays.com\/lv\/wp-json\/wp\/v2\/media?parent=64557"}],"wp:term":[{"taxonomy":"category","embeddable":true,"href":"https:\/\/www.europesays.com\/lv\/wp-json\/wp\/v2\/categories?post=64557"},{"taxonomy":"post_tag","embeddable":true,"href":"https:\/\/www.europesays.com\/lv\/wp-json\/wp\/v2\/tags?post=64557"}],"curies":[{"name":"wp","href":"https:\/\/api.w.org\/{rel}","templated":true}]}}