{"id":64578,"date":"2025-12-03T10:34:10","date_gmt":"2025-12-03T10:34:10","guid":{"rendered":"https:\/\/www.europesays.com\/lv\/64578\/"},"modified":"2025-12-03T10:34:10","modified_gmt":"2025-12-03T10:34:10","slug":"lff-ar-nikolato-apspriez-liguma-pagarinasanu-lasenko-nosauc-divus-sadarbibas-modelus","status":"publish","type":"post","link":"https:\/\/www.europesays.com\/lv\/64578\/","title":{"rendered":"LFF ar Nikolato apsprie\u017e l\u012bguma pagarin\u0101\u0161anu \u2013 \u013ba\u0161enko nosauc divus sadarb\u012bbas mode\u013cus"},"content":{"rendered":"<p>Latvijas izlases galven\u0101 trenera amat\u0101 Nikolato tika apstiprin\u0101ts p\u0113rn febru\u0101r\u012b. Vi\u0146a vad\u012bb\u0101 aizvad\u012btas 20 sp\u0113les, kur\u0101s izc\u012bn\u012btas tr\u012bs uzvaras, piedz\u012bvoti septi\u0146i neiz\u0161\u0137irti un 10 zaud\u0113jumi.<\/p>\n<p>Nikolato l\u012bgums bija sp\u0113k\u0101 l\u012bdz novembrim, ta\u010du LFF v\u0113las turpin\u0101t sadarb\u012bbu ar It\u0101lijas treneri. Viens no Latvijas vado\u0161ajiem futbolistiem <a href=\"https:\/\/sports.tvnet.lv\/term\/556526\/janis-ikaunieks\" class=\"topicLink\" target=\"_blank\" rel=\"nofollow noopener\">J\u0101nis Ikaunieks<\/a> intervij\u0101 LTV nor\u0101d\u012bjis, ka atbalsts esot ar\u012b no sp\u0113l\u0113t\u0101jiem.<\/p>\n<p>&#8220;Man pat\u012bk vi\u0146a raksturs, vi\u0146a pieeja. P\u0113d\u0113j\u0101s sp\u0113l\u0113s redz\u0113j\u0101m, ka komanda bija tuvu savam maksimumam, ko no sevis var izspiest,&#8221; teica LFF prezidents \u013ba\u0161enko.<\/p>\n<p>&#8220;Izlas\u0113 visi d\u017eeki grib, lai vi\u0146\u0161 paliek. Sp\u0113l\u0113t\u0101ji savu v\u0113lmi ar\u012b izteica feder\u0101cijai,&#8221; past\u0101st\u012bja J\u0101nis Ikaunieks, kur\u0161 Latvijas izlas\u0113 aizvad\u012bjis 72 sp\u0113les un guvis 12 v\u0101rtus.<\/p>\n<p>&#8220;Tas nav vienk\u0101r\u0161i, bet, redzot k\u0101 mums notiek komunik\u0101cija, esmu p\u0101rliecin\u0101ts, ka m\u0113s vienosimies,&#8221; izredzes pagarin\u0101t l\u012bgumu ar Nikolato v\u0113rt\u0113ja \u013ba\u0161enko.<\/p>\n<p>It\u0101lijas speci\u0101lists esot izteicis v\u0113lmi turpin\u0101t darbu ar Latvijas izlasi. Viens no variantiem ir pagarin\u0101t l\u012bgumu uz \u010detriem m\u0113ne\u0161iem. Otrs variants ir sadarb\u012bba, kuras termi\u0146\u0161 ir viens gads, atkl\u0101ja LFF prezidents.<\/p>\n<p>Latvijas izlasei n\u0101kamie ma\u010di paredz\u0113ti pavasar\u012b. 26. un 31. mart\u0101 notiks p\u0101rsp\u0113les par vietu UEFA N\u0101ciju l\u012bgas C l\u012bg\u0101. M\u016bsu futbolistiem pret\u012b st\u0101sies Gibralt\u0101ra izlase.<\/p>\n","protected":false},"excerpt":{"rendered":"Latvijas izlases galven\u0101 trenera amat\u0101 Nikolato tika apstiprin\u0101ts p\u0113rn febru\u0101r\u012b. Vi\u0146a vad\u012bb\u0101 aizvad\u012btas 20 sp\u0113les, kur\u0101s izc\u012bn\u012btas tr\u012bs&hellip;\n","protected":false},"author":2,"featured_media":64579,"comment_status":"","ping_status":"","sticky":false,"template":"","format":"standard","meta":{"footnotes":""},"categories":[17],"tags":[714,6784,676,715,1375,4415,35,39,38,36,37,34,4016,40,4017,67,9768],"class_list":{"0":"post-64578","1":"post","2":"type-post","3":"status-publish","4":"format-standard","5":"has-post-thumbnail","7":"category-sports","8":"tag-futbola-jaunumi","9":"tag-futbola-treneri","10":"tag-futbols","11":"tag-futbols-latvija","12":"tag-futbols-pasaule","13":"tag-janis-ikaunieks","14":"tag-latvia","15":"tag-latvian","16":"tag-latviesu","17":"tag-latviesu-valoda","18":"tag-latviesuvaloda","19":"tag-latvija","20":"tag-latvijas-futbola-izlase","21":"tag-lv","22":"tag-paolo-nikolato","23":"tag-sports","24":"tag-vadims-lasenko"},"share_on_mastodon":{"url":"https:\/\/pubeurope.com\/@lv\/115655190956652012","error":""},"_links":{"self":[{"href":"https:\/\/www.europesays.com\/lv\/wp-json\/wp\/v2\/posts\/64578","targetHints":{"allow":["GET"]}}],"collection":[{"href":"https:\/\/www.europesays.com\/lv\/wp-json\/wp\/v2\/posts"}],"about":[{"href":"https:\/\/www.europesays.com\/lv\/wp-json\/wp\/v2\/types\/post"}],"author":[{"embeddable":true,"href":"https:\/\/www.europesays.com\/lv\/wp-json\/wp\/v2\/users\/2"}],"replies":[{"embeddable":true,"href":"https:\/\/www.europesays.com\/lv\/wp-json\/wp\/v2\/comments?post=64578"}],"version-history":[{"count":0,"href":"https:\/\/www.europesays.com\/lv\/wp-json\/wp\/v2\/posts\/64578\/revisions"}],"wp:featuredmedia":[{"embeddable":true,"href":"https:\/\/www.europesays.com\/lv\/wp-json\/wp\/v2\/media\/64579"}],"wp:attachment":[{"href":"https:\/\/www.europesays.com\/lv\/wp-json\/wp\/v2\/media?parent=64578"}],"wp:term":[{"taxonomy":"category","embeddable":true,"href":"https:\/\/www.europesays.com\/lv\/wp-json\/wp\/v2\/categories?post=64578"},{"taxonomy":"post_tag","embeddable":true,"href":"https:\/\/www.europesays.com\/lv\/wp-json\/wp\/v2\/tags?post=64578"}],"curies":[{"name":"wp","href":"https:\/\/api.w.org\/{rel}","templated":true}]}}