{"id":64584,"date":"2025-12-03T10:40:14","date_gmt":"2025-12-03T10:40:14","guid":{"rendered":"https:\/\/www.europesays.com\/lv\/64584\/"},"modified":"2025-12-03T10:40:14","modified_gmt":"2025-12-03T10:40:14","slug":"kadreizeja-latvijas-basketbola-izlases-pamatvertiba-palicis-bez-darba","status":"publish","type":"post","link":"https:\/\/www.europesays.com\/lv\/64584\/","title":{"rendered":"K\u0101dreiz\u0113j\u0101 Latvijas basketbola izlases pamatv\u0113rt\u012bba palicis bez darba"},"content":{"rendered":"<p>Latvijas basketbolists <a rel=\"noopener nofollow\" target=\"_blank\" href=\"https:\/\/www.delfi.lv\/temas\/43082772\/martins-meiers\" tag-id=\"43082772\">M\u0101rti\u0146\u0161 Meiers<\/a> neturpin\u0101s p\u0101rst\u0101v\u0113t Igaunijas klubu Tallinas &#8220;TalTech&#8221;https:\/\/www.delfi.lv\/&#8221;Alexela&#8221;, otrdien pav\u0113st\u012bja Tallinas vien\u012bba.<\/p>\n<p>Karjeras laik\u0101 Meiers sp\u0113l\u0113jis ar\u012b Latvijas klubos &#8220;Ventspils&#8221;, &#8220;Liep\u0101jas lauvas&#8221;, &#8220;<a rel=\"noopener nofollow\" target=\"_blank\" href=\"https:\/\/www.delfi.lv\/temas\/35200111\/vef-riga\" tag-id=\"35200111\">VEF R\u012bga<\/a>&#8221; un &#8220;R\u012bgas ze\u013c\u013ci&#8221;, bet \u0101rzem\u0113s sp\u0113l\u0113jis Polij\u0101, V\u0101cij\u0101, Melnkaln\u0113, Kazahst\u0101n\u0101, Francij\u0101 un Be\u013c\u0123ij\u0101.<\/p>\n<p class=\"m-0\">Seko &#8220;Delfi&#8221; ar\u012b  <a target=\"_blank\" href=\"https:\/\/www.instagram.com\/delfi.lv\/\" rel=\"nofollow noopener\">Instagram<\/a>  un <a target=\"_blank\" href=\"https:\/\/www.youtube.com\/channel\/UCw5foWtcJvAbUm64rv7jwUQ\" rel=\"nofollow noopener\">YouTube<\/a>  profil\u0101 \u2013 pievienojies, lai uzzin\u0101tu svar\u012bg\u0101ko un interesant\u0101ko pirmais!<\/p>\n<p>Publik\u0101cijas saturs vai t\u0101s jebk\u0101da apjoma da\u013ca ir aizsarg\u0101ts autorties\u012bbu objekts Autorties\u012bbu likuma izpratn\u0113, un t\u0101 izmanto\u0161ana bez izdev\u0113ja at\u013caujas ir aizliegta. Vair\u0101k lasi  <a target=\"_blank\" href=\"https:\/\/www.delfi.lv\/noteikumi#autortiesibas\" rel=\"nofollow noopener\">\u0161eit<\/a><script async src=\"\/\/www.instagram.com\/embed.js\"><\/script><\/p>\n","protected":false},"excerpt":{"rendered":"Latvijas basketbolists M\u0101rti\u0146\u0161 Meiers neturpin\u0101s p\u0101rst\u0101v\u0113t Igaunijas klubu Tallinas &#8220;TalTech&#8221;https:\/\/www.delfi.lv\/&#8221;Alexela&#8221;, otrdien pav\u0113st\u012bja Tallinas vien\u012bba. Karjeras laik\u0101 Meiers sp\u0113l\u0113jis&hellip;\n","protected":false},"author":2,"featured_media":64585,"comment_status":"","ping_status":"","sticky":false,"template":"","format":"standard","meta":{"footnotes":""},"categories":[17],"tags":[35,39,38,36,37,34,225,3544,40,16851,67,1618],"class_list":{"0":"post-64584","1":"post","2":"type-post","3":"status-publish","4":"format-standard","5":"has-post-thumbnail","7":"category-sports","8":"tag-latvia","9":"tag-latvian","10":"tag-latviesu","11":"tag-latviesu-valoda","12":"tag-latviesuvaloda","13":"tag-latvija","14":"tag-latvijas-basketbola-izlase","15":"tag-luka-banki","16":"tag-lv","17":"tag-martins-meiers","18":"tag-sports","19":"tag-vef-riga"},"share_on_mastodon":{"url":"https:\/\/pubeurope.com\/@lv\/115655214573405188","error":""},"_links":{"self":[{"href":"https:\/\/www.europesays.com\/lv\/wp-json\/wp\/v2\/posts\/64584","targetHints":{"allow":["GET"]}}],"collection":[{"href":"https:\/\/www.europesays.com\/lv\/wp-json\/wp\/v2\/posts"}],"about":[{"href":"https:\/\/www.europesays.com\/lv\/wp-json\/wp\/v2\/types\/post"}],"author":[{"embeddable":true,"href":"https:\/\/www.europesays.com\/lv\/wp-json\/wp\/v2\/users\/2"}],"replies":[{"embeddable":true,"href":"https:\/\/www.europesays.com\/lv\/wp-json\/wp\/v2\/comments?post=64584"}],"version-history":[{"count":0,"href":"https:\/\/www.europesays.com\/lv\/wp-json\/wp\/v2\/posts\/64584\/revisions"}],"wp:featuredmedia":[{"embeddable":true,"href":"https:\/\/www.europesays.com\/lv\/wp-json\/wp\/v2\/media\/64585"}],"wp:attachment":[{"href":"https:\/\/www.europesays.com\/lv\/wp-json\/wp\/v2\/media?parent=64584"}],"wp:term":[{"taxonomy":"category","embeddable":true,"href":"https:\/\/www.europesays.com\/lv\/wp-json\/wp\/v2\/categories?post=64584"},{"taxonomy":"post_tag","embeddable":true,"href":"https:\/\/www.europesays.com\/lv\/wp-json\/wp\/v2\/tags?post=64584"}],"curies":[{"name":"wp","href":"https:\/\/api.w.org\/{rel}","templated":true}]}}