{"id":64596,"date":"2025-12-03T11:04:09","date_gmt":"2025-12-03T11:04:09","guid":{"rendered":"https:\/\/www.europesays.com\/lv\/64596\/"},"modified":"2025-12-03T11:04:09","modified_gmt":"2025-12-03T11:04:09","slug":"futbola-kluba-leevon-ppk-akcija-bernu-slimnicas-fondam-ziedo-vairak-neka-7000-eiro","status":"publish","type":"post","link":"https:\/\/www.europesays.com\/lv\/64596\/","title":{"rendered":"Futbola kluba &#8220;Leevon PPK&#8221; akcij\u0101 &#8220;B\u0113rnu slimn\u012bcas fondam&#8221; ziedo vair\u0101k nek\u0101 7000 eiro"},"content":{"rendered":"<p>Ideja par labdar\u012bbu nav nejau\u0161a \u2013 t\u0101 briedusi jau vair\u0101kus gadus, kop\u0161 &#8220;Leevon Saldus&#8221; laikiem, un ar\u012b FK PPK puse par to bija dom\u0101jusi.<\/p>\n<p>&#8220;Vienm\u0113r esmu bijis par to, ka sports ir kas vair\u0101k nek\u0101 tikai sp\u0113le. Sports var iem\u0101c\u012bt daudz. Dibinot futbola skolu &#8220;Leevon&#8221;, no pirm\u0101s dienas defin\u0113j\u0101m m\u0113r\u0137i, dev\u012bzi \u2013 &#8220;Iedvesmot pilnveidoties&#8221;. Attiec\u012bgi pie \u0161\u012b m\u016bsu &#8220;koda&#8221; cen\u0161amies ar\u012b pietur\u0113ties \u2013 iedvesmot progres\u0113t, censties b\u016bt lab\u0101kiem. &#8220;Leevon PPK&#8221; komandas kontekst\u0101 nekas nevar b\u016bt lab\u0101ks k\u0101 sp\u0113l\u0113t kam liel\u0101kam \u2013 sp\u0113l\u0113t b\u0113rniem, vi\u0146u vesel\u012bbai un att\u012bst\u012bbai. Sp\u0113l\u0113jam, iedvesmojot m\u016bsu n\u0101kotni. Izvirz\u012btais m\u0113r\u0137is ar g\u016btajiem v\u0101rtiem pirms sezonas bija 50. Iesit\u0101m 49. Bet, pateicoties m\u016bsu kom\u016bnai un m\u016bsu atbalst\u012bt\u0101jiem, \u0161o summu sav\u0101c\u0101m liel\u0101ku! Paldies ikvienam, kur\u0161 pielika kaut nelielu da\u013cu no sevis! Ceru, ka ar\u012b n\u0101kamaj\u0101s sezon\u0101s ko \u0161\u0101du b\u016bs iesp\u0113jams realiz\u0113t,&#8221; \u2013 t\u0101 aizvad\u012bto kampa\u0146u koment\u0113 &#8220;Leevon PPK&#8221; l\u012bdzdibin\u0101t\u0101js un galvenais treneris, FS &#8220;Leevon \u201d vad\u012bt\u0101js un \u0161\u012bs labdar\u012bbas kampa\u0146as idejas autors M\u0101ris Landmanis.<\/p>\n<p>Vi\u0146u papildina Edgars Andersons: &#8220;Protams, paldies ar\u012b B\u0113rnu slimn\u012bcas un &#8220;B\u0113rnu slimn\u012bcas fonda&#8221; kolekt\u012bvam, kas piekrita \u0161\u0101dai kampa\u0146ai un pal\u012bdz\u0113ja mums!&#8221;<\/p>\n<p>&#8220;B\u0113rnu slimn\u012bcas fonda&#8221; vad\u012bt\u0101ja Liene Dambi\u0146a: &#8220;Mums ir patiess prieks par sadarb\u012bbu ar &#8220;Leevon PPK&#8221;, \u012bpa\u0161i t\u0101d\u0113\u013c, ka &#8220;B\u0113rnu slimn\u012bcas fondam&#8221; \u0161\u0101da veida labdar\u012bbas akcija notika pirmo reizi. No sirds nov\u0113rt\u0113jam gan futbolistu, gan uz\u0146\u0113muma &#8220;Ce\u013cinieks 01&#8243; rado\u0161o pieeju un d\u0101snumu \u2013 esam ieguvu\u0161i noz\u012bm\u012bgu atbalstu slimn\u012bcai un reiz\u0113 ar\u012b jaunu draugu kopienu, kuri v\u0113las dar\u012bt labu. Paldies par iniciat\u012bvu, sirsn\u012bbu un v\u0113lmi b\u016bt da\u013cai no p\u0101rmai\u0146\u0101m b\u0113rnu vesel\u012bbas lab\u0101!&#8221;<\/p>\n","protected":false},"excerpt":{"rendered":"Ideja par labdar\u012bbu nav nejau\u0161a \u2013 t\u0101 briedusi jau vair\u0101kus gadus, kop\u0161 &#8220;Leevon Saldus&#8221; laikiem, un ar\u012b FK&hellip;\n","protected":false},"author":2,"featured_media":64597,"comment_status":"","ping_status":"","sticky":false,"template":"","format":"standard","meta":{"footnotes":""},"categories":[17],"tags":[7375,714,676,715,35,39,38,36,37,34,40,67],"class_list":{"0":"post-64596","1":"post","2":"type-post","3":"status-publish","4":"format-standard","5":"has-post-thumbnail","7":"category-sports","8":"tag-bernu-slimnicas-fonds","9":"tag-futbola-jaunumi","10":"tag-futbols","11":"tag-futbols-latvija","12":"tag-latvia","13":"tag-latvian","14":"tag-latviesu","15":"tag-latviesu-valoda","16":"tag-latviesuvaloda","17":"tag-latvija","18":"tag-lv","19":"tag-sports"},"share_on_mastodon":{"url":"https:\/\/pubeurope.com\/@lv\/115655308963625136","error":""},"_links":{"self":[{"href":"https:\/\/www.europesays.com\/lv\/wp-json\/wp\/v2\/posts\/64596","targetHints":{"allow":["GET"]}}],"collection":[{"href":"https:\/\/www.europesays.com\/lv\/wp-json\/wp\/v2\/posts"}],"about":[{"href":"https:\/\/www.europesays.com\/lv\/wp-json\/wp\/v2\/types\/post"}],"author":[{"embeddable":true,"href":"https:\/\/www.europesays.com\/lv\/wp-json\/wp\/v2\/users\/2"}],"replies":[{"embeddable":true,"href":"https:\/\/www.europesays.com\/lv\/wp-json\/wp\/v2\/comments?post=64596"}],"version-history":[{"count":0,"href":"https:\/\/www.europesays.com\/lv\/wp-json\/wp\/v2\/posts\/64596\/revisions"}],"wp:featuredmedia":[{"embeddable":true,"href":"https:\/\/www.europesays.com\/lv\/wp-json\/wp\/v2\/media\/64597"}],"wp:attachment":[{"href":"https:\/\/www.europesays.com\/lv\/wp-json\/wp\/v2\/media?parent=64596"}],"wp:term":[{"taxonomy":"category","embeddable":true,"href":"https:\/\/www.europesays.com\/lv\/wp-json\/wp\/v2\/categories?post=64596"},{"taxonomy":"post_tag","embeddable":true,"href":"https:\/\/www.europesays.com\/lv\/wp-json\/wp\/v2\/tags?post=64596"}],"curies":[{"name":"wp","href":"https:\/\/api.w.org\/{rel}","templated":true}]}}