{"id":64661,"date":"2025-12-03T12:38:07","date_gmt":"2025-12-03T12:38:07","guid":{"rendered":"https:\/\/www.europesays.com\/lv\/64661\/"},"modified":"2025-12-03T12:38:07","modified_gmt":"2025-12-03T12:38:07","slug":"saeima-apstiprina-butiskas-izmainas-izdienas-pensiju-sistema","status":"publish","type":"post","link":"https:\/\/www.europesays.com\/lv\/64661\/","title":{"rendered":"Saeima apstiprina b\u016btiskas izmai\u0146as izdienas pensiju sist\u0113m\u0101"},"content":{"rendered":"<p>Izdienas pensiju sist\u0113mas izmai\u0146as ar\u012b rosin\u0101tas, jo patlaban \u013coti strauji aug pensiju sist\u0113mas rad\u012btais fisk\u0101lais slogs. Paredzams, ka p\u0113c pieciem gadiem valsts bud\u017eeta izdevumi \u0161\u012bm pensij\u0101m jau p\u0101rsniegs 200 miljonus eiro gad\u0101, nor\u0101d\u012bts likumprojektu anot\u0101cij\u0101s.<\/p>\n<p>Jau zi\u0146ots, ka Saeimas deput\u0101ti \u0161odien gal\u012bgaj\u0101 las\u012bjum\u0101 s\u0101ks skat\u012bt n\u0101kama gada bud\u017eetu un to pavado\u0161os likumprojektus.<\/p>\n<p>N\u0101kam\u0101 gada valsts konsolid\u0113t\u0101 bud\u017eeta ie\u0146\u0113mumi tiek pl\u0101noti 16,1 miljarda eiro apm\u0113r\u0101, savuk\u0101rt izdevumi &#8211; 17,9 miljardi eiro. \u0160\u0101 gada ekonomikas izaugsme tiek prognoz\u0113ta 1,1% apm\u0113r\u0101, savuk\u0101rt n\u0101kam\u0101 gada bud\u017eet\u0101 izaugsme pl\u0101nota 2,1% apm\u0113r\u0101, bet turpm\u0101kajos gados &#8211; l\u012bdz 2,2%.<\/p>\n<p>V\u0113rt\u0113jot ministriju priek\u0161likumus bud\u017eetam, vald\u012bba noteica, ka m\u0113r\u0137dot\u0101cij\u0101s pa\u0161vald\u012bb\u0101m n\u0101kamgad b\u016bs 674,543 miljoni eiro iepriek\u0161 pirmaj\u0101 las\u012bjum\u0101 paredz\u0113to 676,286 miljonu eiro viet\u0101.<\/p>\n<p>Starp pirmo un otro las\u012bjumu Saeim\u0101 vald\u012bba ir atbalst\u012bjusi papildu resursu pie\u0161\u0137ir\u0161anu 22,3 miljonu eiro apm\u0113r\u0101 2026. gada valsts bud\u017eetam. L\u012bdzek\u013ci papildu resursiem tiek rasti, samazinot valsts par\u0101da vad\u012bbas izdevumus desmit miljonu eiro apm\u0113r\u0101, k\u0101 ar\u012b papildu l\u012bdzek\u013ci valsts bud\u017eet\u0101 tika rasti no AS &#8220;Latvijas valsts me\u017ei&#8221;, p\u0101rskatot dividend\u0113s pl\u0101notos ie\u0146\u0113mumus 12,3 miljonu eiro apm\u0113r\u0101.<\/p>\n<p>Noz\u012bm\u012bg\u0101kais papildu finans\u0113jums paredz\u0113ts projekta &#8220;Rail Baltica&#8221; p\u0101rprojekt\u0113\u0161anai &#8211; asto\u0146i miljoni eiro, savuk\u0101rt 1,4 miljoni eiro paredz\u0113ti &#8220;Rail Baltica&#8221; projekta Latvij\u0101 ievie\u0161anas izv\u0113rt\u0113juma veik\u0161anai.<\/p>\n<p>Lauku \u0123imenes \u0101rstu atbalstam pl\u0101noti 4,8 miljoni eiro. V\u0113l 1,8 miljoni eiro novirz\u012bti atbalstam vardarb\u012bb\u0101 cietu\u0161ajiem, bet sakr\u0101l\u0101 mantojuma saglab\u0101\u0161anai novirz\u012bts viens miljons eiro.<\/p>\n<p>Valsts kult\u016brkapit\u0101la fonda programmu un projektu konkursu \u012bsteno\u0161anai papildus paredz\u0113ti 402 908 eiro. Papildu l\u012bdzek\u013cus vald\u012bba atbalst\u012bja ar\u012b Izgl\u012bt\u012bbas un zin\u0101tnes ministrijai pedagogu atbalstam, k\u0101 ar\u012b Vesel\u012bbas ministrijai Neatliekam\u0101s medic\u012bnisk\u0101s pal\u012bdz\u012bbas punkta izveidei Indras pagast\u0101 &#8211; 349 536 eiro.<\/p>\n","protected":false},"excerpt":{"rendered":"Izdienas pensiju sist\u0113mas izmai\u0146as ar\u012b rosin\u0101tas, jo patlaban \u013coti strauji aug pensiju sist\u0113mas rad\u012btais fisk\u0101lais slogs. Paredzams, ka&hellip;\n","protected":false},"author":2,"featured_media":3800,"comment_status":"","ping_status":"","sticky":false,"template":"","format":"standard","meta":{"footnotes":""},"categories":[5],"tags":[23,28,29,32,33,22,4027,30,31,35,39,38,36,37,34,40,20,26,27,141,24,25,21],"class_list":{"0":"post-64661","1":"post","2":"type-post","3":"status-publish","4":"format-standard","5":"has-post-thumbnail","7":"category-aktualitates","8":"tag-aktualitates","9":"tag-breaking-news","10":"tag-breakingnews","11":"tag-featured-news","12":"tag-featurednews","13":"tag-headlines","14":"tag-knab","15":"tag-latest-news","16":"tag-latestnews","17":"tag-latvia","18":"tag-latvian","19":"tag-latviesu","20":"tag-latviesu-valoda","21":"tag-latviesuvaloda","22":"tag-latvija","23":"tag-lv","24":"tag-news","25":"tag-popularakas-zinas","26":"tag-popularakaszinas","27":"tag-saeima","28":"tag-top-stories","29":"tag-topstories","30":"tag-zinas"},"share_on_mastodon":{"url":"https:\/\/pubeurope.com\/@lv\/115655678895420432","error":""},"_links":{"self":[{"href":"https:\/\/www.europesays.com\/lv\/wp-json\/wp\/v2\/posts\/64661","targetHints":{"allow":["GET"]}}],"collection":[{"href":"https:\/\/www.europesays.com\/lv\/wp-json\/wp\/v2\/posts"}],"about":[{"href":"https:\/\/www.europesays.com\/lv\/wp-json\/wp\/v2\/types\/post"}],"author":[{"embeddable":true,"href":"https:\/\/www.europesays.com\/lv\/wp-json\/wp\/v2\/users\/2"}],"replies":[{"embeddable":true,"href":"https:\/\/www.europesays.com\/lv\/wp-json\/wp\/v2\/comments?post=64661"}],"version-history":[{"count":0,"href":"https:\/\/www.europesays.com\/lv\/wp-json\/wp\/v2\/posts\/64661\/revisions"}],"wp:featuredmedia":[{"embeddable":true,"href":"https:\/\/www.europesays.com\/lv\/wp-json\/wp\/v2\/media\/3800"}],"wp:attachment":[{"href":"https:\/\/www.europesays.com\/lv\/wp-json\/wp\/v2\/media?parent=64661"}],"wp:term":[{"taxonomy":"category","embeddable":true,"href":"https:\/\/www.europesays.com\/lv\/wp-json\/wp\/v2\/categories?post=64661"},{"taxonomy":"post_tag","embeddable":true,"href":"https:\/\/www.europesays.com\/lv\/wp-json\/wp\/v2\/tags?post=64661"}],"curies":[{"name":"wp","href":"https:\/\/api.w.org\/{rel}","templated":true}]}}