{"id":64695,"date":"2025-12-03T13:03:14","date_gmt":"2025-12-03T13:03:14","guid":{"rendered":"https:\/\/www.europesays.com\/lv\/64695\/"},"modified":"2025-12-03T13:03:14","modified_gmt":"2025-12-03T13:03:14","slug":"jurim-podniekam-75-ar-vairakiem-pasakumiem-noslegsies-izcila-dokumentalista-jubilejas-gads","status":"publish","type":"post","link":"https:\/\/www.europesays.com\/lv\/64695\/","title":{"rendered":"Jurim Podniekam \u2013 75. Ar vair\u0101kiem pas\u0101kumiem nosl\u0113gsies izcil\u0101 dokument\u0101lista jubilejas gads"},"content":{"rendered":"<p>\u0160\u012b gada 5. decembr\u012b 75. dzim\u0161anas dienu svin\u0113tu re\u017eisors un operators <a rel=\"noopener nofollow\" target=\"_blank\" href=\"https:\/\/www.delfi.lv\/temas\/40362753\/juris-podnieks\" tag-id=\"40362753\">Juris Podnieks<\/a> (1950-1992). Pieminot izcilo dokument\u0101listu, vi\u0146a jubilejas gada nosl\u0113gum\u0101 gaid\u0101mi vair\u0101ki noz\u012bm\u012bgi pas\u0101kumi.<\/p>\n<p>V\u0113l l\u012bdz 6. decembrim LKA Latvijas Kino muzej\u0101 apskat\u0101ma bag\u0101t\u012bga izst\u0101de &#8220;Podnieka laiktelpa&#8221;, port\u0101l\u0101 <a rel=\"noopener nofollow\" target=\"_blank\" href=\"http:\/\/filmas.lv\" data-rel-date-range=\"[]\">filmas.lv<\/a> past\u0101v\u012bgi pieejama Jura Podnieka filmu kolekcija, bet 4. decembr\u012b tiks atv\u0113rts Jura Podnieka dienasgr\u0101matu s\u0113jums un LKA Mazaj\u0101 z\u0101l\u0113 paredz\u0113ts Latvijas Radio kora un horeogr\u0101fes Lilijas Liporas koncerts &#8220;Sarunas bez v\u0101rdiem&#8221;.<\/p>\n<p>Lasiet ar\u012b<\/p>\n<p><a href=\"https:\/\/www.delfi.lv\/kultura\/52862727\/screen\/120011279\/divas-stundas-izdzivot-jura-podnieka-muzu-filma-par-izcilu-personibu\" class=\"headline__image-link\" itemprop=\"url\" rel=\"nofollow noopener\" target=\"_blank\"><img decoding=\"async\" loading=\"lazy\" itemprop=\"image\" src=\"https:\/\/www.europesays.com\/lv\/wp-content\/uploads\/2025\/12\/2b516dfb-b4d4-49b7-904b-bb49b13bbf8a.jpg\" alt=\"Div\u0101s stund\u0101s izdz\u012bvot Jura Podnieka m\u016b\u017eu. Filma par izcilu person\u012bbu\" title=\"Div\u0101s stund\u0101s izdz\u012bvot Jura Podnieka m\u016b\u017eu. Filma par izcilu person\u012bbu\" class=\"headline__image img-fluid w-100\"\/><\/a><a href=\"https:\/\/www.delfi.lv\/kultura\/52862727\/screen\/52727495\/cilveks-ar-misijas-apzinu-kuru-nekas-nespeja-apturet-jurim-podniekam-70\" class=\"headline__image-link\" itemprop=\"url\" rel=\"nofollow noopener\" target=\"_blank\"><img decoding=\"async\" loading=\"lazy\" itemprop=\"image\" src=\"https:\/\/www.europesays.com\/lv\/wp-content\/uploads\/2025\/12\/fd015e50-5c39-11ed-a692-39fc1e8dddd0.jpg\" alt=\"Cilv\u0113ks ar misijas apzi\u0146u, kuru nekas nesp\u0113ja aptur\u0113t. Jurim Podniekam \u201370\" title=\"Cilv\u0113ks ar misijas apzi\u0146u, kuru nekas nesp\u0113ja aptur\u0113t. Jurim Podniekam \u201370\" class=\"headline__image img-fluid w-100\"\/><\/a><\/p>\n<p>Izst\u0101de Kino muzej\u0101 un filmu izlase tie\u0161saist\u0113 Izcilajam dokument\u0101r\u0101 kino re\u017eisoram un operatoram Jurim Podniekam 2025. gada 5. decembr\u012b aprit\u0113s 75 gadi, t\u0101p\u0113c ar Valsts kult\u016brkapit\u0101la fonda atbalstu 2025. gad\u0101 \u012bstenota programma &#8220;Jura Podnieka gads&#8221; \u2013 t\u0101s ietvaros notiku\u0161i zin\u0101tniski pas\u0101kumi un Jura Podnieka filmu skates, Latvijas Kino muzej\u0101 oktobr\u012b atv\u0113rta kuratoru Annas Vidulejas un Kristapa Epnera veidota izst\u0101de &#8220;Podnieka laiktelpa&#8221;, kas apskat\u0101ma v\u0113l l\u012bdz 6. decembrim. Nacion\u0101l\u0101 Kino centra port\u0101l\u0101 &#8220;<a rel=\"noopener nofollow\" target=\"_blank\" href=\"http:\/\/filmas.lv\" data-rel-date-range=\"[]\">filmas.lv<\/a>&#8221; Patriotu ned\u0113\u013c\u0101 (11.-19.11.) Jura Podnieka filmu izlase bija pieejama tie\u0161saist\u0113 vis\u0101 pasaul\u0113, no 19. novembra re\u017eisora un operatora filmu kolekcija ir papildin\u0101ta un turpm\u0101k skat\u0101ma Latvijas teritorij\u0101 bez laika ierobe\u017eojuma.<\/p>\n<p>Jauns izdevums ar Podnieka dienasgr\u0101matu ierakstiem<\/p>\n<p>Tie\u0161i Jura Podnieka dzim\u0161anas dienas priek\u0161vakar\u0101, 4. decembr\u012b pulksten 17, Latvijas Kino muzej\u0101 tiks atv\u0113rta gr\u0101mata &#8220;Juris Podnieks. Dienasgr\u0101matas. 1975\u20131981&#8221; (izdev\u0113js Latvijas Mediji, sast\u0101d\u012bt\u0101js un redaktors \u2013 kinop\u0113tnieks Agris Redovi\u010ds). Tas ir izcil\u0101 re\u017eisora jaun\u012bbas dienu pierakstu un dienasgr\u0101matu apkopojuma pirmais s\u0113jums, aptverot laiku no pirmajiem patst\u0101v\u012bgajiem operatordarba so\u013ciem l\u012bdz pirm\u0101s pilnmetr\u0101\u017eas filmas &#8220;Str\u0113lnieku zvaigzn\u0101js&#8221; tap\u0161anai \u2013 &#8220;noz\u012bm\u012bgs kult\u016bras dokuments, kas \u013cauj las\u012bt\u0101jam iepaz\u012bt ne vien kinov\u0113sturi, bet ar\u012b dzi\u013ci cilv\u0113c\u012bgu, dom\u0101jo\u0161u un j\u016bt\u012bgu m\u0101kslinieku, vi\u0146a \u0161aubu un mekl\u0113jumu ce\u013cu, Podnieka rado\u0161\u0101s ener\u0123ijas un \u0113tisk\u0101 kodola sp\u0113ku.&#8221;<\/p>\n<p><img decoding=\"async\" itemprop=\"image\" src=\"https:\/\/www.europesays.com\/lv\/wp-content\/uploads\/2025\/12\/e5785b2b-9a5d-4df8-88f5-c635f525347c.jpg\" title=\"Jurim Podniekam \u2013 75. Ar vair\u0101kiem pas\u0101kumiem nosl\u0113gsies izcil\u0101 dokument\u0101lista jubilejas gads\" alt=\"Jurim Podniekam \u2013 75. Ar vair\u0101kiem pas\u0101kumiem nosl\u0113gsies izcil\u0101 dokument\u0101lista jubilejas gads\" class=\"img-fluid w-100\" data-v-a1a92103=\"\"\/>Foto: Latvijas Mediji Koncerts &#8220;Sarunas bez v\u0101rdiem&#8221;<\/p>\n<p>4. decembr\u012b pulksten 19, LKA Latvijas Kino muzejs aicina uz re\u017eisoram velt\u012btu koncertu &#8220;Sarunas bez v\u0101rdiem&#8221;, programm\u0101 skan\u0113s D\u017eona Keid\u017ea, Riharda Za\u013cupes, J\u0101\u0146a Ivanova un \u017dibokles Martinait\u012btes m\u016bzika. Latvijas Radio koris, diri\u0123ents Sigvards K\u013cava un dejot\u0101ja un horeogr\u0101fe Lilija Lipora aicin\u0101s ce\u013cojum\u0101, glezniecisku ska\u0146u un kust\u012bbu pasaul\u0113, kuru rada un veido unik\u0101li instrumenti \u2014 cilv\u0113ka balss un cilv\u0113ka \u0137ermenis. L\u012bdz\u012bgi k\u0101 glezniec\u012bb\u0101, kur v\u0113rojami visda\u017e\u0101d\u0101k\u0101s intensit\u0101tes otas triepieni un kr\u0101su fakt\u016bras, ar\u012b \u0161\u012bs programmas ska\u0146ra\u017eu m\u016bzikas valod\u0101 sastopami vispla\u0161\u0101k\u0101 diapazona izteiksmes veidi, kurus Latvijas Radio kora balsis, Lilijas Liporas kust\u012bba un gongu sp\u0113le padara par dz\u012bviem m\u0101kslas darbiem.<\/p>\n<p>Koncerts notiks LKA Mazaj\u0101 z\u0101l\u0113, Miera iel\u0101 58a. Ieeja bez maksas, iepriek\u0161 piesakoties l\u012bdz 2.12, rakstot uz <a rel=\"noopener nofollow\" target=\"_blank\" href=\"https:\/\/www.delfi.lv\/kultura\/52862727\/screen\/120097608\/mailto:kinomuzejs@kinomuzejs.lv\" data-rel-date-range=\"[]\">kinomuzejs@kinomuzejs.lv<\/a>.<\/p>\n<p>Par Juri Podnieku<\/p>\n<p>Juris Podnieks (1950\u20131992) bija viens no iev\u0113rojam\u0101kajiem latvie\u0161u dokument\u0101listiem, izcils operators un v\u0113l\u0101k ar\u012b re\u017eisors. Vi\u0146\u0161 s\u0101ka k\u0101 operators, kop\u0101 ar Hercu Franku str\u0101d\u0101jot pie film\u0101m &#8220;Aizliegt\u0101 zona&#8221; (1975) un &#8220;Vec\u0101ks par desmit min\u016bt\u0113m&#8221; (1978). &#8220;Str\u0113lnieku zvaigzn\u0101js&#8221; (1982), Podnieka pirm\u0101 pilnmetr\u0101\u017eas filma, lauza priek\u0161status par latvie\u0161u str\u0113lniekiem, run\u0101jot par b\u016btiskiem tautas v\u0113stures notikumiem. Podnieka filma &#8220;Vai viegli b\u016bt jaunam?&#8221; (1986) bija k\u0101 svaiga gaisa malks stagn\u0113jo\u0161\u0101 valst\u012b, kur vi\u0146\u0161 uzs\u0101k nebiju\u0161i atkl\u0101tu sarunu ar jaunie\u0161iem.<\/p>\n<p>1990. gad\u0101 Podnieks s\u0101ka darbu pie sava meistardarba &#8220;Krustce\u013c\u0161&#8221;, kas emocion\u0101li run\u0101 par Baltijas tautu likteni un neatkar\u012bbas centieniem.<\/p>\n<p>1991. gada 20. janv\u0101r\u012b Podnieks kop\u0101 ar operatoriem Andri Slapi\u0146u un Gvido Zvaigzni izg\u0101ja R\u012bgas iel\u0101s, lai film\u0113tu padomju sp\u0113ku uzbrukumu barik\u0101\u017eu laik\u0101. Abi kinooperatori tika no\u0161auti. N\u0101kamaj\u0101 dien\u0101 Podnieks n\u0101ca klaj\u0101 ar pazi\u0146ojumu: &#8220;M\u0113s dev\u0101mies kaujas lauk\u0101, lai ar kameras pal\u012bdz\u012bbu mekl\u0113tu paties\u012bbu \u2013 tas bija m\u016bsu vien\u012bgais ierocis. Tie, kuri \u0161\u0101va uz mums, ir sist\u0113mas vergi \u2013 marionetes varas rok\u0101s. Tie\u0161i \u0161\u012b sist\u0113ma m\u016bs visus \u0161os gadus ir \u017e\u0146augusi.&#8221;<\/p>\n<p>Juris Podnieks g\u0101ja boj\u0101 nelaimes gad\u012bjum\u0101 1992. gada 23. j\u016bnij\u0101 41 gada vecum\u0101.<\/p>\n<p class=\"m-0\">Seko &#8220;Delfi&#8221; ar\u012b  <a target=\"_blank\" href=\"https:\/\/www.instagram.com\/delfi.lv\/\" rel=\"nofollow noopener\">Instagram<\/a>  un <a target=\"_blank\" href=\"https:\/\/www.youtube.com\/channel\/UCw5foWtcJvAbUm64rv7jwUQ\" rel=\"nofollow noopener\">YouTube<\/a>  profil\u0101 \u2013 pievienojies, lai uzzin\u0101tu svar\u012bg\u0101ko un interesant\u0101ko pirmais!<\/p>\n<p>Publik\u0101cijas saturs vai t\u0101s jebk\u0101da apjoma da\u013ca ir aizsarg\u0101ts autorties\u012bbu objekts Autorties\u012bbu likuma izpratn\u0113, un t\u0101 izmanto\u0161ana bez izdev\u0113ja at\u013caujas ir aizliegta. Vair\u0101k lasi  <a target=\"_blank\" href=\"https:\/\/www.delfi.lv\/noteikumi#autortiesibas\" rel=\"nofollow noopener\">\u0161eit<\/a><script async src=\"\/\/www.instagram.com\/embed.js\"><\/script><\/p>\n","protected":false},"excerpt":{"rendered":"\u0160\u012b gada 5. decembr\u012b 75. dzim\u0161anas dienu svin\u0113tu re\u017eisors un operators Juris Podnieks (1950-1992). Pieminot izcilo dokument\u0101listu, vi\u0146a&hellip;\n","protected":false},"author":2,"featured_media":64696,"comment_status":"","ping_status":"","sticky":false,"template":"","format":"standard","meta":{"footnotes":""},"categories":[19],"tags":[89,90,7140,35,39,38,36,37,34,40,16867],"class_list":{"0":"post-64695","1":"post","2":"type-post","3":"status-publish","4":"format-standard","5":"has-post-thumbnail","7":"category-izklaide","8":"tag-entertainment","9":"tag-izklaide","10":"tag-juris-podnieks","11":"tag-latvia","12":"tag-latvian","13":"tag-latviesu","14":"tag-latviesu-valoda","15":"tag-latviesuvaloda","16":"tag-latvija","17":"tag-lv","18":"tag-rigas-kino-muzejs"},"share_on_mastodon":{"url":"https:\/\/pubeurope.com\/@lv\/115655776993817778","error":""},"_links":{"self":[{"href":"https:\/\/www.europesays.com\/lv\/wp-json\/wp\/v2\/posts\/64695","targetHints":{"allow":["GET"]}}],"collection":[{"href":"https:\/\/www.europesays.com\/lv\/wp-json\/wp\/v2\/posts"}],"about":[{"href":"https:\/\/www.europesays.com\/lv\/wp-json\/wp\/v2\/types\/post"}],"author":[{"embeddable":true,"href":"https:\/\/www.europesays.com\/lv\/wp-json\/wp\/v2\/users\/2"}],"replies":[{"embeddable":true,"href":"https:\/\/www.europesays.com\/lv\/wp-json\/wp\/v2\/comments?post=64695"}],"version-history":[{"count":0,"href":"https:\/\/www.europesays.com\/lv\/wp-json\/wp\/v2\/posts\/64695\/revisions"}],"wp:featuredmedia":[{"embeddable":true,"href":"https:\/\/www.europesays.com\/lv\/wp-json\/wp\/v2\/media\/64696"}],"wp:attachment":[{"href":"https:\/\/www.europesays.com\/lv\/wp-json\/wp\/v2\/media?parent=64695"}],"wp:term":[{"taxonomy":"category","embeddable":true,"href":"https:\/\/www.europesays.com\/lv\/wp-json\/wp\/v2\/categories?post=64695"},{"taxonomy":"post_tag","embeddable":true,"href":"https:\/\/www.europesays.com\/lv\/wp-json\/wp\/v2\/tags?post=64695"}],"curies":[{"name":"wp","href":"https:\/\/api.w.org\/{rel}","templated":true}]}}