{"id":64717,"date":"2025-12-03T13:28:09","date_gmt":"2025-12-03T13:28:09","guid":{"rendered":"https:\/\/www.europesays.com\/lv\/64717\/"},"modified":"2025-12-03T13:28:09","modified_gmt":"2025-12-03T13:28:09","slug":"meiers-parcelas-no-igaunijas-uz-lietuvu","status":"publish","type":"post","link":"https:\/\/www.europesays.com\/lv\/64717\/","title":{"rendered":"Meiers p\u0101rce\u013cas no Igaunijas uz Lietuvu"},"content":{"rendered":"<p>Otrdien tika zi\u0146ots, ka Meiers neturpin\u0101s p\u0101rst\u0101v\u0113t Igaunijas klubu Tallinas &#8220;TalTech&#8221;\/&#8221;Alexela&#8221;.<\/p>\n<p>Meiers pievienoj\u0101s &#8220;TalTech&#8221;\/&#8221;Alexela&#8221; pirms \u0161\u012bs sezonas. Latvijas-Igaunijas Basketbola l\u012bg\u0101 (LIBL) vi\u0146\u0161 dev\u0101s laukum\u0101 devi\u0146\u0101s sp\u0113l\u0113s, vid\u0113ji ma\u010d\u0101 izce\u013coties ar 9,1 punktu un 3,8 atl\u0113ku\u0161aj\u0101m bumb\u0101m.<\/p>\n<p>&#8220;Garg\u017edai&#8221; Lietuvas \u010dempion\u0101t\u0101 ar \u010detr\u0101m uzvar\u0101m desmit sp\u0113l\u0113s ie\u0146em piekto vietu devi\u0146u komandu konkurenc\u0113.<\/p>\n<p>Pag\u0101ju\u0161\u0101s sezonas ievad\u0101 34 gadus vecais basketbolists aizvad\u012bja vienu sp\u0113li &#8220;Saldus&#8221; kluba rind\u0101s p\u0113c sp\u0113ka otraj\u0101 Latvijas l\u012bg\u0101, bet p\u0113c tam pievienoj\u0101s Tallinas &#8220;Kalev&#8221;\/&#8221;Cramo, kur\u0101 iepriek\u0161 sp\u0113l\u0113ja 2022.\/2023. gada sezon\u0101, pal\u012bdzot komandai k\u013c\u016bt par Igaunijas \u010dempioni.<\/p>\n<p>Karjeras laik\u0101 Meiers ir sp\u0113l\u0113jis ar\u012b Latvijas klubos &#8220;Ventspils&#8221;, &#8220;Liep\u0101jas lauvas&#8221;, &#8220;VEF R\u012bga&#8221; un &#8220;R\u012bgas ze\u013c\u013ci&#8221;, bet \u0101rzem\u0113s sp\u0113l\u0113jis Polij\u0101, V\u0101cij\u0101, Melnkaln\u0113, Kazahst\u0101n\u0101, Francij\u0101 un Be\u013c\u0123ij\u0101.<\/p>\n<p>Latvijas izlas\u0113 Meiers laika posm\u0101 no 2011. gada l\u012bdz 2021. gadam aizvad\u012bja 63 ofici\u0101los ma\u010dus, vid\u0113ji sp\u0113l\u0113 iekr\u0101jot 8,3 punktus.<\/p>\n","protected":false},"excerpt":{"rendered":"Otrdien tika zi\u0146ots, ka Meiers neturpin\u0101s p\u0101rst\u0101v\u0113t Igaunijas klubu Tallinas &#8220;TalTech&#8221;\/&#8221;Alexela&#8221;. Meiers pievienoj\u0101s &#8220;TalTech&#8221;\/&#8221;Alexela&#8221; pirms \u0161\u012bs sezonas. Latvijas-Igaunijas&hellip;\n","protected":false},"author":2,"featured_media":64718,"comment_status":"","ping_status":"","sticky":false,"template":"","format":"standard","meta":{"footnotes":""},"categories":[17],"tags":[145,5633,1098,35,39,38,36,37,34,40,16851,67],"class_list":{"0":"post-64717","1":"post","2":"type-post","3":"status-publish","4":"format-standard","5":"has-post-thumbnail","7":"category-sports","8":"tag-basketbols","9":"tag-basketbols-lietuva","10":"tag-basketbols-pasaule","11":"tag-latvia","12":"tag-latvian","13":"tag-latviesu","14":"tag-latviesu-valoda","15":"tag-latviesuvaloda","16":"tag-latvija","17":"tag-lv","18":"tag-martins-meiers","19":"tag-sports"},"share_on_mastodon":{"url":"https:\/\/pubeurope.com\/@lv\/115655875192565945","error":""},"_links":{"self":[{"href":"https:\/\/www.europesays.com\/lv\/wp-json\/wp\/v2\/posts\/64717","targetHints":{"allow":["GET"]}}],"collection":[{"href":"https:\/\/www.europesays.com\/lv\/wp-json\/wp\/v2\/posts"}],"about":[{"href":"https:\/\/www.europesays.com\/lv\/wp-json\/wp\/v2\/types\/post"}],"author":[{"embeddable":true,"href":"https:\/\/www.europesays.com\/lv\/wp-json\/wp\/v2\/users\/2"}],"replies":[{"embeddable":true,"href":"https:\/\/www.europesays.com\/lv\/wp-json\/wp\/v2\/comments?post=64717"}],"version-history":[{"count":0,"href":"https:\/\/www.europesays.com\/lv\/wp-json\/wp\/v2\/posts\/64717\/revisions"}],"wp:featuredmedia":[{"embeddable":true,"href":"https:\/\/www.europesays.com\/lv\/wp-json\/wp\/v2\/media\/64718"}],"wp:attachment":[{"href":"https:\/\/www.europesays.com\/lv\/wp-json\/wp\/v2\/media?parent=64717"}],"wp:term":[{"taxonomy":"category","embeddable":true,"href":"https:\/\/www.europesays.com\/lv\/wp-json\/wp\/v2\/categories?post=64717"},{"taxonomy":"post_tag","embeddable":true,"href":"https:\/\/www.europesays.com\/lv\/wp-json\/wp\/v2\/tags?post=64717"}],"curies":[{"name":"wp","href":"https:\/\/api.w.org\/{rel}","templated":true}]}}