{"id":64719,"date":"2025-12-03T13:31:09","date_gmt":"2025-12-03T13:31:09","guid":{"rendered":"https:\/\/www.europesays.com\/lv\/64719\/"},"modified":"2025-12-03T13:31:09","modified_gmt":"2025-12-03T13:31:09","slug":"arvien-dzilakos-parados-opozicijas-deputati-asi-kritize-nakama-gada-budzetu","status":"publish","type":"post","link":"https:\/\/www.europesays.com\/lv\/64719\/","title":{"rendered":"&#8220;Arvien dzi\u013c\u0101kos par\u0101dos&#8221; \u2013 opoz\u012bcijas deput\u0101ti asi kritiz\u0113 n\u0101kam\u0101 gada bud\u017eetu"},"content":{"rendered":"<p>Saeimas debat\u0113s akt\u012bvi izteikties izmanto iesp\u0113ju opoz\u012bcijas deput\u0101ti, piem\u0113ram, no &#8220;Apvienot\u0101 saraksta&#8221; (AS).<\/p>\n<p>AS deput\u0101ti debat\u0113s akcent\u0113ja, ka n\u0101kamgad un ar\u012b turpm\u0101k ir j\u0101str\u0101d\u0101, lai nevairotu valsts par\u0101du. Opozicion\u0101ri nor\u0101d\u012bja, ka \u0161\u0101da r\u012bc\u012bba var novest pie t\u0101, ka tad, kad patie\u0161\u0101m b\u016bs vajadz\u012bba aiz\u0146emties, \u0161\u0101das iesp\u0113jas vairs neb\u016bs.<\/p>\n<p>Deput\u0101ti cita starp\u0101 pauda p\u0101rliec\u012bbu, ka Latvijas ekonomika ne\u013cauj aiz\u0146emties, k\u0101 to var dar\u012bt citas valstis. K\u0101 piem\u0113rs tika min\u0113ta Grie\u0137ija, kurai ir t\u016brisma iesp\u0113jas, kas dod pienesumu vi\u0146u valsts bud\u017eetam.<\/p>\n<p>J\u0101nis Dombrava (NA) pauda viedokli, ka pa\u0161laik tiek iets &#8220;arvien dzi\u013c\u0101kos par\u0101dos&#8221;, sasniedzot l\u012bmeni, kad vairs &#8220;nevar\u0113s tikt gal\u0101&#8221;. Politi\u0137is uzskata, ka aiz\u0146emties dr\u012bkst tikai, lai veiktu ieguld\u012bjumus ekonomikas att\u012bst\u012bb\u0101 un aizsardz\u012bbas stiprin\u0101\u0161an\u0101.<\/p>\n<p>Andris Kulbergs (AS) koal\u012bcijas deput\u0101tiem p\u0101rmeta to, ka pa\u0161i deput\u0101ti p\u0101rk\u0101pu\u0161i savas iepriek\u0161\u0113j\u0101s ap\u0146em\u0161an\u0101s, no kur\u0101m viena bijusi nevairot valsts par\u0101du.<\/p>\n<p>L\u012bdz plkst. 15 Saeimas deput\u0101ti gal\u012bgaj\u0101 las\u012bjum\u0101 izskat\u012bju\u0161i un pie\u0146\u0113mu\u0161i teju 25 no 47 n\u0101kam\u0101 gada bud\u017eeta pavado\u0161ajiem likumprojektiem.<\/p>\n<p>Saeimas s\u0113d\u0113, kur\u0101 tiek skat\u012bts n\u0101kam\u0101 gada bud\u017eets un to pavado\u0161ie likumprojekti, tiks sa\u012bsin\u0101ts deba\u0161u laiks, tre\u0161dien nol\u0113ma deput\u0101ti.<\/p>\n<p>Saeimas deput\u0101ti nol\u0113mu\u0161i, ka parlament\u0101rie\u0161i var\u0113s debat\u0113t &#8220;3+1&#8221; min\u016bti pie katra priek\u0161likuma. Parasti par priek\u0161likumiem deput\u0101ti var debat\u0113t piecas min\u016btes pirmaj\u0101 reiz\u0113, bet divas min\u016btes otraj\u0101 reiz\u0113.<\/p>\n<p>Politi\u0137i ir sol\u012bju\u0161i, ka bud\u017eeta izskat\u012b\u0161ana nakt\u012b parlament\u0101 nenotiks, lai sabiedr\u012bba, nevalstisk\u0101s organiz\u0101cijas un mediji var\u0113tu sekot l\u012bdzi procesam. Bud\u017eeta izskat\u012b\u0161ana otraj\u0101 las\u012bjum\u0101 s\u0101kas \u0161odien plkst. 9, un pl\u0101nots, ka darbs turpin\u0101sies l\u012bdz attiec\u012bg\u0101s dienas plkst. 21.<\/p>\n","protected":false},"excerpt":{"rendered":"Saeimas debat\u0113s akt\u012bvi izteikties izmanto iesp\u0113ju opoz\u012bcijas deput\u0101ti, piem\u0113ram, no &#8220;Apvienot\u0101 saraksta&#8221; (AS). AS deput\u0101ti debat\u0113s akcent\u0113ja, ka&hellip;\n","protected":false},"author":2,"featured_media":64720,"comment_status":"","ping_status":"","sticky":false,"template":"","format":"standard","meta":{"footnotes":""},"categories":[12],"tags":[23,28,29,32,33,22,30,31,35,39,38,36,37,34,40,20,1858,26,27,141,24,25,331,21],"class_list":{"0":"post-64719","1":"post","2":"type-post","3":"status-publish","4":"format-standard","5":"has-post-thumbnail","7":"category-latvija","8":"tag-aktualitates","9":"tag-breaking-news","10":"tag-breakingnews","11":"tag-featured-news","12":"tag-featurednews","13":"tag-headlines","14":"tag-latest-news","15":"tag-latestnews","16":"tag-latvia","17":"tag-latvian","18":"tag-latviesu","19":"tag-latviesu-valoda","20":"tag-latviesuvaloda","21":"tag-latvija","22":"tag-lv","23":"tag-news","24":"tag-opozicija","25":"tag-popularakas-zinas","26":"tag-popularakaszinas","27":"tag-saeima","28":"tag-top-stories","29":"tag-topstories","30":"tag-valsts-budzets","31":"tag-zinas"},"share_on_mastodon":{"url":"https:\/\/pubeurope.com\/@lv\/115655887063256223","error":""},"_links":{"self":[{"href":"https:\/\/www.europesays.com\/lv\/wp-json\/wp\/v2\/posts\/64719","targetHints":{"allow":["GET"]}}],"collection":[{"href":"https:\/\/www.europesays.com\/lv\/wp-json\/wp\/v2\/posts"}],"about":[{"href":"https:\/\/www.europesays.com\/lv\/wp-json\/wp\/v2\/types\/post"}],"author":[{"embeddable":true,"href":"https:\/\/www.europesays.com\/lv\/wp-json\/wp\/v2\/users\/2"}],"replies":[{"embeddable":true,"href":"https:\/\/www.europesays.com\/lv\/wp-json\/wp\/v2\/comments?post=64719"}],"version-history":[{"count":0,"href":"https:\/\/www.europesays.com\/lv\/wp-json\/wp\/v2\/posts\/64719\/revisions"}],"wp:featuredmedia":[{"embeddable":true,"href":"https:\/\/www.europesays.com\/lv\/wp-json\/wp\/v2\/media\/64720"}],"wp:attachment":[{"href":"https:\/\/www.europesays.com\/lv\/wp-json\/wp\/v2\/media?parent=64719"}],"wp:term":[{"taxonomy":"category","embeddable":true,"href":"https:\/\/www.europesays.com\/lv\/wp-json\/wp\/v2\/categories?post=64719"},{"taxonomy":"post_tag","embeddable":true,"href":"https:\/\/www.europesays.com\/lv\/wp-json\/wp\/v2\/tags?post=64719"}],"curies":[{"name":"wp","href":"https:\/\/api.w.org\/{rel}","templated":true}]}}