{"id":64725,"date":"2025-12-03T13:34:17","date_gmt":"2025-12-03T13:34:17","guid":{"rendered":"https:\/\/www.europesays.com\/lv\/64725\/"},"modified":"2025-12-03T13:34:17","modified_gmt":"2025-12-03T13:34:17","slug":"nikolato-pie-latvijas-futbola-izlases-stures-varetu-palikt-vien-uz-daziem-menesiem-delfi","status":"publish","type":"post","link":"https:\/\/www.europesays.com\/lv\/64725\/","title":{"rendered":"Nikolato pie Latvijas futbola izlases st\u016bres var\u0113tu palikt vien uz da\u017eiem m\u0113ne\u0161iem &#8211; Delfi"},"content":{"rendered":"<ol>\n<li><a href=\"https:\/\/news.google.com\/rss\/articles\/CBMi0wFBVV95cUxPQkZialAyMU9fVzF5YWJSYlJlWV9fN2xWM2FLUmU4T2pXalVtRlpYNnVaeXB3QmNhbEsxdDRhRDJRekY3ZjI4dUhuUGl4cElfai1TeHA5V0VBWW16cDVURjhZVjVJZENQZnJVU2t5SmYxMWdOY0MxSUp2ellzWFExdU9BOWFTOUY5M1RaSGdKRU1nUllmN2VvSTRmZ0dzOGdoX0lIdmJVMzRnM25jdlpMcGlaWm9WZkFNMy13M2duNE9jeVBzamc1ckRDY1NLVjQ1b1Qw?oc=5\" target=\"_blank\" rel=\"nofollow noopener\">Nikolato pie Latvijas futbola izlases st\u016bres var\u0113tu palikt vien uz da\u017eiem m\u0113ne\u0161iem<\/a>&nbsp;&nbsp;Delfi<\/li>\n<li><a href=\"https:\/\/news.google.com\/rss\/articles\/CBMi7wFBVV95cUxOOHpyTlJtYWJ0dnRueHNnWElMQ0d4aXFudDZvYTRpVUVHYXBiZ1dzTmlTVmh2WjcxcUtlLUVWeW1ldnFiRm5Zd05LS0JHWjBkTk82djhzbGdKN2RnaC1WMGxlMFhqcXpGczNFWFJGdjFrckpTMEpRbFc0REkzVTF4enE0b1NWZldncS1nb0hWc05ZZFktdG9xcFYxN2R1VjNyeW1kTnJVRHdXRjBReDJEQUh4aFZxMDhyam5oX0tKSkJWdjN2WDlZWklSWnpna0dfcW83SGNnVUFxOXgyRnhCNVNrX0RkTUNxQnVyVy12bw?oc=5\" target=\"_blank\" rel=\"nofollow noopener\">Futbola feder\u0101cija gatava turpin\u0101t sadarb\u012bbu ar izlases treneri Nikolato, risina sarunas ar a\u0123entu<\/a>&nbsp;&nbsp;LSM<\/li>\n<li><a href=\"https:\/\/news.google.com\/rss\/articles\/CBMitwFBVV95cUxOMV8tSUJFUkpiamhKc2FLa0FCZTgxX09Md05SZUtqeklORFp2V0ZPUGdwMTBzeU4wN2QtdEtHWWlqUW1SMVRSWGo1UzkyRzR6MUUxUWtOU2VwcmNhUXJUT2wzQWtvU0pDNW5yVU1tOV9nOUxadFM1cmY5SmxQSlpiMy1BZDBRUzFNU0JPb19KSUYzS3ctN3JhUWROVVRpbU5aTVItZUQ2bkkwYmJGSlpfMkZfSWVmSGc?oc=5\" target=\"_blank\" rel=\"nofollow noopener\">LFF ar Nikolato apsprie\u017e l\u012bguma pagarin\u0101\u0161anu \u2013 \u013ba\u0161enko nosauc divus sadarb\u012bbas mode\u013cus<\/a>&nbsp;&nbsp;TVNET Sports<\/li>\n<li><a href=\"https:\/\/news.google.com\/rss\/articles\/CBMipAFBVV95cUxNNExUWjBVUnY5WWt4ZjJhbkhPeHZidWREOW01eW9OcUd1d0o3ZW95Q3ZMZ2VIMElFNXNPSFNYVlEyWjFPUVd1VlJtOGR2MlNNTmxMeVR4NmstcXRQb29MeldjUEd6dFJiNnA1S3RIVjh2UXFPa2lLUmFtcmtkcGtHdnE0em5CbzFVc0dTVVNxM3dzbHJQcXNUZ1VQajhLc0liTmRIWg?oc=5\" target=\"_blank\" rel=\"nofollow noopener\">LFF prezidents atkl\u0101j p\u0101rrunu deta\u013cas par l\u012bguma pagarin\u0101\u0161anu ar Nikolato<\/a>&nbsp;&nbsp;Sportazinas.com<\/li>\n<li><a href=\"https:\/\/news.google.com\/rss\/articles\/CBMiwgFBVV95cUxQQ0pLSEZoOVpxY0paa21qQ1FwVFhHN3BFR0RHUmV5am9lQVdQalJtaW5hOXhmcWRjdDJpeGQ1UmVYb1h6c0hISk5NM3I0ZFhNUF93VlNVbmU5d3FkWmQ1SFV2cFd6My1iOGZwdlh1NF9RS3l5MDRCRnVhbVluV3lDblVsdXFrQUo3Rnd5a055QWdTVTJIcVl1ZzNsWGFPd3NHcnpWcHJQOWRGYVhobjctNXoyWm1HdTY0OEFFYzFqNmItZw?oc=5\" target=\"_blank\" rel=\"nofollow noopener\">Latvijas Futbola feder\u0101cija koment\u0113, vai turpin\u0101s sadarb\u012bbu ar izlases treneri Nikolato<\/a>&nbsp;&nbsp;Jauns.lv<\/li>\n<\/ol>\n","protected":false},"excerpt":{"rendered":"Nikolato pie Latvijas futbola izlases st\u016bres var\u0113tu palikt vien uz da\u017eiem m\u0113ne\u0161iem&nbsp;&nbsp;Delfi Futbola feder\u0101cija gatava turpin\u0101t sadarb\u012bbu ar&hellip;\n","protected":false},"author":2,"featured_media":64726,"comment_status":"","ping_status":"","sticky":false,"template":"","format":"standard","meta":{"footnotes":""},"categories":[17],"tags":[35,39,38,36,37,34,4414,4016,8574,40,67,9768],"class_list":{"0":"post-64725","1":"post","2":"type-post","3":"status-publish","4":"format-standard","5":"has-post-thumbnail","7":"category-sports","8":"tag-latvia","9":"tag-latvian","10":"tag-latviesu","11":"tag-latviesu-valoda","12":"tag-latviesuvaloda","13":"tag-latvija","14":"tag-latvijas-futbola-federacija","15":"tag-latvijas-futbola-izlase","16":"tag-latvijas-radio","17":"tag-lv","18":"tag-sports","19":"tag-vadims-lasenko"},"share_on_mastodon":{"url":"https:\/\/pubeurope.com\/@lv\/115655898842023339","error":""},"_links":{"self":[{"href":"https:\/\/www.europesays.com\/lv\/wp-json\/wp\/v2\/posts\/64725","targetHints":{"allow":["GET"]}}],"collection":[{"href":"https:\/\/www.europesays.com\/lv\/wp-json\/wp\/v2\/posts"}],"about":[{"href":"https:\/\/www.europesays.com\/lv\/wp-json\/wp\/v2\/types\/post"}],"author":[{"embeddable":true,"href":"https:\/\/www.europesays.com\/lv\/wp-json\/wp\/v2\/users\/2"}],"replies":[{"embeddable":true,"href":"https:\/\/www.europesays.com\/lv\/wp-json\/wp\/v2\/comments?post=64725"}],"version-history":[{"count":0,"href":"https:\/\/www.europesays.com\/lv\/wp-json\/wp\/v2\/posts\/64725\/revisions"}],"wp:featuredmedia":[{"embeddable":true,"href":"https:\/\/www.europesays.com\/lv\/wp-json\/wp\/v2\/media\/64726"}],"wp:attachment":[{"href":"https:\/\/www.europesays.com\/lv\/wp-json\/wp\/v2\/media?parent=64725"}],"wp:term":[{"taxonomy":"category","embeddable":true,"href":"https:\/\/www.europesays.com\/lv\/wp-json\/wp\/v2\/categories?post=64725"},{"taxonomy":"post_tag","embeddable":true,"href":"https:\/\/www.europesays.com\/lv\/wp-json\/wp\/v2\/tags?post=64725"}],"curies":[{"name":"wp","href":"https:\/\/api.w.org\/{rel}","templated":true}]}}