{"id":64812,"date":"2025-12-03T16:10:11","date_gmt":"2025-12-03T16:10:11","guid":{"rendered":"https:\/\/www.europesays.com\/lv\/64812\/"},"modified":"2025-12-03T16:10:11","modified_gmt":"2025-12-03T16:10:11","slug":"krofords-zaude-vesturisko-absoluta-cempiona-statusu-bez-cinas","status":"publish","type":"post","link":"https:\/\/www.europesays.com\/lv\/64812\/","title":{"rendered":"Krofords zaud\u0113 v\u0113sturisko absol\u016bt\u0101 \u010dempiona statusu \u2013 bez c\u012b\u0146as"},"content":{"rendered":"<p>Pasaules Boksa padome (WBC) at\u0146\u0113musi Krofordam \u010dempiona jostu. \u0160o titulu, kop\u0101 ar vis\u0101m p\u0101r\u0113j\u0101m otr\u0101 vid\u0113j\u0101 svara kategorij\u0101, vi\u0146\u0161 septembr\u012b izc\u012bn\u012bja ar v\u0113sturisko uzvaru p\u0101r Saulu &#8220;Kanelo&#8221; Alvaresu.<\/p>\n<p>WBC pazi\u0146oja, ka tituls at\u0146emts t\u0101p\u0113c, ka Krofords nav samaks\u0101jis organiz\u0101cijas maksu par \u010dempiona titula uztur\u0113\u0161anu. Tiek nor\u0101d\u012bts, ka padome piepras\u012bjusi 0,6% no vi\u0146a 50 miljonu ASV dol\u0101ru honor\u0101ra par c\u012b\u0146u pret Kanelo. V\u0113l vair\u0101k \u2013 tiek zi\u0146ots, ka Krofords neesot samaks\u0101jis ar\u012b par iepriek\u0161\u0113jo c\u012b\u0146u.<\/p>\n<p>WBC sav\u0101 pazi\u0146ojum\u0101 skaidro: &#8220;WBC nos\u016bt\u012bja vair\u0101kus pazi\u0146ojumus \u010dempionam Krofordam, vi\u0146a mened\u017eerim un vi\u0146a juridiskajam konsultantam. Diem\u017e\u0113l WBC nav sa\u0146\u0113musi ne apstiprin\u0101jumu par v\u0113stu\u013cu sa\u0146em\u0161anu, ne jebk\u0101du atbildi uz k\u0101du no tiem. WBC nebija citas izv\u0113les, k\u0101 r\u012bkoties.&#8221;<\/p>\n<p>Krofords ir vien\u012bgais bokseris v\u0113stur\u0113, kuram savas karjeras laik\u0101 izdevies k\u013c\u016bt par absol\u016bto \u010dempionu tr\u012bs da\u017e\u0101d\u0101s svara kategorij\u0101s. Pirms otr\u0101 vid\u0113j\u0101 svara vi\u0146\u0161 \u0161o statusu ieguva pusvid\u0113j\u0101 svar\u0101 un pirmaj\u0101 pusvid\u0113j\u0101 svar\u0101.<\/p>\n<p>38 gadus vecais Krofords profesion\u0101laj\u0101 boks\u0101 uzvar\u0113jis vis\u0101s 42 c\u012b\u0146\u0101s, 31 no t\u0101m nosl\u0113dzot ar nokautu.<\/p>\n","protected":false},"excerpt":{"rendered":"Pasaules Boksa padome (WBC) at\u0146\u0113musi Krofordam \u010dempiona jostu. \u0160o titulu, kop\u0101 ar vis\u0101m p\u0101r\u0113j\u0101m otr\u0101 vid\u0113j\u0101 svara kategorij\u0101,&hellip;\n","protected":false},"author":2,"featured_media":64813,"comment_status":"","ping_status":"","sticky":false,"template":"","format":"standard","meta":{"footnotes":""},"categories":[17],"tags":[2153,2235,35,39,38,36,37,34,40,67],"class_list":{"0":"post-64812","1":"post","2":"type-post","3":"status-publish","4":"format-standard","5":"has-post-thumbnail","7":"category-sports","8":"tag-bokss","9":"tag-cinas-sports","10":"tag-latvia","11":"tag-latvian","12":"tag-latviesu","13":"tag-latviesu-valoda","14":"tag-latviesuvaloda","15":"tag-latvija","16":"tag-lv","17":"tag-sports"},"share_on_mastodon":{"url":"https:\/\/pubeurope.com\/@lv\/115656512208235911","error":""},"_links":{"self":[{"href":"https:\/\/www.europesays.com\/lv\/wp-json\/wp\/v2\/posts\/64812","targetHints":{"allow":["GET"]}}],"collection":[{"href":"https:\/\/www.europesays.com\/lv\/wp-json\/wp\/v2\/posts"}],"about":[{"href":"https:\/\/www.europesays.com\/lv\/wp-json\/wp\/v2\/types\/post"}],"author":[{"embeddable":true,"href":"https:\/\/www.europesays.com\/lv\/wp-json\/wp\/v2\/users\/2"}],"replies":[{"embeddable":true,"href":"https:\/\/www.europesays.com\/lv\/wp-json\/wp\/v2\/comments?post=64812"}],"version-history":[{"count":0,"href":"https:\/\/www.europesays.com\/lv\/wp-json\/wp\/v2\/posts\/64812\/revisions"}],"wp:featuredmedia":[{"embeddable":true,"href":"https:\/\/www.europesays.com\/lv\/wp-json\/wp\/v2\/media\/64813"}],"wp:attachment":[{"href":"https:\/\/www.europesays.com\/lv\/wp-json\/wp\/v2\/media?parent=64812"}],"wp:term":[{"taxonomy":"category","embeddable":true,"href":"https:\/\/www.europesays.com\/lv\/wp-json\/wp\/v2\/categories?post=64812"},{"taxonomy":"post_tag","embeddable":true,"href":"https:\/\/www.europesays.com\/lv\/wp-json\/wp\/v2\/tags?post=64812"}],"curies":[{"name":"wp","href":"https:\/\/api.w.org\/{rel}","templated":true}]}}