{"id":64814,"date":"2025-12-03T16:12:20","date_gmt":"2025-12-03T16:12:20","guid":{"rendered":"https:\/\/www.europesays.com\/lv\/64814\/"},"modified":"2025-12-03T16:12:20","modified_gmt":"2025-12-03T16:12:20","slug":"spried-ar-delfi-par-es-migracijas-paktu-un-latvijas-iespejam-atteikties-uznemt-migrantus","status":"publish","type":"post","link":"https:\/\/www.europesays.com\/lv\/64814\/","title":{"rendered":"&#8220;Spried ar Delfi&#8221; par ES Migr\u0101cijas paktu un Latvijas iesp\u0113j\u0101m atteikties uz\u0146emt migrantus"},"content":{"rendered":"<p><a rel=\"noopener nofollow\" target=\"_blank\" href=\"https:\/\/www.delfi.lv\/temas\/40409793\/eiropas-savieniba\" tag-id=\"40409793\">Eiropas Savien\u012bbas<\/a> (ES) <a rel=\"noopener nofollow\" target=\"_blank\" href=\"https:\/\/www.delfi.lv\/temas\/41965546\/migracija\" tag-id=\"41965546\">Migr\u0101cijas<\/a> un patv\u0113ruma pakt\u0101 noteiktais solidarit\u0101tes princips paredz, ka dal\u012bbvalst\u012bm b\u016bs j\u0101izv\u0113las \u2013 pie\u0146emt noteiktu migrantu skaitu vai samaks\u0101t par atteik\u0161anos to dar\u012bt. Savuk\u0101rt Latvija v\u0113las l\u016bgt iz\u0146\u0113mumu no dal\u012bbas \u0161aj\u0101 b\u0113g\u013cu uz\u0146em\u0161anas solidarit\u0101tes meh\u0101nism\u0101. K\u0101dus pien\u0101kumus dal\u012bbvalst\u012bm paredz ES Migr\u0101cijas un patv\u0113ruma pakts? K\u0101dus iz\u0146\u0113mumus v\u0113las Latvija un cik lielas iesp\u0113jas ir tos pan\u0101kt? Un vai j\u016btams dal\u012bbvalstu spiediens visp\u0101r p\u0101rskat\u012bt ES migr\u0101cijas un patv\u0113ruma principus? Par \u0161iem un citiem jaut\u0101jumiem raid\u012bjum\u0101 &#8220;<a rel=\"noopener nofollow\" target=\"_blank\" href=\"https:\/\/www.delfi.lv\/temas\/52957207\/spried-ar-delfi\" tag-id=\"52957207\">Spried ar Delfi<\/a>&#8221; ceturtdien, 4. decembr\u012b, pulksten 12 \u017eurn\u0101lists Andris Auz\u0101ns run\u0101s ar <a rel=\"noopener nofollow\" target=\"_blank\" href=\"https:\/\/www.delfi.lv\/temas\/40409807\/eiropas-komisija\" tag-id=\"40409807\">Eiropas Komisijas<\/a> p\u0101rst\u0101vniec\u012bbas Latvij\u0101 vad\u012bt\u0101ju Andri Ku\u017enieku un <a rel=\"noopener nofollow\" target=\"_blank\" href=\"https:\/\/www.delfi.lv\/temas\/41210137\/iekslietu-ministrija\" tag-id=\"41210137\">Iek\u0161lietu ministrijas<\/a> valsts sekret\u0101ra vietnieku Kasparu \u0100boli\u0146u. <\/p>\n<p>Jau v\u0113st\u012bts, ka \u0161\u012b gada novembr\u012b Eiropas Komisija (EK) n\u0101ca klaj\u0101 ar zi\u0146ojumu, kas atkl\u0101ja migr\u0101cijas prognozi 2026. gadam, dal\u012bbvalstu iedal\u012bjumu kategorij\u0101s p\u0113c migr\u0101cijas spiediena un priek\u0161likumus par ikgad\u0113j\u0101s solidarit\u0101tes rezerves izveido\u0161anu. <\/p>\n<p>EK ir n\u0101kusi klaj\u0101 ar viedokli, ka Sp\u0101nija, It\u0101lija, Grie\u0137ija un Kipra ir migr\u0101cijas skartas valstis, t\u0101p\u0113c no t\u0101m migranti b\u016btu j\u0101p\u0101rvieto uz cit\u0101m ES dal\u012bbvalst\u012bm. T\u0101pat dal\u012bbvalst\u012bm ir ierosin\u0101ts meh\u0101nisms, lai noteiktu kop\u0113jo p\u0101rvietojamo patv\u0113ruma mekl\u0113t\u0101ju skaitu un naudas summu, kas katrai valstij vai nu j\u0101maks\u0101, vai j\u0101kompens\u0113. Konkr\u0113ti skait\u013ci nav publiski pieejami. Tos ES dal\u012bbvalstis v\u0113l apspried\u012bs un l\u012bdz gada beig\u0101m vienosies gan par patv\u0113ruma mekl\u0113t\u0101ju skaitu, gan naudas summu, kas katrai valstij b\u016btu j\u0101maks\u0101.<\/p>\n<p>Atbilsto\u0161i \u0161im EK pied\u0101v\u0101jumam Latvija kop\u0101 ar Lietuvu un v\u0113l cit\u0101m dal\u012bbvalst\u012bm ir ierindota to valstu grup\u0101, kuras atrodas &#8220;migr\u0101cijas spiediena riska situ\u0101cij\u0101&#8221;, kas paredz, ka Latvijai ir j\u0101piedal\u0101s solidarit\u0101tes meh\u0101nism\u0101 ar k\u0101du no pied\u0101v\u0101tajiem atbalsta veidiem.<\/p>\n<p>Lasiet ar\u012b<\/p>\n<p><a href=\"https:\/\/www.delfi.lv\/bizness\/56234200\/eiropas-zinas\/120096763\/latvija-grib-iznemumu-ek-migracijas-pakta\" class=\"headline__image-link\" itemprop=\"url\" rel=\"nofollow noopener\" target=\"_blank\"><img decoding=\"async\" loading=\"lazy\" itemprop=\"image\" src=\"https:\/\/www.europesays.com\/lv\/wp-content\/uploads\/2025\/12\/f9af611b-8cfc-424c-9391-0c01531df8da.jpg\" alt=\"Latvija grib iz\u0146\u0113mumu EK migr\u0101cijas pakt\u0101\" title=\"Latvija grib iz\u0146\u0113mumu EK migr\u0101cijas pakt\u0101\" class=\"headline__image img-fluid w-100\"\/><\/a><\/p>\n<p>Tom\u0113r jau izskan\u0113jis, ka Iek\u0161lietu ministrija ir iesniegusi papildu inform\u0101ciju EK, lai atk\u0101rtoti l\u016bgtu iz\u0146\u0113mumu no dal\u012bbas b\u0113g\u013cu uz\u0146em\u0161anas solidarit\u0101tes meh\u0101nism\u0101.<\/p>\n<p>K\u0101 skaidroja ministrij\u0101, Latvijai ir ar\u012b iesp\u0113ja izv\u0113l\u0113ties tre\u0161o dal\u012bbas veidu, kas ir dal\u012bbvalsts atbalsts, sniedzot savu ekspertu zin\u0101\u0161anas vai dal\u012bbu, vai ar\u012b sniedzot tehnisko atbalstu. Ministrija EK ir nor\u0101d\u012bjusi, ka Latvija jau ir pie\u0161\u0137\u012brusi iev\u0113rojamus resursus, lai nodro\u0161in\u0101tu ES austrumu robe\u017eas dro\u0161\u012bbu vair\u0101k nek\u0101 \u010detru gadu garum\u0101, t\u0101pat tiek ieguld\u012bti b\u016btiski finan\u0161u resursi, izb\u016bv\u0113jot fizisko un tehnolo\u0123isko robe\u017eu uz Latvijas\u2013Baltkrievijas un Latvijas\u2013Krievijas robe\u017eas. T\u0101pat atz\u012bm\u0113ts, ka Latvija ir uz\u0146\u0113musi par 20% vair\u0101k no jauna iebrauku\u0161o Ukrainas civiliedz\u012bvot\u0101ju, sal\u012bdzinot 2024. gadu ar 2023. gadu, k\u0101 ar\u012b attiec\u012bgaj\u0101 period\u0101 Latvij\u0101 uz\u0146emti vair\u0101k nepilngad\u012bgo ukrai\u0146u, nek\u0101 tas noticis ES vid\u0113ji.<\/p>\n<p>Savus jaut\u0101jumus raid\u012bjuma viesiem s\u016btiet uz e-pastu spried@delfi.lv vai vietn\u0113 <a rel=\"noopener nofollow\" target=\"_blank\" href=\"https:\/\/app.sli.do\/event\/sAgUMTwX78ESNcGqHXCA1A\" data-rel-date-range=\"[]\">slido.com<\/a>, izmantojot kodu #Migranti.<\/p>\n<p>Raid\u012bjuma <a rel=\"noopener nofollow\" target=\"_blank\" href=\"https:\/\/www.delfi.lv\/temas\/52957207\/spried-ar-delfi\" data-rel-date-range=\"[]\">&#8220;Spried ar Delfi<\/a>&#8221; jaun\u0101k\u0101s epizodes ir pieejamas <a rel=\"noopener nofollow\" target=\"_blank\" href=\"https:\/\/podcasts.apple.com\/lv\/podcast\/spried-ar-delfi\/id1600051267\" data-rel-date-range=\"[]\">Apple<\/a> un <a rel=\"noopener nofollow\" target=\"_blank\" href=\"https:\/\/open.spotify.com\/show\/1xlLIWwWF0TtscTAUhGMUv?si=Q8r5UNi3QYyF1w3cUZrAWw&amp;nd=1&amp;dlsi=f709a12a5af54acf\" data-rel-date-range=\"[]\">Spotify<\/a> podk\u0101stos!<\/p>\n<p class=\"m-0\">Seko &#8220;Delfi&#8221; ar\u012b  <a target=\"_blank\" href=\"https:\/\/www.instagram.com\/delfi.lv\/\" rel=\"nofollow noopener\">Instagram<\/a>  un <a target=\"_blank\" href=\"https:\/\/www.youtube.com\/channel\/UCw5foWtcJvAbUm64rv7jwUQ\" rel=\"nofollow noopener\">YouTube<\/a>  profil\u0101 \u2013 pievienojies, lai uzzin\u0101tu svar\u012bg\u0101ko un interesant\u0101ko pirmais!<\/p>\n<p>Publik\u0101cijas saturs vai t\u0101s jebk\u0101da apjoma da\u013ca ir aizsarg\u0101ts autorties\u012bbu objekts Autorties\u012bbu likuma izpratn\u0113, un t\u0101 izmanto\u0161ana bez izdev\u0113ja at\u013caujas ir aizliegta. Vair\u0101k lasi  <a target=\"_blank\" href=\"https:\/\/www.delfi.lv\/noteikumi#autortiesibas\" rel=\"nofollow noopener\">\u0161eit<\/a><script async src=\"\/\/www.instagram.com\/embed.js\"><\/script><\/p>\n","protected":false},"excerpt":{"rendered":"Eiropas Savien\u012bbas (ES) Migr\u0101cijas un patv\u0113ruma pakt\u0101 noteiktais solidarit\u0101tes princips paredz, ka dal\u012bbvalst\u012bm b\u016bs j\u0101izv\u0113las \u2013 pie\u0146emt noteiktu&hellip;\n","protected":false},"author":2,"featured_media":64815,"comment_status":"","ping_status":"","sticky":false,"template":"","format":"standard","meta":{"footnotes":""},"categories":[14],"tags":[23,57,28,29,512,514,7221,32,33,22,6604,9995,30,31,35,39,38,36,37,34,40,7957,20,4955,26,27,4954,24,25,54,55,56,21,58],"class_list":{"0":"post-64814","1":"post","2":"type-post","3":"status-publish","4":"format-standard","5":"has-post-thumbnail","7":"category-zinas-no-arvalstim","8":"tag-aktualitates","9":"tag-arvalstim","10":"tag-breaking-news","11":"tag-breakingnews","12":"tag-eiropas-komisija","13":"tag-eiropas-savieniba","14":"tag-eiropas-zinas","15":"tag-featured-news","16":"tag-featurednews","17":"tag-headlines","18":"tag-iekslietu-ministrija","19":"tag-imigracija","20":"tag-latest-news","21":"tag-latestnews","22":"tag-latvia","23":"tag-latvian","24":"tag-latviesu","25":"tag-latviesu-valoda","26":"tag-latviesuvaloda","27":"tag-latvija","28":"tag-lv","29":"tag-migracija","30":"tag-news","31":"tag-par-aktualo","32":"tag-popularakas-zinas","33":"tag-popularakaszinas","34":"tag-spried-ar-delfi","35":"tag-top-stories","36":"tag-topstories","37":"tag-world","38":"tag-world-news","39":"tag-worldnews","40":"tag-zinas","41":"tag-zinas-no-arvalstim"},"share_on_mastodon":{"url":"","error":"Validation failed: Text character limit of 500 exceeded"},"_links":{"self":[{"href":"https:\/\/www.europesays.com\/lv\/wp-json\/wp\/v2\/posts\/64814","targetHints":{"allow":["GET"]}}],"collection":[{"href":"https:\/\/www.europesays.com\/lv\/wp-json\/wp\/v2\/posts"}],"about":[{"href":"https:\/\/www.europesays.com\/lv\/wp-json\/wp\/v2\/types\/post"}],"author":[{"embeddable":true,"href":"https:\/\/www.europesays.com\/lv\/wp-json\/wp\/v2\/users\/2"}],"replies":[{"embeddable":true,"href":"https:\/\/www.europesays.com\/lv\/wp-json\/wp\/v2\/comments?post=64814"}],"version-history":[{"count":0,"href":"https:\/\/www.europesays.com\/lv\/wp-json\/wp\/v2\/posts\/64814\/revisions"}],"wp:featuredmedia":[{"embeddable":true,"href":"https:\/\/www.europesays.com\/lv\/wp-json\/wp\/v2\/media\/64815"}],"wp:attachment":[{"href":"https:\/\/www.europesays.com\/lv\/wp-json\/wp\/v2\/media?parent=64814"}],"wp:term":[{"taxonomy":"category","embeddable":true,"href":"https:\/\/www.europesays.com\/lv\/wp-json\/wp\/v2\/categories?post=64814"},{"taxonomy":"post_tag","embeddable":true,"href":"https:\/\/www.europesays.com\/lv\/wp-json\/wp\/v2\/tags?post=64814"}],"curies":[{"name":"wp","href":"https:\/\/api.w.org\/{rel}","templated":true}]}}