{"id":64839,"date":"2025-12-03T16:45:17","date_gmt":"2025-12-03T16:45:17","guid":{"rendered":"https:\/\/www.europesays.com\/lv\/64839\/"},"modified":"2025-12-03T16:45:17","modified_gmt":"2025-12-03T16:45:17","slug":"belgija-kritize-ek-planu-par-krievijas-aktivu-izmantosanu-ukrainas-vajadzibam","status":"publish","type":"post","link":"https:\/\/www.europesays.com\/lv\/64839\/","title":{"rendered":"Be\u013c\u0123ija kritiz\u0113 EK pl\u0101nu par Krievijas akt\u012bvu izmanto\u0161anu Ukrainas vajadz\u012bb\u0101m"},"content":{"rendered":"<p>&#8220;M\u016bsu paustaj\u0101m ba\u017e\u0101m netiek piev\u0113rsta pien\u0101c\u012bga uzman\u012bba. Pl\u0101ns, ko \u0161odien prezent\u0113s EK, nesniedz apmierino\u0161u risin\u0101jumu tam, par ko mums ir ba\u017eas,&#8221; NATO \u0101rlietu ministru san\u0101ksm\u0113 Brisel\u0113 \u017eurn\u0101listiem sac\u012bja Prevo.<\/p>\n<p>&#8220;M\u0113s piepras\u0101m pilnu nodro\u0161in\u0101\u0161anos pret riskiem, kas Be\u013c\u0123ijai draud \u0161\u012bs ieceres d\u0113\u013c,&#8221; uzsv\u0113ra Prevo.<\/p>\n<p>EK prezidente Urzula fon der Leiena kop\u0101 ar V\u0101cijas kancleru Fr\u012bdrihu Mercu cen\u0161as pan\u0101kt, lai Ukrainai b\u016btu pieejami ES iesald\u0113tie Krievijas centr\u0101l\u0101s bankas akt\u012bvi l\u012bdz pat 140 miljardu eiro apm\u0113r\u0101, ar kuriem tiktu segtas Ukrainas finan\u0161u vajadz\u012bbas turpm\u0101kajos gados.<\/p>\n<p><a href=\"https:\/\/www.tvnet.lv\/term\/555687\/belgija\" class=\"topicLink\" target=\"_blank\" rel=\"nofollow noopener\">Be\u013c\u0123ija<\/a> l\u012bdz \u0161im \u0161o iniciat\u012bvu ir blo\u0137\u0113jusi.<\/p>\n<p>Novembra izska\u0146\u0101 Be\u013c\u0123ijas premjerministrs Barts de V\u0113vers noteica gal\u012bg\u0101s pras\u012bbas, lai vi\u0146a valsts apstiprin\u0101tu Eirop\u0101 iesald\u0113to Krievijas akt\u012bvu 140 miljardu eiro v\u0113rt\u012bb\u0101 izmanto\u0161anu pal\u012bdz\u012bbas snieg\u0161anai Ukrainai.<\/p>\n<blockquote class=\"quote ck-widget\" contenteditable=\"false\">\n<p>&#8220;M\u0113s esam vair\u0101kk\u0101rt teiku\u0161i, ka repar\u0101ciju aizdevuma iesp\u0113ju uzskat\u0101m par visslikt\u0101ko no vis\u0101m, jo t\u0101 ir riskanta, nekas t\u0101ds iepriek\u0161 nav dar\u012bts,&#8221; tre\u0161dien nor\u0101d\u012bja Prevo.<\/p>\n<\/blockquote>\n<p>&#8220;Tas izskaidro to, k\u0101p\u0113c m\u0113s aicin\u0101m izmantot alternat\u012bvu risin\u0101jumu, kur\u0101 ES nepiecie\u0161amos l\u012bdzek\u013cus aiz\u0146emtos finan\u0161u tirgos.&#8221;<\/p>\n<p>Saska\u0146\u0101 ar EK sniegto inform\u0101ciju ES ir iesald\u0113ti Krievijas Centr\u0101l\u0101s bankas akt\u012bvi aptuveni 210 miljardu eiro apm\u0113r\u0101. Liel\u0101k\u0101 da\u013ca iesald\u0113ta Be\u013c\u0123ij\u0101 b\u0101z\u0113taj\u0101 finan\u0161u iest\u0101d\u0113 &#8220;Euroclear&#8221;.<\/p>\n<p>Leiena tre\u0161dien prezent\u0113s EK priek\u0161likumus finan\u0161u atbalstam Ukrainai 2026.-2027. gad\u0101.<\/p>\n","protected":false},"excerpt":{"rendered":"&#8220;M\u016bsu paustaj\u0101m ba\u017e\u0101m netiek piev\u0113rsta pien\u0101c\u012bga uzman\u012bba. Pl\u0101ns, ko \u0161odien prezent\u0113s EK, nesniedz apmierino\u0161u risin\u0101jumu tam, par ko&hellip;\n","protected":false},"author":2,"featured_media":64840,"comment_status":"","ping_status":"","sticky":false,"template":"","format":"standard","meta":{"footnotes":""},"categories":[5],"tags":[23,2532,28,29,512,514,4369,32,33,22,30,31,35,39,38,36,37,34,40,20,26,27,24,25,21],"class_list":{"0":"post-64839","1":"post","2":"type-post","3":"status-publish","4":"format-standard","5":"has-post-thumbnail","7":"category-aktualitates","8":"tag-aktualitates","9":"tag-belgija","10":"tag-breaking-news","11":"tag-breakingnews","12":"tag-eiropas-komisija","13":"tag-eiropas-savieniba","14":"tag-euroclear","15":"tag-featured-news","16":"tag-featurednews","17":"tag-headlines","18":"tag-latest-news","19":"tag-latestnews","20":"tag-latvia","21":"tag-latvian","22":"tag-latviesu","23":"tag-latviesu-valoda","24":"tag-latviesuvaloda","25":"tag-latvija","26":"tag-lv","27":"tag-news","28":"tag-popularakas-zinas","29":"tag-popularakaszinas","30":"tag-top-stories","31":"tag-topstories","32":"tag-zinas"},"share_on_mastodon":{"url":"https:\/\/pubeurope.com\/@lv\/115656649953828117","error":""},"_links":{"self":[{"href":"https:\/\/www.europesays.com\/lv\/wp-json\/wp\/v2\/posts\/64839","targetHints":{"allow":["GET"]}}],"collection":[{"href":"https:\/\/www.europesays.com\/lv\/wp-json\/wp\/v2\/posts"}],"about":[{"href":"https:\/\/www.europesays.com\/lv\/wp-json\/wp\/v2\/types\/post"}],"author":[{"embeddable":true,"href":"https:\/\/www.europesays.com\/lv\/wp-json\/wp\/v2\/users\/2"}],"replies":[{"embeddable":true,"href":"https:\/\/www.europesays.com\/lv\/wp-json\/wp\/v2\/comments?post=64839"}],"version-history":[{"count":0,"href":"https:\/\/www.europesays.com\/lv\/wp-json\/wp\/v2\/posts\/64839\/revisions"}],"wp:featuredmedia":[{"embeddable":true,"href":"https:\/\/www.europesays.com\/lv\/wp-json\/wp\/v2\/media\/64840"}],"wp:attachment":[{"href":"https:\/\/www.europesays.com\/lv\/wp-json\/wp\/v2\/media?parent=64839"}],"wp:term":[{"taxonomy":"category","embeddable":true,"href":"https:\/\/www.europesays.com\/lv\/wp-json\/wp\/v2\/categories?post=64839"},{"taxonomy":"post_tag","embeddable":true,"href":"https:\/\/www.europesays.com\/lv\/wp-json\/wp\/v2\/tags?post=64839"}],"curies":[{"name":"wp","href":"https:\/\/api.w.org\/{rel}","templated":true}]}}