{"id":64915,"date":"2025-12-03T19:56:08","date_gmt":"2025-12-03T19:56:08","guid":{"rendered":"https:\/\/www.europesays.com\/lv\/64915\/"},"modified":"2025-12-03T19:56:08","modified_gmt":"2025-12-03T19:56:08","slug":"procesori-un-videokartes-klust-par-20-40-dargakas-lente-lv","status":"publish","type":"post","link":"https:\/\/www.europesays.com\/lv\/64915\/","title":{"rendered":"procesori un videokartes k\u013c\u016bst par 20-40$ d\u0101rg\u0101kas\u00a0\u2014\u00a0Lente.lv"},"content":{"rendered":"<p>K\u0101p\u0113c j\u016bsu jaun\u0101 datorsast\u0101vda\u013cu pirk\u0161ana k\u013c\u016bst d\u0101rg\u0101ka<\/p>\n<p>Gatavojoties jauna sp\u0113\u013cu datora ieg\u0101dei, entuziasti saskaras ar nepat\u012bkamu realit\u0101ti: cenas ne tikai pieaug, bet ar\u012b strauji k\u0101pj uz aug\u0161u. Papildus jau ierastajam atmi\u0146as un datu glab\u0101\u0161anas ier\u012b\u010du sad\u0101rdzin\u0101jumam, tagad savu artavu pieliek ar\u012b procesori un grafisk\u0101s kartes. Industry insiders have confirmed that AMD has indeed raised its wholesale prices for its chips, a move that started around December 1st. This price adjustment affects not only the latest Ryzen 9000 series but also older models, meaning a significant chunk of AMD&#8217;s processor lineup will see an increase. The impact on retail prices will be gradual, as retailers replenish their stock.<\/p>\n<p>AMD procesoru sad\u0101rdzin\u0101jums: deta\u013cas un sekas<\/p>\n<p>Lai gan pagaid\u0101m liel\u0101k\u0101 da\u013ca mazumtirgot\u0101ju v\u0113l pied\u0101v\u0101 produktus par iepriek\u0161\u0113j\u0101m cen\u0101m, saglab\u0101jot piektdienas un kiber pirmdienas akciju vilni, situ\u0101cija main\u012bsies. Kad eso\u0161\u0101s pre\u010du partijas tiks izp\u0101rdotas, jaunie iepirkumi notiks p\u0113c jaunajiem, paaugstin\u0101tajiem vairumtirdzniec\u012bbas tarifiem. Tas noz\u012bm\u0113, ka procesori no jaun\u0101k\u0101s Ryzen 9000 s\u0113rijas l\u012bdz pat iepriek\u0161\u0113j\u0101m paaudz\u0113m k\u013c\u016bs d\u0101rg\u0101ki. Interesanti, ka \u0161is pieaugums nav saist\u012bts ar atmi\u0146as modu\u013cu (DRAM) cenu k\u0101pumu. AMD pati nav sniegusi ofici\u0101lu pazi\u0146ojumu par cenu izmai\u0146u iemesliem, t\u0101p\u0113c tirg\u016b valda da\u017e\u0101das spekul\u0101cijas \u2013 s\u0101kot no ra\u017eo\u0161anas izmaksu pieauguma l\u012bdz pat v\u0113lmei atg\u016bt pe\u013c\u0146u p\u0113c ilgsto\u0161aj\u0101m sv\u0113tku akcij\u0101m.<\/p>\n<p>Grafisko kar\u0161u cena: v\u0113l viens trieciens bud\u017eetam<\/p>\n<p>S\u0101kotn\u0113j\u0101 inform\u0101cija liecina, ka sad\u0101rdzin\u0101jums skars ne tikai procesorus, bet ar\u012b AMD videokartes. \u0136\u012bnie\u0161u avoti v\u0113sta, ka uz\u0146\u0113muma partneri jau sa\u0146\u0113mu\u0161i br\u012bdin\u0101jumus par pirmo cenu k\u0101pumu. Paredzams, ka mode\u013ci ar 8 GB atmi\u0146u k\u013c\u016bs d\u0101rg\u0101ki aptuveni par 20 ASV dol\u0101riem, savuk\u0101rt versijas ar 16 GB atmi\u0146u sad\u0101rdzin\u0101sies par aptuveni 40 ASV dol\u0101riem. \u0160\u012bs izmai\u0146as tiek prognoz\u0113tas l\u012bdz pat gada beig\u0101m. Ba\u017eas rada zi\u0146as, ka \u0161\u012b cenu korekcija var\u0113tu attiekties uz visu Radeon kar\u0161u kl\u0101stu, s\u0101kot no jaun\u0101kaj\u0101m RDNA 4 arhitekt\u016bras kart\u0113m l\u012bdz pat vec\u0101k\u0101m s\u0113rij\u0101m. V\u0113l vair\u0101k, ir ba\u017eas, ka otrais cenu pieauguma vilnis var\u0113tu sasniegt vismaz 10% vis\u0101m GPU. Tas noz\u012bm\u0113, ka pilnv\u0113rt\u012bga datora salik\u0161ana uz AMD platformas var k\u013c\u016bt iev\u0113rojami d\u0101rg\u0101ka, \u012bpa\u0161i, \u0146emot v\u0113r\u0101 jau eso\u0161\u0101s atmi\u0146as un SSD cenu tendences.<\/p>\n<p>Tirgus tendences un konkurence: ko sagaid\u012bt t\u0101l\u0101k?<\/p>\n<p>Situ\u0101cija k\u013c\u016bst v\u0113l sare\u017e\u0123\u012bt\u0101ka, jo anal\u012bti\u0137i prognoz\u0113 l\u012bdz\u012bgus so\u013cus ar\u012b no konkurentiem. Nvidia, visticam\u0101k, ar\u012b jut\u012bs atmi\u0146as tirgus spiedienu, kas atst\u0101s iespaidu uz t\u0101s produktu cen\u0101m. Savuk\u0101rt Intel, p\u0113c neofici\u0101las inform\u0101cijas, ar\u012b gatavo aptuveni 10% cenu pieaugumu saviem procesoriem, kas da\u013c\u0113ji saist\u012bts ar prognoz\u0113jamo v\u0101j\u0101ku sp\u0113\u013cu veiktsp\u0113ju Arrow Lake procesoriem un kop\u0113j\u0101m tirgus probl\u0113m\u0101m. Tas viss kop\u0101 ar straujo RAM un SSD cenu k\u0101pumu noz\u012bm\u0113, ka kop\u0113j\u0101s datoru komplekt\u0113jo\u0161o da\u013cu izmaksas ir dramatiski pieaugu\u0161as vien da\u017eu ned\u0113\u013cu laik\u0101. \u0160\u0137iet, ka \u0161is nav cenu k\u0101puma gals. \u0160\u012b situ\u0101cija var\u0113tu likt pat\u0113r\u0113t\u0101jiem izv\u0113rt\u0113t savus bud\u017eetus un iesp\u0113jams mekl\u0113t alternat\u012bvus risin\u0101jumus vai atlikt jaunus pirkumus.<\/p>\n","protected":false},"excerpt":{"rendered":"K\u0101p\u0113c j\u016bsu jaun\u0101 datorsast\u0101vda\u013cu pirk\u0161ana k\u013c\u016bst d\u0101rg\u0101ka Gatavojoties jauna sp\u0113\u013cu datora ieg\u0101dei, entuziasti saskaras ar nepat\u012bkamu realit\u0101ti: cenas&hellip;\n","protected":false},"author":2,"featured_media":64916,"comment_status":"","ping_status":"","sticky":false,"template":"","format":"standard","meta":{"footnotes":""},"categories":[16],"tags":[5089,77,76,7704,11373,35,39,38,36,37,34,40,198,4264],"class_list":{"0":"post-64915","1":"post","2":"type-post","3":"status-publish","4":"format-standard","5":"has-post-thumbnail","7":"category-bizness","8":"tag-amd","9":"tag-bizness","10":"tag-business","11":"tag-cenu-kapums","12":"tag-datoru-komponentes","13":"tag-latvia","14":"tag-latvian","15":"tag-latviesu","16":"tag-latviesu-valoda","17":"tag-latviesuvaloda","18":"tag-latvija","19":"tag-lv","20":"tag-procesori","21":"tag-videokartes"},"share_on_mastodon":{"url":"https:\/\/pubeurope.com\/@lv\/115657400876735798","error":""},"_links":{"self":[{"href":"https:\/\/www.europesays.com\/lv\/wp-json\/wp\/v2\/posts\/64915","targetHints":{"allow":["GET"]}}],"collection":[{"href":"https:\/\/www.europesays.com\/lv\/wp-json\/wp\/v2\/posts"}],"about":[{"href":"https:\/\/www.europesays.com\/lv\/wp-json\/wp\/v2\/types\/post"}],"author":[{"embeddable":true,"href":"https:\/\/www.europesays.com\/lv\/wp-json\/wp\/v2\/users\/2"}],"replies":[{"embeddable":true,"href":"https:\/\/www.europesays.com\/lv\/wp-json\/wp\/v2\/comments?post=64915"}],"version-history":[{"count":0,"href":"https:\/\/www.europesays.com\/lv\/wp-json\/wp\/v2\/posts\/64915\/revisions"}],"wp:featuredmedia":[{"embeddable":true,"href":"https:\/\/www.europesays.com\/lv\/wp-json\/wp\/v2\/media\/64916"}],"wp:attachment":[{"href":"https:\/\/www.europesays.com\/lv\/wp-json\/wp\/v2\/media?parent=64915"}],"wp:term":[{"taxonomy":"category","embeddable":true,"href":"https:\/\/www.europesays.com\/lv\/wp-json\/wp\/v2\/categories?post=64915"},{"taxonomy":"post_tag","embeddable":true,"href":"https:\/\/www.europesays.com\/lv\/wp-json\/wp\/v2\/tags?post=64915"}],"curies":[{"name":"wp","href":"https:\/\/api.w.org\/{rel}","templated":true}]}}