{"id":64943,"date":"2025-12-03T20:33:10","date_gmt":"2025-12-03T20:33:10","guid":{"rendered":"https:\/\/www.europesays.com\/lv\/64943\/"},"modified":"2025-12-03T20:33:10","modified_gmt":"2025-12-03T20:33:10","slug":"eiropas-savieniba-divu-gadu-laika-plano-ukrainai-nosutit-90-miljardus-eiro","status":"publish","type":"post","link":"https:\/\/www.europesays.com\/lv\/64943\/","title":{"rendered":"Eiropas Savien\u012bba divu gadu laik\u0101 pl\u0101no Ukrainai nos\u016bt\u012bt 90 miljardus eiro"},"content":{"rendered":"<p>Eiropas Komisijas (EK) prezidente Urzula fon der Leiena tre\u0161dien prezent\u0113ja pl\u0101nu, kas paredz Ukrainai divu gadu laik\u0101 nodro\u0161in\u0101t finans\u0113jumu 90 miljardu eiro apm\u0113r\u0101.<\/p>\n<p>&#8220;\u0160odien m\u0113s ierosin\u0101m segt divas tre\u0161da\u013cas no Ukrainas finan\u0161u vajadz\u012bb\u0101m n\u0101kamajos divos gados,&#8221; pav\u0113st\u012bja Leiena.<\/p>\n<p>\u0160is aizdevums tiks finans\u0113ts ar l\u012bdzek\u013ciem, ko Eiropas Savien\u012bba (ES) aiz\u0146emsies starptautiskajos finan\u0161u tirgos, vai izmantojot iesald\u0113tos Krievijas akt\u012bvus.<\/p>\n<p>EK centusies pan\u0101kt tie\u0161i iesald\u0113to Krievijas akt\u012bvu izmanto\u0161anu Ukrainas vajadz\u012bb\u0101m, ta\u010du pret to iebilst Be\u013c\u0123ija.<\/p>\n<p>K\u0101 a\u0123ent\u016bru LETA inform\u0113ja EK p\u0101rst\u0101vniec\u012bbas Latvij\u0101 Preses noda\u013c\u0101, EK pied\u0101v\u0101 divus risin\u0101jumus, kas balst\u012bti piecu ties\u012bbu aktu priek\u0161likumu kopum\u0101.<\/p>\n<p>EK nor\u0101da, ka Krievija nav izr\u0101d\u012bjusi gatav\u012bbu taisn\u012bgam un ilgtsp\u0113j\u012bgam mieram, t\u0101d\u0113\u013c spiediens uz Ukrainas resursiem pieaug un past\u0101v\u012bgs ES atbalsts k\u013c\u016bst arvien b\u016btisk\u0101ks.<\/p>\n<p>Priek\u0161likumi sagatavoti, izpildot Eiropadomes 23. oktobra ap\u0146em\u0161anos risin\u0101t Ukrainas turpm\u0101k\u0101s bud\u017eeta un aizsardz\u012bbas vajadz\u012bbas, un tie balst\u012bti uz EK priek\u0161s\u0113d\u0113t\u0101jas Urzulas fon der Leienas 17. novembr\u012b prezent\u0113tajiem scen\u0101rijiem un diskusij\u0101m ar dal\u012bbvalst\u012bm.<\/p>\n<p>Pirmais risin\u0101jums paredz ES aiz\u0146\u0113mumus, izmantojot ES bud\u017eeta manevr\u0113\u0161anas telpu. Otrs risin\u0101jums ir repar\u0101ciju aizdevums, kas \u013cautu EK aiz\u0146emties l\u012bdzek\u013cu atlikumus no ES finan\u0161u iest\u0101d\u0113m, kur\u0101s glab\u0101jas iesald\u0113tie Krievijas Centr\u0101l\u0101s bankas akt\u012bvi. EK uzsver, ka \u0161ie instrumenti vienlaikus stiprin\u0101s Ukrainas sp\u0113ju aizsarg\u0101t savu suverenit\u0101ti un veidos ieguld\u012bjumu Eiropas dro\u0161\u012bb\u0101.<\/p>\n<p>Priek\u0161likumos ietverti dro\u0161\u012bbas meh\u0101nismi dal\u012bbvalstu un finan\u0161u iest\u0101\u017eu aizsardz\u012bbai pret iesp\u0113jamiem Krievijas pretpas\u0101kumiem un piespiedu atsavin\u0101\u0161anu \u0101rpus ES, \u012bpa\u0161i valst\u012bs ar Krievijai labv\u0113l\u012bgu jurisdikciju. Pas\u0101kumu kopum\u0101 paredz\u0113ts solidarit\u0101tes meh\u0101nisms, ko atbalst\u012bs divpus\u0113j\u0101s garantijas vai ES bud\u017eets. EK nor\u0101da, ka pied\u0101v\u0101jumi piln\u012bb\u0101 atbilst ES un starptautiskaj\u0101m ties\u012bb\u0101m un nodro\u0161ina finan\u0161u tirgu stabilit\u0101ti.<\/p>\n<p>Eirokomis\u0101rs Valdis Dombrovskis (JV) nor\u0101da, ka Ukrainas un Eiropas likte\u0146i ir cie\u0161i saist\u012bti. Vi\u0146\u0161 uzsv\u0113ra, ka repar\u0101ciju aizdevums paredz izmantot l\u012bdzek\u013cu atlikumus, kas uzkr\u0101ju\u0161ies saist\u012bb\u0101 ar Krievijas akt\u012bvu imobiliz\u0101ciju, un priek\u0161likumi piln\u012bb\u0101 atbilst starptautiskaj\u0101m norm\u0101m, vienlaikus palielinot spiedienu uz Krieviju.<\/p>\n<p><img decoding=\"async\" src=\"https:\/\/www.europesays.com\/lv\/wp-content\/uploads\/2025\/12\/b12e66de1be3d5ba55eb6be10793f437.jpg\" title=\"Volodimirs Zelenskis un Urzula fon der Leiena. Foto:  Simon Wohlfahrt \/ AFP\" alt=\"Volodimirs Zelenskis un Urzula fon der Leiena. Foto:  Simon Wohlfahrt \/ AFP\"\/><\/p>\n<p class=\"article-img-desc\">Volodimirs Zelenskis un Urzula fon der Leiena. Foto:  Simon Wohlfahrt \/ AFP<\/p>\n","protected":false},"excerpt":{"rendered":"Eiropas Komisijas (EK) prezidente Urzula fon der Leiena tre\u0161dien prezent\u0113ja pl\u0101nu, kas paredz Ukrainai divu gadu laik\u0101 nodro\u0161in\u0101t&hellip;\n","protected":false},"author":2,"featured_media":64944,"comment_status":"","ping_status":"","sticky":false,"template":"","format":"standard","meta":{"footnotes":""},"categories":[14],"tags":[129,16897,470,3260,4167,1209,15431,23,57,28,29,32,33,22,30,31,35,39,38,36,37,34,40,20,26,27,15432,4168,471,1210,3261,16898,15433,4169,472,1211,3262,16899,24,25,54,55,56,21,58],"class_list":{"0":"post-64943","1":"post","2":"type-post","3":"status-publish","4":"format-standard","5":"has-post-thumbnail","7":"category-zinas-no-arvalstim","8":"tag-__typenameadvicekeyword","9":"tag-id1367","10":"tag-id532","11":"tag-id553","12":"tag-id728","13":"tag-id824","14":"tag-id843","15":"tag-aktualitates","16":"tag-arvalstim","17":"tag-breaking-news","18":"tag-breakingnews","19":"tag-featured-news","20":"tag-featurednews","21":"tag-headlines","22":"tag-latest-news","23":"tag-latestnews","24":"tag-latvia","25":"tag-latvian","26":"tag-latviesu","27":"tag-latviesu-valoda","28":"tag-latviesuvaloda","29":"tag-latvija","30":"tag-lv","31":"tag-news","32":"tag-popularakas-zinas","33":"tag-popularakaszinas","34":"tag-slugeiropas-komisija","35":"tag-slugeiropas-savieniba-es","36":"tag-slugkars-ukraina","37":"tag-slugpolitika","38":"tag-slugukraina","39":"tag-slugurzula-fon-der-leiena","40":"tag-titleeiropas-komisija","41":"tag-titleeiropas-savieniba-es","42":"tag-titlekars-ukraina","43":"tag-titlepolitika","44":"tag-titleukraina","45":"tag-titleurzula-fon-der-leiena","46":"tag-top-stories","47":"tag-topstories","48":"tag-world","49":"tag-world-news","50":"tag-worldnews","51":"tag-zinas","52":"tag-zinas-no-arvalstim"},"share_on_mastodon":{"url":"","error":"Validation failed: Text character limit of 500 exceeded"},"_links":{"self":[{"href":"https:\/\/www.europesays.com\/lv\/wp-json\/wp\/v2\/posts\/64943","targetHints":{"allow":["GET"]}}],"collection":[{"href":"https:\/\/www.europesays.com\/lv\/wp-json\/wp\/v2\/posts"}],"about":[{"href":"https:\/\/www.europesays.com\/lv\/wp-json\/wp\/v2\/types\/post"}],"author":[{"embeddable":true,"href":"https:\/\/www.europesays.com\/lv\/wp-json\/wp\/v2\/users\/2"}],"replies":[{"embeddable":true,"href":"https:\/\/www.europesays.com\/lv\/wp-json\/wp\/v2\/comments?post=64943"}],"version-history":[{"count":0,"href":"https:\/\/www.europesays.com\/lv\/wp-json\/wp\/v2\/posts\/64943\/revisions"}],"wp:featuredmedia":[{"embeddable":true,"href":"https:\/\/www.europesays.com\/lv\/wp-json\/wp\/v2\/media\/64944"}],"wp:attachment":[{"href":"https:\/\/www.europesays.com\/lv\/wp-json\/wp\/v2\/media?parent=64943"}],"wp:term":[{"taxonomy":"category","embeddable":true,"href":"https:\/\/www.europesays.com\/lv\/wp-json\/wp\/v2\/categories?post=64943"},{"taxonomy":"post_tag","embeddable":true,"href":"https:\/\/www.europesays.com\/lv\/wp-json\/wp\/v2\/tags?post=64943"}],"curies":[{"name":"wp","href":"https:\/\/api.w.org\/{rel}","templated":true}]}}