{"id":65001,"date":"2025-12-03T22:29:14","date_gmt":"2025-12-03T22:29:14","guid":{"rendered":"https:\/\/www.europesays.com\/lv\/65001\/"},"modified":"2025-12-03T22:29:14","modified_gmt":"2025-12-03T22:29:14","slug":"bvkb-atlauj-izmantot-ieprieks-par-nedrosam-novertetas-jekabpils-2-vidusskolas-telpas","status":"publish","type":"post","link":"https:\/\/www.europesays.com\/lv\/65001\/","title":{"rendered":"BVKB at\u013cauj izmantot iepriek\u0161 par nedro\u0161\u0101m nov\u0113rt\u0113t\u0101s J\u0113kabpils 2. vidusskolas telpas"},"content":{"rendered":"<p>\u0160\u012bs telpas \u0161ogad 16. septembr\u012b tika aizliegts ekspluat\u0113t saist\u012bb\u0101 ar no griestiem atdal\u012bju\u0161os un nokritu\u0161u ugunsdro\u0161o apmetumu.<\/p>\n<p>2025. gada 11. septembr\u012b veiktaj\u0101 p\u0101rbaud\u0113 <a href=\"https:\/\/www.tvnet.lv\/term\/794523\/bvkb\" class=\"topicLink\" target=\"_blank\" rel=\"nofollow noopener\">BVKB<\/a> konstat\u0113ja, ka \u0113kas st\u0101voklis rada tie\u0161us draudus skol\u0113nu un person\u0101la dro\u0161\u012bbai, un BVKB noteica telpu ekspluat\u0101cijas aizliegumu, uzsverot \u0113kas \u012bpa\u0161nieka atbild\u012bbu nodro\u0161in\u0101t b\u016bves dro\u0161u uztur\u0113\u0161anu.<\/p>\n<p>Laik\u0101 no 11. septembra l\u012bdz 25. novembrim \u0113kas \u012bpa\u0161nieks ir organiz\u0113jis neatbilsto\u0161i uzkl\u0101t\u0101 ugunsdro\u0161\u0101 apmetuma no\u0146em\u0161anu, savuk\u0101rt neatkar\u012bga ugunsdro\u0161\u012bbas tehnisk\u0101 apseko\u0161ana apliecin\u0101jusi, ka starpst\u0101vu dzelzsbetona pane\u013ci atbilst ugunsnotur\u012bbas pras\u012bb\u0101m. To papildus apliecin\u0101jusi ar\u012b Valsts ugunsdz\u0113s\u012bbas un gl\u0101b\u0161anas dienesta sniegt\u0101 inform\u0101cija par \u0113kas da\u013cu atbilst\u012bbu b\u016bvnormat\u012bvu tehniskaj\u0101m pras\u012bb\u0101m.<\/p>\n<p>L\u012bdz ar to BVKB ir konstat\u0113jis, ka b\u012bstam\u012bba ir nov\u0113rsta un \u0113kas nor\u0101d\u012bt\u0101s telpas atkal ir dro\u0161as lieto\u0161anai.<\/p>\n<p>Pa\u0161vald\u012bb\u0101 a\u0123ent\u016bra LETA noskaidroja, ka m\u0101c\u012bbas \u0113k\u0101 jau ir ats\u0101ku\u0161\u0101s.<\/p>\n<p>Jau zi\u0146ots, ka septembra s\u0101kum\u0101 <a href=\"https:\/\/www.tvnet.lv\/term\/575239\/skolas\" class=\"topicLink\" target=\"_blank\" rel=\"nofollow noopener\">skolas<\/a> ceturt\u0101 st\u0101va vestibil\u0101 nokritu\u0161as putuplasta pl\u0101ksnes un ugunsdro\u0161ais apmetums.<\/p>\n<p><a href=\"https:\/\/www.tvnet.lv\/term\/27643\/jekabpils\" class=\"topicLink\" target=\"_blank\" rel=\"nofollow noopener\">J\u0113kabpils<\/a> 2. vidusskolas vad\u012bba kop\u0101 ar skolas padomi p\u0101rrun\u0101ja situ\u0101ciju un nol\u0113ma, ka 5.-8. kla\u0161u un 10. kla\u0161u audz\u0113k\u0146i m\u0101c\u012bsies att\u0101lin\u0101ti l\u012bdz 19. septembrim vai l\u012bdz laikam, kad var\u0113s dro\u0161i izmantot skolas jaun\u0101 korpusa telpas. Savuk\u0101rt 1.-4. kla\u0161u skol\u0113ni un skol\u0113ni, kuriem j\u0101k\u0101rto eks\u0101meni, proti, 9., 11. un 12. kla\u0161u skol\u0113ni, m\u0101c\u012bsies kl\u0101tien\u0113 dro\u0161\u0101s m\u0101c\u012bbu telp\u0101s.<\/p>\n","protected":false},"excerpt":{"rendered":"\u0160\u012bs telpas \u0161ogad 16. septembr\u012b tika aizliegts ekspluat\u0113t saist\u012bb\u0101 ar no griestiem atdal\u012bju\u0161os un nokritu\u0161u ugunsdro\u0161o apmetumu. 2025.&hellip;\n","protected":false},"author":2,"featured_media":65002,"comment_status":"","ping_status":"","sticky":false,"template":"","format":"standard","meta":{"footnotes":""},"categories":[12],"tags":[23,28,29,16909,16910,32,33,22,48,30,31,35,39,38,36,37,34,40,20,26,27,5004,16911,24,25,21],"class_list":{"0":"post-65001","1":"post","2":"type-post","3":"status-publish","4":"format-standard","5":"has-post-thumbnail","7":"category-latvija","8":"tag-aktualitates","9":"tag-breaking-news","10":"tag-breakingnews","11":"tag-buvniecibas-valsts-kontroles-birojs","12":"tag-bvkb","13":"tag-featured-news","14":"tag-featurednews","15":"tag-headlines","16":"tag-jekabpils","17":"tag-latest-news","18":"tag-latestnews","19":"tag-latvia","20":"tag-latvian","21":"tag-latviesu","22":"tag-latviesu-valoda","23":"tag-latviesuvaloda","24":"tag-latvija","25":"tag-lv","26":"tag-news","27":"tag-popularakas-zinas","28":"tag-popularakaszinas","29":"tag-skolas","30":"tag-skolas-dzive","31":"tag-top-stories","32":"tag-topstories","33":"tag-zinas"},"share_on_mastodon":{"url":"https:\/\/pubeurope.com\/@lv\/115658002510868726","error":""},"_links":{"self":[{"href":"https:\/\/www.europesays.com\/lv\/wp-json\/wp\/v2\/posts\/65001","targetHints":{"allow":["GET"]}}],"collection":[{"href":"https:\/\/www.europesays.com\/lv\/wp-json\/wp\/v2\/posts"}],"about":[{"href":"https:\/\/www.europesays.com\/lv\/wp-json\/wp\/v2\/types\/post"}],"author":[{"embeddable":true,"href":"https:\/\/www.europesays.com\/lv\/wp-json\/wp\/v2\/users\/2"}],"replies":[{"embeddable":true,"href":"https:\/\/www.europesays.com\/lv\/wp-json\/wp\/v2\/comments?post=65001"}],"version-history":[{"count":0,"href":"https:\/\/www.europesays.com\/lv\/wp-json\/wp\/v2\/posts\/65001\/revisions"}],"wp:featuredmedia":[{"embeddable":true,"href":"https:\/\/www.europesays.com\/lv\/wp-json\/wp\/v2\/media\/65002"}],"wp:attachment":[{"href":"https:\/\/www.europesays.com\/lv\/wp-json\/wp\/v2\/media?parent=65001"}],"wp:term":[{"taxonomy":"category","embeddable":true,"href":"https:\/\/www.europesays.com\/lv\/wp-json\/wp\/v2\/categories?post=65001"},{"taxonomy":"post_tag","embeddable":true,"href":"https:\/\/www.europesays.com\/lv\/wp-json\/wp\/v2\/tags?post=65001"}],"curies":[{"name":"wp","href":"https:\/\/api.w.org\/{rel}","templated":true}]}}