{"id":65065,"date":"2025-12-04T01:12:22","date_gmt":"2025-12-04T01:12:22","guid":{"rendered":"https:\/\/www.europesays.com\/lv\/65065\/"},"modified":"2025-12-04T01:12:22","modified_gmt":"2025-12-04T01:12:22","slug":"seska-paveiktais-sauda-arabija-bija-ka-grudiens-visai-wrc-sabiedribai-motoru-sports-sportacentrs-com","status":"publish","type":"post","link":"https:\/\/www.europesays.com\/lv\/65065\/","title":{"rendered":"Seska paveiktais Sa\u016bda Ar\u0101bij\u0101 bija k\u0101 gr\u016bdiens visai WRC sabiedr\u012bbai \u2013 Motoru sports \u2013 Sportacentrs.com"},"content":{"rendered":"<p>&#8220;Tie\u0161i t\u0101da jau ir sportista dom\u0101\u0161ana &#8211; nolikt visu mal\u0101 un koncentr\u0113ties tikai uz dar\u0101mo. Nedom\u0101t par to, kas ir re\u0101li un kas n\u0113, kas ir objekt\u012bvi paveicams un kas nav, bet gan vienk\u0101r\u0161i dar\u012bt,&#8221; sac\u012bja Kri\u0161j\u0101nis Caune, autosportists un rallija koment\u0113t\u0101js, M\u0101rti\u0146a Seska biju\u0161ais st\u016brmanis. &#8220;Tie\u0161i tas notika Sa\u016bda Ar\u0101bijas posm\u0101, kur m\u016bs\u0113jie nedom\u0101ja par to, ka nav re\u0101li uzvar\u0113t WRC posm\u0101, bet gan vienk\u0101r\u0161i g\u0101ja uz maksimumu.&#8221;<\/p>\n<p>&#8220;Atceros to saj\u016btu, kad ieraudz\u012bju M\u0101rti\u0146a un Ren\u0101ra v\u0101rdus kopv\u0113rt\u0113juma aug\u0161gal\u0101. Lik\u0101s, ka j\u0101iekniebj sev, lai p\u0101rliecin\u0101tos, ka nesap\u0146oju,&#8221; turpin\u0101ja Caune. &#8220;M\u0113s run\u0101jam par uzvaru WRC posm\u0101! Neviens latvietis v\u0113l to nav paveicis. Turkl\u0101t saj\u016bta bija t\u0101da, ka, labi, uzvara ir re\u0101la, bet v\u0113l var izsl\u012bd\u0113t no rok\u0101m, kam\u0113r &#8220;Top 3&#8243; jau nu gan ir \u013coti dro\u0161i sasniedzams. Ja vien neatgad\u0101s kaut kas neparedz\u0113ts&#8230; Diem\u017e\u0113l \u0161oreiz atgad\u012bj\u0101s.&#8221;<\/p>\n<p>M\u0101rti\u0146a Seska un Ren\u0101ra Fran\u010da ekip\u0101\u017ea sezonas nosl\u0113dzo\u0161aj\u0101 posm\u0101 bija pirmaj\u0101 viet\u0101 p\u0113c 14 aizvad\u012btiem \u0101trumposmiem, ta\u010du tad sekoja neveiksme &#8211; p\u0101rdurta riepa, liels laika zaud\u0113jums un beig\u0101s izst\u0101\u0161an\u0101s. Lai ar\u012b galarezult\u0101ts \u0161oreiz izpalika, Latvijas ekip\u0101\u017eas paveiktais tika nov\u0113rt\u0113ts tik un t\u0101.<\/p>\n<p>&#8220;Milz\u012bgs prieks un lepnums, ka var\u0113ju WRC sacens\u012bbu vad\u012bb\u0101 redz\u0113t ekip\u0101\u017eu ar Latvijas karogu,&#8221; sac\u012bja Ivars Vasaraudzis, viens no visu laiku lab\u0101kajiem Latvijas pilotiem. &#8220;Turkl\u0101t nevis kaut k\u0101du kuriozu d\u0113\u013c, bet gan tie\u0161\u0101 konkurenc\u0113 ar visiem lab\u0101kajiem. \u0160\u0101da tipa sacens\u012bbas (Sa\u016bda Ar\u0101bijas posms WRC kalend\u0101r\u0101 bija pirmoreiz) par\u0101da, ka tad, kad visiem ir vien\u0101di noteikumi un izejas poz\u012bcijas, aina jau ir pavisam cit\u0101da nek\u0101 ierasts. J\u0101, te var opon\u0113t, ka da\u017eiem, ieskaitot Sesku, bija starta numuru priek\u0161roc\u012bbas, bet glob\u0101li jau tas neko tik daudz neietekm\u0113ja. Galvenais t\u0101pat ir tas, ka m\u016bsu brauc\u0113js par\u0101d\u012bja, ka vi\u0146am ir pa sp\u0113kam izc\u012bn\u012bt uzvaru WRC posm\u0101.&#8221;<\/p>\n<p><img decoding=\"async\" src=\"https:\/\/www.europesays.com\/lv\/wp-content\/uploads\/2025\/12\/WRC_EST_25__999.jpg\" class=\"img-fluid\"\/><\/p>\n<p>Foto: M-Sport Ford<\/p>\n<p>Caune piekrita, ka Seskam starta numurs var\u0113tu b\u016bt bijis k\u0101 neliela priek\u0161roc\u012bba pret l\u012bderiem: &#8220;Ta\u010du ne jau vi\u0146am vien\u012bgajam bija j\u0101start\u0113 pirms favor\u012btiem. T\u0101das pa\u0161as poz\u012bcijas bija ar\u012b vi\u0146a komandas biedriem, kuriem savuk\u0101rt ne tuvu nebija t\u0101ds \u0101trums tras\u0113 k\u0101 M\u0101rti\u0146am. Lai neb\u016btu tikai t\u0101, ka m\u0113s tagad pa\u0161i sav\u0113jo aizst\u0101vam, iesaku paskat\u012bties, k\u0101ds noska\u0146ojums kopum\u0101 valda rallija medijos. M\u0101rti\u0146\u0161 un Ren\u0101rs par savu sniegumu Sa\u016bda Ar\u0101bij\u0101 jau sa\u0146\u0113mu\u0161i neskait\u0101mas uzslavas un nov\u0113rt\u0113jumu. Izskat\u0101s, ka \u0161is posms un M\u0101rti\u0146a ilg\u0101 atra\u0161an\u0101s l\u012bderpoz\u012bcij\u0101s bijusi k\u0101 gr\u016bdiens visai WRC sabiedr\u012bbai.&#8221;<\/p>\n<p>Kopv\u0113rt\u0113juma tabul\u0101 gan p\u0113d\u0113jais posms t\u0101pat Seskam un Francim deva null\u012bti, un \u0161osezon vi\u0146\u0161 punktus ieguva tikai tr\u012bs no septi\u0146iem posmiem. Tas deva 12. vietu kopv\u0113rt\u0113jum\u0101, bet Caune un Vasaraudzis aicin\u0101ja kopv\u0113rt\u0113jumu k\u0101 sezonas m\u0113rauklu neizmantot, jo tas neesot \u012bsti objekt\u012bvi.<\/p>\n<p>Aicin\u0101ts apkopot Seska un Fran\u010da WRC sezon\u0101 paveikto, Vasaraudzis nor\u0101d\u012bja, ka maksimums noteikti v\u0113l nav par\u0101d\u012bts: &#8220;P\u0101ris sacens\u012bbas izv\u0113rt\u0101s \u013coti pozit\u012bvas, da\u017e\u0101s sacens\u012bb\u0101s savuk\u0101rt pietr\u016bka veiksmes un san\u0101ca k\u013c\u016bdas, ko v\u0113l dr\u012bkstam norakst\u012bt uz pieredzes tr\u016bkuma r\u0113\u0137ina. V\u0113l dr\u012bkstam, bet nu tagad vi\u0146iem jau pieredze sakr\u0101jusies cien\u012bjama.&#8221;<\/p>\n<p>&#8220;Sezonas p\u0113d\u0113jais posms par\u0101d\u012bja lielu potenci\u0101lu Latvijas ekip\u0101\u017eai, par\u0101d\u012bja, ka vi\u0146\u0161 sp\u0113j b\u016bt ne tikai vienk\u0101r\u0161i cien\u012bgs WRC brauc\u0113js, bet ar\u012b konkurents c\u012b\u0146\u0101 par uzvaru,&#8221; turpin\u0101ja Vasaraudzis. &#8220;Noteikti, ka rezult\u0101tu zi\u0146\u0101 v\u0113l ir iesp\u0113jams liels k\u0101pums, jo neveiksmes atst\u0101ja savu iespaidu. Sal\u012bdzinot ar komandas biedriem, M\u0101rti\u0146\u0161 bija \u0101tr\u0101ks, bet ne vienm\u0113r izdev\u0101s to p\u0101rv\u0113rst sekm\u012bg\u0101 fini\u0161\u0101.&#8221;<\/p>\n<p><img decoding=\"async\" src=\"https:\/\/www.europesays.com\/lv\/wp-content\/uploads\/2025\/12\/WRC_EST_25__1018.jpg\" class=\"img-fluid\"\/><\/p>\n<p>Foto: M-Sport Ford<\/p>\n<p>Caune nor\u0101d\u012bja, ka Sesks \u0161osezon izpild\u012bjis divus m\u0113r\u0137us: &#8220;Pirmk\u0101rt, vi\u0146\u0161 tur\u0113ja sol\u012bjumu un piedal\u012bj\u0101s 50% WRC posmu. Puse sezonas tika sagaid\u012bta ar Latvijas karogu dal\u012bbnieku vid\u016b, kas ir nebijis notikums. Otrk\u0101rt, z\u012bm\u012bgs bija tie\u0161i Sa\u016bda Ar\u0101bijas posms, jo vi\u0146\u0161 pier\u0101d\u012bja ne tikai savu potenci\u0101lu, bet ar\u012b &#8220;Ford&#8221; ma\u0161\u012bnas potenci\u0101lu. Komandas iek\u0161ien\u0113 cilv\u0113ki bija \u013coti gaid\u012bju\u0161i, ka k\u0101ds to paveiks. J\u0101, izn\u0101kums nebija t\u0101ds, par k\u0101du sap\u0146oj\u0101m. Ja izdotos notur\u0113t l\u012bderpoz\u012bcijas p\u0113d\u0113j\u0101 posm\u0101, t\u0101 jau b\u016btu bijusi pasaka.&#8221;<\/p>\n<p>Caune un Vasaraudzis atz\u012bm\u0113ja, ka gaid\u0101ma interesanta starpsezona, kur\u0101 nav nemaz palicis tik daudz laika &#8211; jau janv\u0101ra otraj\u0101 pus\u0113 s\u0101ksies n\u0101kam\u0101 sezon\u0101, bet \u0161obr\u012bd skaidr\u012bba par savu sast\u0101vu ir tikai &#8220;Toyota&#8221;. Skaidrs, ka n\u0101kamsezon nestart\u0113s Kalle Rovanpera, t\u0101pat pauzi pa\u0146ems Ots Tanaks, un WRC hierarhij\u0101 var\u0113tu b\u016bt v\u0113r\u0101 \u0146emama p\u0101rk\u0101rto\u0161an\u0101s.<\/p>\n<p>&#8220;Man ir t\u0101ds k\u0101rt\u012bgs decembra noska\u0146ojums &#8211; sezona tikko beigusies, bet reiz\u0113 ar\u012b t\u016bl\u012bt ats\u0101ksies,&#8221; sm\u0113j\u0101s Vasaraudzis. &#8220;Visi grib reiz\u0113 atp\u016bsties un reiz\u0113 ar\u012b ieg\u016bt skaidr\u012bbu par n\u0101kam\u0101s sezonas sast\u0101viem. &#8220;Hyundai&#8221; un &#8220;Ford&#8221; komand\u0101s \u0161obr\u012bd v\u0113l ir pa br\u012bvai vietai. M\u0101rti\u0146a gad\u012bjum\u0101 visoptim\u0101l\u0101kais variants man t\u0101pat liktos &#8220;Ford&#8221;. Ceru un pie\u013cauju, ka &#8220;Ford&#8221; vad\u012bba redz\u0113ja visu to pa\u0161u, ko m\u0113s, attiec\u012bgi b\u016btu lo\u0123iski, ja vi\u0146u sadarb\u012bba turpin\u0101tos.&#8221;<\/p>\n<p>&#8220;Cik zin\u0101ms, D\u017eo\u0161s Makerl\u012bns &#8220;Ford&#8221; sast\u0101v\u0101 it k\u0101 paliks, bet par p\u0101r\u0113jiem skaidr\u012bbas nav,&#8221; sac\u012bja Caune. &#8220;\u0160\u012b b\u016bs rallija starpsezona, kurai noteikti v\u0113rts pasekot l\u012bdzi.&#8221;<\/p>\n","protected":false},"excerpt":{"rendered":"&#8220;Tie\u0161i t\u0101da jau ir sportista dom\u0101\u0161ana &#8211; nolikt visu mal\u0101 un koncentr\u0113ties tikai uz dar\u0101mo. Nedom\u0101t par to,&hellip;\n","protected":false},"author":2,"featured_media":65066,"comment_status":"","ping_status":"","sticky":false,"template":"","format":"standard","meta":{"footnotes":""},"categories":[5],"tags":[23,28,29,32,33,22,30,31,35,39,38,36,37,34,40,165,20,26,27,24,25,21],"class_list":{"0":"post-65065","1":"post","2":"type-post","3":"status-publish","4":"format-standard","5":"has-post-thumbnail","7":"category-aktualitates","8":"tag-aktualitates","9":"tag-breaking-news","10":"tag-breakingnews","11":"tag-featured-news","12":"tag-featurednews","13":"tag-headlines","14":"tag-latest-news","15":"tag-latestnews","16":"tag-latvia","17":"tag-latvian","18":"tag-latviesu","19":"tag-latviesu-valoda","20":"tag-latviesuvaloda","21":"tag-latvija","22":"tag-lv","23":"tag-motoru-sports","24":"tag-news","25":"tag-popularakas-zinas","26":"tag-popularakaszinas","27":"tag-top-stories","28":"tag-topstories","29":"tag-zinas"},"share_on_mastodon":{"url":"https:\/\/pubeurope.com\/@lv\/115658643498039741","error":""},"_links":{"self":[{"href":"https:\/\/www.europesays.com\/lv\/wp-json\/wp\/v2\/posts\/65065","targetHints":{"allow":["GET"]}}],"collection":[{"href":"https:\/\/www.europesays.com\/lv\/wp-json\/wp\/v2\/posts"}],"about":[{"href":"https:\/\/www.europesays.com\/lv\/wp-json\/wp\/v2\/types\/post"}],"author":[{"embeddable":true,"href":"https:\/\/www.europesays.com\/lv\/wp-json\/wp\/v2\/users\/2"}],"replies":[{"embeddable":true,"href":"https:\/\/www.europesays.com\/lv\/wp-json\/wp\/v2\/comments?post=65065"}],"version-history":[{"count":0,"href":"https:\/\/www.europesays.com\/lv\/wp-json\/wp\/v2\/posts\/65065\/revisions"}],"wp:featuredmedia":[{"embeddable":true,"href":"https:\/\/www.europesays.com\/lv\/wp-json\/wp\/v2\/media\/65066"}],"wp:attachment":[{"href":"https:\/\/www.europesays.com\/lv\/wp-json\/wp\/v2\/media?parent=65065"}],"wp:term":[{"taxonomy":"category","embeddable":true,"href":"https:\/\/www.europesays.com\/lv\/wp-json\/wp\/v2\/categories?post=65065"},{"taxonomy":"post_tag","embeddable":true,"href":"https:\/\/www.europesays.com\/lv\/wp-json\/wp\/v2\/tags?post=65065"}],"curies":[{"name":"wp","href":"https:\/\/api.w.org\/{rel}","templated":true}]}}