{"id":6510,"date":"2025-09-27T18:01:07","date_gmt":"2025-09-27T18:01:07","guid":{"rendered":"https:\/\/www.europesays.com\/lv\/6510\/"},"modified":"2025-09-27T18:01:07","modified_gmt":"2025-09-27T18:01:07","slug":"bluza-un-latviesu-tradiciju-apvienojums-lente-lv","status":"publish","type":"post","link":"https:\/\/www.europesays.com\/lv\/6510\/","title":{"rendered":"bl\u016bza un latvie\u0161u trad\u012bciju apvienojums\u00a0\u2014\u00a0Lente.lv"},"content":{"rendered":"<p>Jaunais singls \u201cMi\u0137e\u013cam\u201d \u2013 Daba San m\u016bzikas velt\u012bjums aizejo\u0161ajai vasarai un latvie\u0161u trad\u012bcij\u0101m<\/p>\n<p>Grupa \u201cDaba San\u201d ir laidusi klaj\u0101 savu jaun\u0101ko singlu \u201cMi\u0137e\u013cam\u201d, kas ir spilgts m\u016bzikas darbs, kur\u0101 apvienojas roka un bl\u016bza elementi ar dzi\u013cu cie\u0146u pret latvie\u0161u senaj\u0101m trad\u012bcij\u0101m. \u0160is jaunais singls, kas izdots septembra nosl\u0113gum\u0101, kalpo k\u0101 emocion\u0101ls atvadu sveiciens vasarai un sagatavo klaus\u012bt\u0101jus rudens mier\u012bg\u0101kajam, p\u0101rdomu pilnajam laikam. Dziesmas izdo\u0161anas datums \u2013 27. septembris \u2013 sakr\u012bt ar pirmsv\u0113l\u0113\u0161anu laiku Latvij\u0101, liekot uzsv\u0113rt \u0161o kult\u016bras notikumu.<\/p>\n<p>M\u016bzikas un trad\u012bciju siner\u0123ija<\/p>\n<p>\u201cMi\u0137e\u013cam\u201d ir k\u0101 tilts starp m\u016bsdienu muzik\u0101lo izpausmi un sen\u010du mantojumu. Grupa \u201cDaba San\u201d, kas iepriek\u0161 sevi pieteikusi ar vair\u0101kiem albumiem un singliem, \u0161oreiz piev\u0113rsusies Mi\u0137e\u013cdienas sv\u0113tku trad\u012bcij\u0101m. Mi\u0137e\u013cdiena, kas kalend\u0101r\u0101 iekr\u012bt 29. septembr\u012b, ir sena latvie\u0161u rudens ra\u017eas sv\u0113tku un gadatirgu laiks, kad tiek godin\u0101ts ra\u017eas nosl\u0113gums un daba s\u0101k gatavoties ziemai. Dziesma ietver sev\u012b nostal\u0123isku noska\u0146u, kas lieliski raksturo vasaras izska\u0146u \u2013 laiku, kad dienas k\u013c\u016bst \u012bs\u0101kas, bet atmi\u0146as par saulainajiem m\u0113ne\u0161iem v\u0113l spo\u017ei mirdz. \u0160\u0101ds muzik\u0101ls v\u0113st\u012bjums ir \u012bpa\u0161i aktu\u0101ls tie\u0161i tagad, kad rudens ir pilnbried\u0101.<\/p>\n<p>Mi\u0137e\u013cdienas dzi\u013c\u0101k\u0101 noz\u012bme un \u201cDaba San\u201d interpret\u0101cija<\/p>\n<p>Mi\u0137e\u013cdiena Latvij\u0101 ir vair\u0101k nek\u0101 tikai datums kalend\u0101r\u0101; t\u0101 ir laiks, kad pateikties par dabas d\u0101van\u0101m, nov\u0101kto ra\u017eu un godin\u0101t zemes augl\u012bbu. \u0160ie sv\u0113tki, kas saist\u012bti ar rudens saulgrie\u017eiem, v\u0113sturiski ir biju\u0161i noz\u012bm\u012bgi lauksaimniec\u012bbas cikla nosl\u0113gum\u0101. Senaj\u0101s trad\u012bcij\u0101s Mi\u0137e\u013cdiena tika svin\u0113ta ar bag\u0101t\u012bgiem mielastiem, tirdzi\u0146iem un da\u017e\u0101diem ritu\u0101liem, kuru m\u0113r\u0137is bija nodro\u0161in\u0101t augl\u012bbu n\u0101kamajam gadam un pateikties par eso\u0161o. Dziesm\u0101 \u201cMi\u0137e\u013cam\u201d grupa \u201cDaba San\u201d interpret\u0113 \u0161o trad\u012bciju, pie\u0161\u0137irot tai m\u016bsdien\u012bgu skan\u0113jumu. L\u012bdztekus \u201cMi\u0137e\u013cam\u201d grupa ir izdevusi ar\u012b citus ar sv\u0113tkiem saist\u012btus singlus, piem\u0113ram, \u201cZ\u0101\u013cu diena\u201d, \u201cM\u0101rti\u0146diena\u201d, papildinot nelielo, bet v\u0113rt\u012bgo latvie\u0161u tautasdziesmu un sv\u0113tku tematikai velt\u012bto dziesmu kl\u0101stu. \u0160\u0101di muzik\u0101li projekti pal\u012bdz saglab\u0101t un populariz\u0113t latvie\u0161u kult\u016bras mantojumu jaun\u0101m paaudz\u0113m.<\/p>\n<p>M\u016bzi\u0137u rado\u0161ais process un instrument\u0101lais sast\u0101vs<\/p>\n<p>Singls \u201cMi\u0137e\u013cam\u201d ir ierakst\u012bts 2025. gad\u0101 studij\u0101 \u201cGateris\u201d, un pie t\u0101 produc\u0113\u0161anas str\u0101d\u0101jis J\u0101nis Kalv\u0101ns, nodro\u0161inot gan miksu, gan m\u0101steru. Dziesmas autori ir Linda Zonne-Zumberga (m\u016bzika) un latvie\u0161u tautasdziesmu v\u0101rdi, kurus sak\u0101rtojusi Linda Zonne-Zumberga, bet aran\u017eiju veidojusi pati grupa \u201cDaba San\u201d. \u0160aj\u0101 muzik\u0101laj\u0101 projekt\u0101 piedal\u012bju\u0161ies talant\u012bgi m\u016bzi\u0137i: Linda Zonne-Zumberga (balss, ermo\u0146ika), M\u0101rti\u0146\u0161 Abajs (bass), Inese Neimane (balss), \u0100ris Z\u0101ns (perkusijas), Laura Liepi\u0146a (vijole), Ivars \u0160tubis (\u0123it\u0101ra) un R\u016bta Abaja-Felce (balss, kokle). \u0160\u0101ds pla\u0161s un daudzveid\u012bgs instrument\u0101lais sast\u0101vs nodro\u0161ina dziesmai bag\u0101t\u012bgu un pies\u0101tin\u0101tu skan\u0113jumu, kur\u0101 bl\u016bza un roka elementi mijas ar tautas m\u016bzikas instrumentu maigaj\u0101m ska\u0146\u0101m.<\/p>\n<p>Ritmu un trad\u012bciju savijums<\/p>\n<p>K\u0101 liecina inform\u0101cija par latvie\u0161u trad\u012bcij\u0101m, Mi\u0137e\u013cdiena ir laiks, kad tiek godin\u0101ta ra\u017eas bag\u0101t\u012bba, un bie\u017ei vien \u0161o sv\u0113tku laik\u0101 notiek tradicion\u0101lie Mi\u0137e\u013cdienas tirdzi\u0146i. Tie ir ne tikai tirdzniec\u012bbas pas\u0101kumi, bet ar\u012b kult\u016bras notikumi, kur tiek pied\u0101v\u0101tas da\u017e\u0101das rado\u0161\u0101s darbn\u012bcas, rota\u013cas un koncerti. \u0160ie pas\u0101kumi, kas bie\u017ei vien notiek R\u012bg\u0101, piem\u0113ram, Doma laukum\u0101, pulc\u0113 daudz cilv\u0113ku, kas v\u0113las izbaud\u012bt rudens sv\u0113tku atmosf\u0113ru. Lai gan dziesma \u201cMi\u0137e\u013cam\u201d ir jauns m\u0101kslas darbs, t\u0101 pie\u0161\u0137ir m\u016bsdien\u012bgu interpret\u0101ciju \u0161\u012bm s\u016btnaj\u0101m trad\u012bcij\u0101m, \u013caujot t\u0101m atdz\u012bvoties jaun\u0101 veidol\u0101. Grupa ar savu dai\u013cradi apliecina, ka latvie\u0161u kult\u016bras elementi var veiksm\u012bgi integr\u0113ties modern\u0101s m\u016bzikas \u017eanros, radot unik\u0101lu un aizraujo\u0161u klaus\u012b\u0161an\u0101s pieredzi.<\/p>\n<p>Aizejo\u0161\u0101s vasaras piesk\u0101riens<\/p>\n<p>Dziesma \u201cMi\u0137e\u013cam\u201d ir k\u0101 m\u016bzikas velt\u012bjums ne tikai Mi\u0137e\u013cdienai, bet ar\u012b visai aizejo\u0161ajai vasarai. T\u0101 atspogu\u013co laiku, kad daba l\u0113n\u0101m p\u0101riet no vasaras ros\u012bbas uz rudens mieru, un \u0161\u012bs p\u0101rmai\u0146as rada \u012bpa\u0161u, nedaudz sentiment\u0101lu noska\u0146u. Grupas \u201cDaba San\u201d jaunais singls pied\u0101v\u0101 klaus\u012bt\u0101jiem iesp\u0113ju p\u0101rdom\u0101t gada rit\u0113jumu, nov\u0113rt\u0113t dabas ciklus un rast iedvesmu jaunaj\u0101 sezon\u0101. Tas ir ska\u0146darbs, kas aicina gan uz l\u012bksm\u012bbu, gan uz klus\u0101ku br\u012bdi pa\u0161reflekcijai, radot pilnv\u0113rt\u012bgu klaus\u012b\u0161an\u0101s pieredzi, kas rezon\u0113 ar sezonas p\u0101rmai\u0146\u0101m.<\/p>\n<p>N\u0101kotnes perspekt\u012bvas un grupas jaunrades ce\u013c\u0161<\/p>\n<p>Ar singlu \u201cMi\u0137e\u013cam\u201d grupa \u201cDaba San\u201d turpina savu rado\u0161o ce\u013cu, apliecinot sp\u0113ju rad\u012bt noz\u012bm\u012bgus muzik\u0101lus darbus, kas balst\u012bti uz latvie\u0161u kult\u016bras pamatiem. Grupa l\u012bdz \u0161im ir izdevusi tr\u012bs studijas albumus \u2013 \u201cPuzurs*\u201d (2013), \u201cVai\u0146ags\u201d (2016) un \u201cJumi dzinu\u201d (2022), k\u0101 ar\u012b vair\u0101kus veiksm\u012bgus singlus, tostarp \u201cZiemassv\u0113tki tr\u012bsistabu dz\u012bvokl\u012b\u201d, \u201cRaganu nakts\u201d un \u201cSaskan\u0113ja gredzenti\u0146\u201d, kas izn\u0101ku\u0161i 2025. gada pirmaj\u0101 pus\u0113. Katrs jaunais darbs apliecina grupas muzik\u0101lo briedumu un sp\u0113ju eksperiment\u0113t, vienlaikus saglab\u0101jot savu unik\u0101lo stilu. Dziesma \u201cMi\u0137e\u013cam\u201d ir k\u0101 solis t\u0101l\u0101k \u0161aj\u0101 rado\u0161aj\u0101 att\u012bst\u012bb\u0101, pied\u0101v\u0101jot klaus\u012bt\u0101jiem svaigu un emocion\u0101li pies\u0101tin\u0101tu ska\u0146darbu.<\/p>\n","protected":false},"excerpt":{"rendered":"Jaunais singls \u201cMi\u0137e\u013cam\u201d \u2013 Daba San m\u016bzikas velt\u012bjums aizejo\u0161ajai vasarai un latvie\u0161u trad\u012bcij\u0101m Grupa \u201cDaba San\u201d ir laidusi&hellip;\n","protected":false},"author":2,"featured_media":6511,"comment_status":"","ping_status":"","sticky":false,"template":"","format":"standard","meta":{"footnotes":""},"categories":[19],"tags":[2840,89,90,440,35,39,38,2843,36,37,34,40,2841,2842],"class_list":{"0":"post-6510","1":"post","2":"type-post","3":"status-publish","4":"format-standard","5":"has-post-thumbnail","7":"category-izklaide","8":"tag-daba-san","9":"tag-entertainment","10":"tag-izklaide","11":"tag-jauns-singls","12":"tag-latvia","13":"tag-latvian","14":"tag-latviesu","15":"tag-latviesu-tradicijas","16":"tag-latviesu-valoda","17":"tag-latviesuvaloda","18":"tag-latvija","19":"tag-lv","20":"tag-mikelam","21":"tag-mikeldiena"},"share_on_mastodon":{"url":"","error":""},"_links":{"self":[{"href":"https:\/\/www.europesays.com\/lv\/wp-json\/wp\/v2\/posts\/6510","targetHints":{"allow":["GET"]}}],"collection":[{"href":"https:\/\/www.europesays.com\/lv\/wp-json\/wp\/v2\/posts"}],"about":[{"href":"https:\/\/www.europesays.com\/lv\/wp-json\/wp\/v2\/types\/post"}],"author":[{"embeddable":true,"href":"https:\/\/www.europesays.com\/lv\/wp-json\/wp\/v2\/users\/2"}],"replies":[{"embeddable":true,"href":"https:\/\/www.europesays.com\/lv\/wp-json\/wp\/v2\/comments?post=6510"}],"version-history":[{"count":0,"href":"https:\/\/www.europesays.com\/lv\/wp-json\/wp\/v2\/posts\/6510\/revisions"}],"wp:featuredmedia":[{"embeddable":true,"href":"https:\/\/www.europesays.com\/lv\/wp-json\/wp\/v2\/media\/6511"}],"wp:attachment":[{"href":"https:\/\/www.europesays.com\/lv\/wp-json\/wp\/v2\/media?parent=6510"}],"wp:term":[{"taxonomy":"category","embeddable":true,"href":"https:\/\/www.europesays.com\/lv\/wp-json\/wp\/v2\/categories?post=6510"},{"taxonomy":"post_tag","embeddable":true,"href":"https:\/\/www.europesays.com\/lv\/wp-json\/wp\/v2\/tags?post=6510"}],"curies":[{"name":"wp","href":"https:\/\/api.w.org\/{rel}","templated":true}]}}