{"id":65117,"date":"2025-12-04T05:21:08","date_gmt":"2025-12-04T05:21:08","guid":{"rendered":"https:\/\/www.europesays.com\/lv\/65117\/"},"modified":"2025-12-04T05:21:08","modified_gmt":"2025-12-04T05:21:08","slug":"ceturtdien-bus-makonains-vietam-nedaudz-lis-vai-sniegs","status":"publish","type":"post","link":"https:\/\/www.europesays.com\/lv\/65117\/","title":{"rendered":"Ceturtdien b\u016bs m\u0101ko\u0146ains, viet\u0101m nedaudz l\u012bs vai sniegs"},"content":{"rendered":"<p class=\"lead mb-md-2 mb-1 js-tv3-orphus\">Ceturtdien Latvij\u0101 b\u016bs m\u0101ko\u0146ains laiks, viet\u0101m gaid\u0101ms neliels lietus un slapj\u0161 sniegs, bet gaisa temperat\u016bra saglab\u0101sies ap +1\u2026+4 gr\u0101diem, prognoz\u0113 Latvijas Vides, \u0123eolo\u0123ijas un meteorolo\u0123ijas centrs.\n<\/p>\n<p>Dien\u0101 b\u016bs m\u0101ko\u0146ains laiks, no r\u012bta v\u0113l daudzviet, bet p\u0113cpusdien\u0101 austrumu da\u013c\u0101 gaid\u0101mi nelieli nokri\u0161\u0146i \u2013 lietus, slapj\u0161 sniegs. P\u016bt\u012bs l\u0113ns l\u012bdz m\u0113rens dienvidaustrumu v\u0113j\u0161, un atsevi\u0161\u0137os rajonos valsts austrumos ar\u012b dienas laik\u0101 saglab\u0101sies migla. Gaisa temperat\u016bra b\u016bs +1\u2026+4 gr\u0101di.<\/p>\n","protected":false},"excerpt":{"rendered":"Ceturtdien Latvij\u0101 b\u016bs m\u0101ko\u0146ains laiks, viet\u0101m gaid\u0101ms neliels lietus un slapj\u0161 sniegs, bet gaisa temperat\u016bra saglab\u0101sies ap +1\u2026+4&hellip;\n","protected":false},"author":2,"featured_media":56797,"comment_status":"","ping_status":"","sticky":false,"template":"","format":"standard","meta":{"footnotes":""},"categories":[5],"tags":[23,28,29,32,33,22,368,30,31,35,39,38,36,37,34,40,20,26,27,24,25,21],"class_list":{"0":"post-65117","1":"post","2":"type-post","3":"status-publish","4":"format-standard","5":"has-post-thumbnail","7":"category-aktualitates","8":"tag-aktualitates","9":"tag-breaking-news","10":"tag-breakingnews","11":"tag-featured-news","12":"tag-featurednews","13":"tag-headlines","14":"tag-laika-prognozelvgmc","15":"tag-latest-news","16":"tag-latestnews","17":"tag-latvia","18":"tag-latvian","19":"tag-latviesu","20":"tag-latviesu-valoda","21":"tag-latviesuvaloda","22":"tag-latvija","23":"tag-lv","24":"tag-news","25":"tag-popularakas-zinas","26":"tag-popularakaszinas","27":"tag-top-stories","28":"tag-topstories","29":"tag-zinas"},"share_on_mastodon":{"url":"https:\/\/pubeurope.com\/@lv\/115659622527705200","error":""},"_links":{"self":[{"href":"https:\/\/www.europesays.com\/lv\/wp-json\/wp\/v2\/posts\/65117","targetHints":{"allow":["GET"]}}],"collection":[{"href":"https:\/\/www.europesays.com\/lv\/wp-json\/wp\/v2\/posts"}],"about":[{"href":"https:\/\/www.europesays.com\/lv\/wp-json\/wp\/v2\/types\/post"}],"author":[{"embeddable":true,"href":"https:\/\/www.europesays.com\/lv\/wp-json\/wp\/v2\/users\/2"}],"replies":[{"embeddable":true,"href":"https:\/\/www.europesays.com\/lv\/wp-json\/wp\/v2\/comments?post=65117"}],"version-history":[{"count":0,"href":"https:\/\/www.europesays.com\/lv\/wp-json\/wp\/v2\/posts\/65117\/revisions"}],"wp:featuredmedia":[{"embeddable":true,"href":"https:\/\/www.europesays.com\/lv\/wp-json\/wp\/v2\/media\/56797"}],"wp:attachment":[{"href":"https:\/\/www.europesays.com\/lv\/wp-json\/wp\/v2\/media?parent=65117"}],"wp:term":[{"taxonomy":"category","embeddable":true,"href":"https:\/\/www.europesays.com\/lv\/wp-json\/wp\/v2\/categories?post=65117"},{"taxonomy":"post_tag","embeddable":true,"href":"https:\/\/www.europesays.com\/lv\/wp-json\/wp\/v2\/tags?post=65117"}],"curies":[{"name":"wp","href":"https:\/\/api.w.org\/{rel}","templated":true}]}}