{"id":65126,"date":"2025-12-04T05:29:14","date_gmt":"2025-12-04T05:29:14","guid":{"rendered":"https:\/\/www.europesays.com\/lv\/65126\/"},"modified":"2025-12-04T05:29:14","modified_gmt":"2025-12-04T05:29:14","slug":"latvijas-florbola-savieniba-lv-2025-2026-jaunumi-rubene-velreiz-uzvar-valmieras-novada-derbija","status":"publish","type":"post","link":"https:\/\/www.europesays.com\/lv\/65126\/","title":{"rendered":"Latvijas Florbola savien\u012bba \u00bb LV \u00bb 2025\/2026 \u00bb Jaunumi \u00bb &#8220;Rubene&#8221; v\u0113lreiz uzvar Valmieras novada derbij\u0101"},"content":{"rendered":"<p>&#8220;Rubene&#8221; v\u0113lreiz uzvar Valmieras novada derbij\u0101<\/p>\n<p><\/p>\n<p>\t\t\t\t\t<img decoding=\"async\" src=\"https:\/\/www.europesays.com\/lv\/wp-content\/uploads\/2025\/12\/rubene_celms_25.jpg\" class=\"news-title-image\" width=\"292.5\" alt=\"rubene_celms_25.jpg\" title=\"&quot;Rubene&quot; v\u0113lreiz uzvar Valmieras novada derbij\u0101\" \/><\/p>\n<p style=\"text-align: justify;\">\u0160ovakar ELVI florbola l\u012bg\u0101 v\u012brie\u0161iem notika sp\u0113le, kur\u0101 sp\u0113kiem m\u0113roj\u0101s viena novada divas komandas &#8211; Koc\u0113nu &#8220;Rubene&#8221; sav\u0101 laukum\u0101 uz\u0146\u0113ma &#8220;FBK Valmiera&#8221;. Glu\u017ei k\u0101 \u0161\u012bs sezonas pirmaj\u0101 derbij\u0101, ar\u012b \u0161oreiz p\u0101r\u0101ki izr\u0101d\u012bj\u0101s koc\u0113nie\u0161i &#8211; <a href=\"https:\/\/www.floorball.lv\/lv\/2025\/proto\/52026-rub-val\" rel=\"nofollow noopener\" target=\"_blank\">9:5<\/a>. Pa trim rezultativit\u0101tes punktiem uzvar\u0113t\u0101ju rind\u0101s sakr\u0101ja Mat\u012bss Celms un J\u0113kabs Kei\u0161s.<\/p>\n<p>\u00a0<\/p>\n<p style=\"text-align: justify;\">Abu komandu pirmaj\u0101 duel\u012b, kas 3. oktobr\u012b norisin\u0101j\u0101s Valmieras Olimpiskaj\u0101 centr\u0101, &#8220;Rubene&#8221; uzvar\u0113ja ar 5:4. \u0160ovakar &#8220;FBK Valmiera&#8221; ierad\u0101s Koc\u0113nu sporta nam\u0101, lai revan\u0161\u0113tos, turkl\u0101t pirmaj\u0101 period\u0101 izskat\u012bj\u0101s, ka viesiem tas tie\u0161\u0101m izdosies. Pirmos v\u0101rtus jau 3. min\u016bt\u0113 gan guva koc\u0113nietis K\u0101rlis D\u016bmi\u0146\u0161 (1:0), bet 14. min\u016bt\u0113 vad\u012bb\u0101 ar 3:1 jau atrad\u0101s valmierie\u0161i. Pa bumbi\u0146ai laukuma saimnieku v\u0101rtos bija ieraid\u012bju\u0161i Ralfs Klod\u017es, M\u0101rti\u0146\u0161 Broks un Ralfs Mat\u012bss Balodis, kur\u0161 realiz\u0113ja soda metienu. Koc\u0113nu florbolisti atbildi par\u0101d\u0101 nepalika, trij\u0101s min\u016bt\u0113s iemetos \u010detrus golus &#8211; 5:3. V\u0101rtu guvumi Mat\u012bsa Celma, Gustava Sili\u0146a, Arta Mat\u012bsa Fogela un Riharda Avota kont\u0101. Ar\u012b p\u0113c otr\u0101s tre\u0161da\u013cas m\u0101jiniekiem bija divu v\u0101rtu handikaps (6:4), bet vis\u0101 sp\u0113l\u0113 Koc\u0113nu &#8220;Rubene&#8221; triumf\u0113ja ar 9:5.<\/p>\n<p style=\"text-align: justify;\">\u00a0<\/p>\n<p style=\"text-align: justify;\">Par lab\u0101ko sp\u0113l\u0113t\u0101ju uzvar\u0113t\u0101ju rind\u0101s atzina Mat\u012bsu Celmu, kura kont\u0101 3 (2+1) punkti. Ar trim rezultat\u012bv\u0101m piesp\u0113l\u0113m izc\u0113l\u0101s J\u0113kabs Kei\u0161s, bet pa diviem v\u0101rtiem guva K\u0101rlis D\u016bmi\u0146\u0161 un Gustavs Sili\u0146\u0161. Par lab\u0101ko starp valmierie\u0161iem atzina Markusu Eduardu Paz\u0101nu, kuram 2 (1+1) rezultativit\u0101tes punkti. Tie\u0161i tikpat punktu ar\u012b Ralfam Mat\u012bsam Balodim. Koc\u0113nu &#8220;Rubene&#8221; p\u0113c \u0161\u012bs uzvaras turn\u012bra tabul\u0101 pak\u0101p\u0101s uz 1. vietu, bet &#8220;FBK Valmiera&#8221; joproj\u0101m 5. vieta un 19 punktu.<\/p>\n<p style=\"text-align: justify;\">\u00a0<\/p>\n<p style=\"text-align: justify;\">&#8220;Rubene&#8221; \u2013 &#8220;FBK Valmiera&#8221; &#8211; 9:5\u00a0(5:3, 1:1, 3:1)<\/p>\n<p style=\"text-align: justify;\">Metienu attiec\u012bba:<\/p>\n<p style=\"text-align: justify;\">35:22\u00a0(16:8; 11:7; 8:7)<\/p>\n<p style=\"text-align: justify;\">Rezultat\u012bv\u0101kie:<\/p>\n<p style=\"text-align: justify;\">&#8220;Rubene&#8221;\u00a0\u2013 Mat\u012bss Celms 3 (2+1), J\u0113kabs Kei\u0161s 3 (0+3), K\u0101rlis D\u016bmi\u0146\u0161 2 (2+0), Gustavs Sili\u0146\u0161 2 (2+0), D\u0101vis Z\u0113melis 2 (0+2), Ingars Matisons 1 (1+0), Artis Mat\u012bss Fogelis 1 (1+0), Rihards Avots 1 (1+0), Mikus Edvards \u0136ikuts 1 (0+1), Kristers Babris 1 (0+1), P\u0101vels Semjonovs 1 (0+1).<\/p>\n<p style=\"text-align: justify;\">&#8220;FBK Valmiera&#8221;\u00a0\u2013 Markuss Eduards Paz\u0101ns 2 (1+1), Ralfs Mat\u012bss Balodis 2 (1+1), M\u0101rti\u0146\u0161 Broks 1 (1+0), Ralfs Klod\u017es 1 (1+0), Gvido Lauga 1 (1+0), Ri\u010dards Egl\u012btis 1 (0+1).<\/p>\n<tr>\n<td style=\"text-align:center;\"><a href=\"https:\/\/www.floorball.lv\/out.php?id=229&amp;url=http%3A%2F%2Felvi.lv\" target=\"_blank\" title=\"ELVI\" rel=\"nofollow noopener\"><br \/>\n\t\t\t\t\t<img loading=\"lazy\" decoding=\"async\" class=\"banner_news_bottom\" src=\"https:\/\/www.europesays.com\/lv\/wp-content\/uploads\/2025\/11\/1537294665.jpg\" width=\"233\" height=\"66\" alt=\"ELVI\" \/><br \/>\n\t\t\t\t<\/a><\/td>\n<td style=\"text-align:center;\"><a href=\"https:\/\/www.floorball.lv\/out.php?id=334&amp;url=http%3A%2F%2Flino.lv\" target=\"_blank\" title=\"OXDOG\" rel=\"nofollow noopener\"><br \/>\n\t\t\t\t\t<img loading=\"lazy\" decoding=\"async\" class=\"banner_news_bottom\" src=\"https:\/\/www.europesays.com\/lv\/wp-content\/uploads\/2025\/09\/1531398467.jpg\" width=\"233\" height=\"66\" alt=\"OXDOG\" \/><br \/>\n\t\t\t\t<\/a><\/td>\n<\/tr>\n","protected":false},"excerpt":{"rendered":"&#8220;Rubene&#8221; v\u0113lreiz uzvar Valmieras novada derbij\u0101 \u0160ovakar ELVI florbola l\u012bg\u0101 v\u012brie\u0161iem notika sp\u0113le, kur\u0101 sp\u0113kiem m\u0113roj\u0101s viena novada&hellip;\n","protected":false},"author":2,"featured_media":65127,"comment_status":"","ping_status":"","sticky":false,"template":"","format":"standard","meta":{"footnotes":""},"categories":[17],"tags":[405,4320,4319,2310,35,39,38,36,37,34,40,3883,16940,4318,67,481],"class_list":{"0":"post-65126","1":"post","2":"type-post","3":"status-publish","4":"format-standard","5":"has-post-thumbnail","7":"category-sports","8":"tag-405","9":"tag-jekabs","10":"tag-keiss","11":"tag-kocenu","12":"tag-latvia","13":"tag-latvian","14":"tag-latviesu","15":"tag-latviesu-valoda","16":"tag-latviesuvaloda","17":"tag-latvija","18":"tag-lv","19":"tag-matiss","20":"tag-ralfs","21":"tag-rubene","22":"tag-sports","23":"tag-valmiera"},"share_on_mastodon":{"url":"https:\/\/pubeurope.com\/@lv\/115659654321946799","error":""},"_links":{"self":[{"href":"https:\/\/www.europesays.com\/lv\/wp-json\/wp\/v2\/posts\/65126","targetHints":{"allow":["GET"]}}],"collection":[{"href":"https:\/\/www.europesays.com\/lv\/wp-json\/wp\/v2\/posts"}],"about":[{"href":"https:\/\/www.europesays.com\/lv\/wp-json\/wp\/v2\/types\/post"}],"author":[{"embeddable":true,"href":"https:\/\/www.europesays.com\/lv\/wp-json\/wp\/v2\/users\/2"}],"replies":[{"embeddable":true,"href":"https:\/\/www.europesays.com\/lv\/wp-json\/wp\/v2\/comments?post=65126"}],"version-history":[{"count":0,"href":"https:\/\/www.europesays.com\/lv\/wp-json\/wp\/v2\/posts\/65126\/revisions"}],"wp:featuredmedia":[{"embeddable":true,"href":"https:\/\/www.europesays.com\/lv\/wp-json\/wp\/v2\/media\/65127"}],"wp:attachment":[{"href":"https:\/\/www.europesays.com\/lv\/wp-json\/wp\/v2\/media?parent=65126"}],"wp:term":[{"taxonomy":"category","embeddable":true,"href":"https:\/\/www.europesays.com\/lv\/wp-json\/wp\/v2\/categories?post=65126"},{"taxonomy":"post_tag","embeddable":true,"href":"https:\/\/www.europesays.com\/lv\/wp-json\/wp\/v2\/tags?post=65126"}],"curies":[{"name":"wp","href":"https:\/\/api.w.org\/{rel}","templated":true}]}}