{"id":65168,"date":"2025-12-04T06:28:19","date_gmt":"2025-12-04T06:28:19","guid":{"rendered":"https:\/\/www.europesays.com\/lv\/65168\/"},"modified":"2025-12-04T06:28:19","modified_gmt":"2025-12-04T06:28:19","slug":"the-sound-poets-izzino-jaunu-albumu-un-koncertu-mezaparka","status":"publish","type":"post","link":"https:\/\/www.europesays.com\/lv\/65168\/","title":{"rendered":"\u201cThe Sound Poets\u201d izzi\u0146o jaunu albumu un koncertu Me\u017eapark\u0101"},"content":{"rendered":"<p>Grupa nupat atgriezusies no divu ned\u0113\u013cu vieso\u0161an\u0101s Tallin\u0101, kur kop\u0101 ar igau\u0146u m\u016bzi\u0137i un producentu Erki P\u0101rnoju aizrit\u0113ja darbs pie jaun\u0101 albuma ieraksta. Rado\u0161\u0101s sadarb\u012bbas pirmie aug\u013ci, singli \u201cTavi v\u0101rdi v\u0113tru ies\u0113j\u201d un \u201cTu man\u012b ugunis dedz\u201d Latvijas klaus\u012bt\u0101ju uzman\u012bbai tika nodoti jau \u0161ogad, ta\u010du pilnmetr\u0101\u017eas albums ar 10 kompoz\u012bcij\u0101m sagaid\u0101ms n\u0101kam\u0101 gada pavasar\u012b. Jaunais albums, l\u012bdz\u012bgi grupas iepriek\u0161\u0113jiem veikumiem, rad\u012bts, tverot vien\u012bgi grupai rakstur\u012bgo kolekt\u012bvo rado\u0161o ener\u0123iju un apliecina m\u016bzi\u0137u m\u012blest\u012bbu un cie\u0146u pret autentisku un dz\u012bvu skan\u0113jumu.<\/p>\n<p>Jaun\u0101 albuma n\u0101k\u0161anu pasaul\u0113 grupa v\u0113las nosvin\u0113t ar saviem klaus\u012bt\u0101jiem sav\u0101 pirmaj\u0101 br\u012bvdabas lielkoncert\u0101 R\u012bg\u0101 \u2013 Me\u017eaparka za\u013caj\u0101 te\u0101tr\u012b, 2026. gada 29. august\u0101.<\/p>\n<p>Grupas m\u016bzi\u0137is K\u0101rlis Josts st\u0101sta: \u201cDoma par koncertu Me\u017eaparka za\u013caj\u0101 te\u0101tr\u012b mums grupas iek\u0161pus\u0113 ir dz\u012bvojusi jau vair\u0101kus gadus, un nu beidzot esam priec\u012bgi ne vien dom\u0101t, bet ar\u012b dar\u012bt. Jau kop\u0161 pirm\u0101s reizes, kad \u0161\u0101da ideja izskan\u0113ja, bija sp\u0113c\u012bga saj\u016bta, ka \u0161is Me\u017eaparka koku ieskautais amfite\u0101tris un m\u016bsu <a href=\"https:\/\/sejas.tvnet.lv\/term\/572580\/muzika\" class=\"topicLink\" target=\"_blank\" rel=\"nofollow noopener\">m\u016bzika<\/a> ir k\u0101 cimds ar roku. Ac\u012bmredzot bija j\u0101sagaida jaun\u0101s dziesmas un rado\u0161ais uzr\u0101viens, jo tas m\u016bsos visos ir rad\u012bjis p\u0101rliec\u012bbu, ka j\u0101seko savai saj\u016btai un beidzot \u0161\u0101ds vakars mums kop\u012bgi j\u0101piedz\u012bvo.\u201d<\/p>\n","protected":false},"excerpt":{"rendered":"Grupa nupat atgriezusies no divu ned\u0113\u013cu vieso\u0161an\u0101s Tallin\u0101, kur kop\u0101 ar igau\u0146u m\u016bzi\u0137i un producentu Erki P\u0101rnoju aizrit\u0113ja&hellip;\n","protected":false},"author":2,"featured_media":65169,"comment_status":"","ping_status":"","sticky":false,"template":"","format":"standard","meta":{"footnotes":""},"categories":[19],"tags":[89,90,2017,35,39,38,194,36,37,34,40,103,6856],"class_list":{"0":"post-65168","1":"post","2":"type-post","3":"status-publish","4":"format-standard","5":"has-post-thumbnail","7":"category-izklaide","8":"tag-entertainment","9":"tag-izklaide","10":"tag-koncerti","11":"tag-latvia","12":"tag-latvian","13":"tag-latviesu","14":"tag-latviesu-muzika","15":"tag-latviesu-valoda","16":"tag-latviesuvaloda","17":"tag-latvija","18":"tag-lv","19":"tag-muzika","20":"tag-the-sound-poets"},"share_on_mastodon":{"url":"https:\/\/pubeurope.com\/@lv\/115659885985060035","error":""},"_links":{"self":[{"href":"https:\/\/www.europesays.com\/lv\/wp-json\/wp\/v2\/posts\/65168","targetHints":{"allow":["GET"]}}],"collection":[{"href":"https:\/\/www.europesays.com\/lv\/wp-json\/wp\/v2\/posts"}],"about":[{"href":"https:\/\/www.europesays.com\/lv\/wp-json\/wp\/v2\/types\/post"}],"author":[{"embeddable":true,"href":"https:\/\/www.europesays.com\/lv\/wp-json\/wp\/v2\/users\/2"}],"replies":[{"embeddable":true,"href":"https:\/\/www.europesays.com\/lv\/wp-json\/wp\/v2\/comments?post=65168"}],"version-history":[{"count":0,"href":"https:\/\/www.europesays.com\/lv\/wp-json\/wp\/v2\/posts\/65168\/revisions"}],"wp:featuredmedia":[{"embeddable":true,"href":"https:\/\/www.europesays.com\/lv\/wp-json\/wp\/v2\/media\/65169"}],"wp:attachment":[{"href":"https:\/\/www.europesays.com\/lv\/wp-json\/wp\/v2\/media?parent=65168"}],"wp:term":[{"taxonomy":"category","embeddable":true,"href":"https:\/\/www.europesays.com\/lv\/wp-json\/wp\/v2\/categories?post=65168"},{"taxonomy":"post_tag","embeddable":true,"href":"https:\/\/www.europesays.com\/lv\/wp-json\/wp\/v2\/tags?post=65168"}],"curies":[{"name":"wp","href":"https:\/\/api.w.org\/{rel}","templated":true}]}}