{"id":65179,"date":"2025-12-04T06:38:08","date_gmt":"2025-12-04T06:38:08","guid":{"rendered":"https:\/\/www.europesays.com\/lv\/65179\/"},"modified":"2025-12-04T06:38:08","modified_gmt":"2025-12-04T06:38:08","slug":"ja-budzetu-apstiprinas-lpv-nepulesies-gazt-valdibu","status":"publish","type":"post","link":"https:\/\/www.europesays.com\/lv\/65179\/","title":{"rendered":"Ja bud\u017eetu apstiprin\u0101s, LPV nep\u016bl\u0113sies g\u0101zt vald\u012bbu"},"content":{"rendered":"<p>Vi\u0146a uzskata, ka koal\u012bcijas liktenis ir tikai Za\u013co un zemnieku savien\u012bbas (ZZS) rok\u0101s, jo izskatoties, ka gan premjere Evika Sili\u0146a (JV) v\u0113las saglab\u0101t amatu, gan ar\u012b ministri j\u016btas komfortabli.<\/p>\n<p>&#8220;Ja n\u0101kam\u0101 gada bud\u017eets tiek pie\u0146emts, tad nedom\u0101ju, ka <a href=\"https:\/\/www.tvnet.lv\/term\/791497\/lpv\" class=\"topicLink\" target=\"_blank\" rel=\"nofollow noopener\">LPV<\/a> liks lielas p\u016bles, lai vald\u012bbu g\u0101ztu, jo tas nav LPV uzdevums,&#8221; sac\u012bja deput\u0101te, solot, ka partija turpin\u0101\u0161ot nor\u0101d\u012bt uz koal\u012bcijas darba tr\u016bkumiem.<\/p>\n<p>&#8220;Ja bud\u017eets tiks pie\u0146emts, tad, l\u016bdzu, turpiniet pa\u0161i ar savu sastr\u0101d\u0101to str\u0101d\u0101t t\u0101l\u0101k,&#8221; sac\u012bja Liepi\u0146a, uzsverot, ka vald\u012bbas stabilit\u0101te nav LPV rok\u0101s.<\/p>\n<p>K\u0101 zi\u0146ots, koal\u012bcijai jau ilgsto\u0161i tiek vaic\u0101ts par t\u0101s sp\u0113ju turpin\u0101t darbu, \u0146emot v\u0113r\u0101 iek\u0161\u0113j\u0101s starppartiju \u0137ildas un at\u0161\u0137ir\u012bgus viedok\u013cus b\u016btiskos jaut\u0101jumos.<\/p>\n","protected":false},"excerpt":{"rendered":"Vi\u0146a uzskata, ka koal\u012bcijas liktenis ir tikai Za\u013co un zemnieku savien\u012bbas (ZZS) rok\u0101s, jo izskatoties, ka gan premjere&hellip;\n","protected":false},"author":2,"featured_media":65180,"comment_status":"","ping_status":"","sticky":false,"template":"","format":"standard","meta":{"footnotes":""},"categories":[12],"tags":[23,28,29,3962,32,33,22,30,31,35,39,38,36,37,34,14828,1859,40,20,26,27,24,25,1524,331,21],"class_list":{"0":"post-65179","1":"post","2":"type-post","3":"status-publish","4":"format-standard","5":"has-post-thumbnail","7":"category-latvija","8":"tag-aktualitates","9":"tag-breaking-news","10":"tag-breakingnews","11":"tag-evikas-silinas-valdiba","12":"tag-featured-news","13":"tag-featurednews","14":"tag-headlines","15":"tag-latest-news","16":"tag-latestnews","17":"tag-latvia","18":"tag-latvian","19":"tag-latviesu","20":"tag-latviesu-valoda","21":"tag-latviesuvaloda","22":"tag-latvija","23":"tag-linda-liepina","24":"tag-lpv","25":"tag-lv","26":"tag-news","27":"tag-popularakas-zinas","28":"tag-popularakaszinas","29":"tag-top-stories","30":"tag-topstories","31":"tag-valdiba","32":"tag-valsts-budzets","33":"tag-zinas"},"share_on_mastodon":{"url":"https:\/\/pubeurope.com\/@lv\/115659925503335414","error":""},"_links":{"self":[{"href":"https:\/\/www.europesays.com\/lv\/wp-json\/wp\/v2\/posts\/65179","targetHints":{"allow":["GET"]}}],"collection":[{"href":"https:\/\/www.europesays.com\/lv\/wp-json\/wp\/v2\/posts"}],"about":[{"href":"https:\/\/www.europesays.com\/lv\/wp-json\/wp\/v2\/types\/post"}],"author":[{"embeddable":true,"href":"https:\/\/www.europesays.com\/lv\/wp-json\/wp\/v2\/users\/2"}],"replies":[{"embeddable":true,"href":"https:\/\/www.europesays.com\/lv\/wp-json\/wp\/v2\/comments?post=65179"}],"version-history":[{"count":0,"href":"https:\/\/www.europesays.com\/lv\/wp-json\/wp\/v2\/posts\/65179\/revisions"}],"wp:featuredmedia":[{"embeddable":true,"href":"https:\/\/www.europesays.com\/lv\/wp-json\/wp\/v2\/media\/65180"}],"wp:attachment":[{"href":"https:\/\/www.europesays.com\/lv\/wp-json\/wp\/v2\/media?parent=65179"}],"wp:term":[{"taxonomy":"category","embeddable":true,"href":"https:\/\/www.europesays.com\/lv\/wp-json\/wp\/v2\/categories?post=65179"},{"taxonomy":"post_tag","embeddable":true,"href":"https:\/\/www.europesays.com\/lv\/wp-json\/wp\/v2\/tags?post=65179"}],"curies":[{"name":"wp","href":"https:\/\/api.w.org\/{rel}","templated":true}]}}