{"id":65183,"date":"2025-12-04T06:41:16","date_gmt":"2025-12-04T06:41:16","guid":{"rendered":"https:\/\/www.europesays.com\/lv\/65183\/"},"modified":"2025-12-04T06:41:16","modified_gmt":"2025-12-04T06:41:16","slug":"losandzelosas-clippers-izbraukuma-laika-atskaita-kluba-legendu-polu-basketbols-sportacentrs-com","status":"publish","type":"post","link":"https:\/\/www.europesays.com\/lv\/65183\/","title":{"rendered":"Losand\u017eelosas &#8220;Clippers&#8221; izbraukuma laik\u0101 atskaita kluba le\u0123endu Polu \u2013 Basketbols \u2013 Sportacentrs.com"},"content":{"rendered":"<p>40 gadus vecais Kriss Pols vasar\u0101 parakst\u012bja viena gada l\u012bgumu ar Losand\u017eelosas &#8220;Clippers&#8221; \u2013 komandu, kuru p\u0101rst\u0101v\u0113ja no 2011. l\u012bdz 2017. gadam. Basketbolistam pietuvin\u0101ti avoti apstiprin\u0101ju\u0161i, ka Pols p\u0113c \u0161\u012bs sezonas liks punktu karjerai, t\u0101d\u0113j\u0101di vi\u0146\u0161 izv\u0113l\u0113j\u0101s &#8220;Clippers&#8221; k\u0101 savu p\u0113d\u0113jo komandu.<\/p>\n<p>Ta\u010du Pols nesagaid\u012bs sezonas beigas &#8220;Clippers&#8221; rind\u0101s. Losand\u017eelosas komanda izbraukuma s\u0113rijas laik\u0101 pie\u0146\u0113musi l\u0113mumu atbr\u012bvoties no sasp\u0113les vad\u012bt\u0101ja un aizs\u016bt\u012bjusi vi\u0146u m\u0101j\u0101s, kam\u0113r p\u0101r\u0113jie tre\u0161dien sp\u0113kosies pret Atlantas &#8220;Hawks&#8221;. Kristaps Porzi\u0146\u0123is slim\u012bbas d\u0113\u013c nesp\u0113l\u0113s.<\/p>\n<p>S\u0101kotn\u0113ji Pols soci\u0101lajos t\u012bklos pauda sa\u0161utumu par &#8220;Clippers&#8221; l\u0113mumu, turpin\u0101jum\u0101 klubs medijiem apstiprin\u0101ja, ka sp\u0113ris \u0161\u0101du soli: &#8220;M\u0113s \u0161\u0137iramies no Krisa. Vi\u0146\u0161 vairs neb\u016bs kop\u0101 ar komandu. Str\u0101d\u0101sim, lai atrastu n\u0101kamos so\u013cus.&#8221;<\/p>\n<p>&#8220;Clippers&#8221; var lauzt l\u012bgumu ar Polu, kas noz\u012bm\u0113tu 3,6 miljonu dol\u0101ru izmaks\u0101\u0161anu. Abas puses var vienoties par l\u012bguma izpirk\u0161anu, t\u0101pat iesp\u0113jams aizmain\u012b\u0161anas scen\u0101rijs, kas gan b\u016bs sp\u0113k\u0101 tikai no 15. decembra.<\/p>\n<p>&#8220;Clippers&#8221; zaud\u0113jusi 14 no p\u0113d\u0113j\u0101m 16 sp\u0113l\u0113m un Rietumu konferenc\u0113 ie\u0146em priek\u0161p\u0113d\u0113jo vietu. Pols piedal\u012bjies 16 ma\u010dos, 14 min\u016bt\u0113s atz\u012bm\u0113joties ar 2,9 punktiem un 3,3 piesp\u0113l\u0113m.<\/p>\n<p>Vi\u0146\u0161 ir Losand\u017eelosas &#8220;Clippers&#8221; v\u0113stur\u0113 lab\u0101kais rezultat\u012bvo piesp\u0113\u013cu dal\u012bt\u0101js, k\u0101 ar\u012b ie\u0146em pirmo vietu p\u0101rtvertaj\u0101s bumb\u0101s. P\u0113rn Pols p\u0101rst\u0101v\u0113ja Sanantonio &#8220;Spurs&#8221;.<\/p>\n<p>\u0160\u012b nav pirm\u0101 reize, kad Losand\u017eelosas &#8220;Clippers&#8221; p\u0113k\u0161\u0146i pie\u0146em l\u0113mumu \u0161\u0137irties no savas le\u0123endas. 2017. gada vasar\u0101 Bleiks Grifins par 171 miljonu uz pieciem gadiem pagarin\u0101ja l\u012bgumu ar &#8220;Clippers&#8221;, bet pusgadu v\u0113l\u0101k vi\u0146\u0161 tika aizmain\u012bts uz Detroitas &#8220;Pistons&#8221;.<\/p>\n<p>Izmantotie resursi:<br \/><a target=\"_blank\" href=\"https:\/\/www.espn.com\/nba\/story\/_\/id\/47187141\/clippers-send-cp3-home-road-trip-say-no-longer-team\" rel=\"nofollow noopener\">https:\/\/www.espn.com\/nba\/story\/_\/id&#8230;<\/a><\/p>\n","protected":false},"excerpt":{"rendered":"40 gadus vecais Kriss Pols vasar\u0101 parakst\u012bja viena gada l\u012bgumu ar Losand\u017eelosas &#8220;Clippers&#8221; \u2013 komandu, kuru p\u0101rst\u0101v\u0113ja no&hellip;\n","protected":false},"author":2,"featured_media":65184,"comment_status":"","ping_status":"","sticky":false,"template":"","format":"standard","meta":{"footnotes":""},"categories":[17],"tags":[145,35,39,38,36,37,34,40,67],"class_list":{"0":"post-65183","1":"post","2":"type-post","3":"status-publish","4":"format-standard","5":"has-post-thumbnail","7":"category-sports","8":"tag-basketbols","9":"tag-latvia","10":"tag-latvian","11":"tag-latviesu","12":"tag-latviesu-valoda","13":"tag-latviesuvaloda","14":"tag-latvija","15":"tag-lv","16":"tag-sports"},"share_on_mastodon":{"url":"https:\/\/pubeurope.com\/@lv\/115659937084056267","error":""},"_links":{"self":[{"href":"https:\/\/www.europesays.com\/lv\/wp-json\/wp\/v2\/posts\/65183","targetHints":{"allow":["GET"]}}],"collection":[{"href":"https:\/\/www.europesays.com\/lv\/wp-json\/wp\/v2\/posts"}],"about":[{"href":"https:\/\/www.europesays.com\/lv\/wp-json\/wp\/v2\/types\/post"}],"author":[{"embeddable":true,"href":"https:\/\/www.europesays.com\/lv\/wp-json\/wp\/v2\/users\/2"}],"replies":[{"embeddable":true,"href":"https:\/\/www.europesays.com\/lv\/wp-json\/wp\/v2\/comments?post=65183"}],"version-history":[{"count":0,"href":"https:\/\/www.europesays.com\/lv\/wp-json\/wp\/v2\/posts\/65183\/revisions"}],"wp:featuredmedia":[{"embeddable":true,"href":"https:\/\/www.europesays.com\/lv\/wp-json\/wp\/v2\/media\/65184"}],"wp:attachment":[{"href":"https:\/\/www.europesays.com\/lv\/wp-json\/wp\/v2\/media?parent=65183"}],"wp:term":[{"taxonomy":"category","embeddable":true,"href":"https:\/\/www.europesays.com\/lv\/wp-json\/wp\/v2\/categories?post=65183"},{"taxonomy":"post_tag","embeddable":true,"href":"https:\/\/www.europesays.com\/lv\/wp-json\/wp\/v2\/tags?post=65183"}],"curies":[{"name":"wp","href":"https:\/\/api.w.org\/{rel}","templated":true}]}}