{"id":6525,"date":"2025-09-27T18:24:10","date_gmt":"2025-09-27T18:24:10","guid":{"rendered":"https:\/\/www.europesays.com\/lv\/6525\/"},"modified":"2025-09-27T18:24:10","modified_gmt":"2025-09-27T18:24:10","slug":"muziba-devies-10-saeimas-deputats-vitauts-stana","status":"publish","type":"post","link":"https:\/\/www.europesays.com\/lv\/6525\/","title":{"rendered":"M\u016b\u017e\u012bb\u0101 devies 10. Saeimas deput\u0101ts Vitauts Sta\u0146a"},"content":{"rendered":"<p>Inform\u0101cija LETA arh\u012bv\u0101 liecina, ka Sta\u0146a dzimis 1955.gada 9.j\u016bnij\u0101 B\u0113rzain\u0113. P\u0113c Jaunburtnieku skolas un Valmieras 11.vidusskolas absolv\u0113\u0161anas vi\u0146\u0161 1978.gad\u0101 pabeidza Latvijas Lauksaimniec\u012bbas akad\u0113miju, ieg\u016bstot in\u017eeniera-meh\u0101ni\u0137a kvalifik\u0101ciju automobi\u013cu un saimniec\u012bbu jom\u0101.<\/p>\n<p>Pa\u0161vald\u012bbu darb\u0101 Sta\u0146a iesaist\u012bj\u0101s pag\u0101ju\u0161\u0101 gadsimta devi\u0146desmitajos gados, k\u013c\u016bstot par B\u0113rzaines pagasta padomes priek\u0161s\u0113d\u0113t\u0101ju, v\u0113l\u0101k &#8211; Valmieras rajona padomes vad\u012bt\u0101ju.<\/p>\n<p>Vi\u0146\u0161 vad\u012bjis ar\u012b Koc\u0113nu novada domi un ilgus gadus bijis \u0161\u012b novada deput\u0101ts, darbojies Vidzemes att\u012bst\u012bbas pl\u0101no\u0161anas re\u0123iona padom\u0113, k\u0101 ar\u012b vair\u0101k\u0101s kapit\u0101lsabiedr\u012bb\u0101s, tostarp &#8220;Vidzemes slimn\u012bcas&#8221; un &#8220;VTU Valmiera&#8221; vald\u0113s.<\/p>\n<p>2010.gad\u0101 vi\u0146\u0161 tika iev\u0113l\u0113ts 10.Saeim\u0101 no Za\u013co un Zemnieku savien\u012bbas saraksta.<\/p>\n<p>Sta\u0146a bija Latvijas Zemnieku savien\u012bbas biedrs kop\u0161 2003.gada un ilgus gadus bija partijas vad\u012bbas sast\u0101v\u0101.<\/p>\n","protected":false},"excerpt":{"rendered":"Inform\u0101cija LETA arh\u012bv\u0101 liecina, ka Sta\u0146a dzimis 1955.gada 9.j\u016bnij\u0101 B\u0113rzain\u0113. P\u0113c Jaunburtnieku skolas un Valmieras 11.vidusskolas absolv\u0113\u0161anas vi\u0146\u0161&hellip;\n","protected":false},"author":2,"featured_media":6526,"comment_status":"","ping_status":"","sticky":false,"template":"","format":"standard","meta":{"footnotes":""},"categories":[12],"tags":[23,28,29,32,33,22,2161,30,31,35,39,38,36,37,34,40,20,26,27,24,25,2844,21],"class_list":{"0":"post-6525","1":"post","2":"type-post","3":"status-publish","4":"format-standard","5":"has-post-thumbnail","7":"category-latvija","8":"tag-aktualitates","9":"tag-breaking-news","10":"tag-breakingnews","11":"tag-featured-news","12":"tag-featurednews","13":"tag-headlines","14":"tag-in-memoriam","15":"tag-latest-news","16":"tag-latestnews","17":"tag-latvia","18":"tag-latvian","19":"tag-latviesu","20":"tag-latviesu-valoda","21":"tag-latviesuvaloda","22":"tag-latvija","23":"tag-lv","24":"tag-news","25":"tag-popularakas-zinas","26":"tag-popularakaszinas","27":"tag-top-stories","28":"tag-topstories","29":"tag-vtu-valmiera","30":"tag-zinas"},"share_on_mastodon":{"url":"","error":""},"_links":{"self":[{"href":"https:\/\/www.europesays.com\/lv\/wp-json\/wp\/v2\/posts\/6525","targetHints":{"allow":["GET"]}}],"collection":[{"href":"https:\/\/www.europesays.com\/lv\/wp-json\/wp\/v2\/posts"}],"about":[{"href":"https:\/\/www.europesays.com\/lv\/wp-json\/wp\/v2\/types\/post"}],"author":[{"embeddable":true,"href":"https:\/\/www.europesays.com\/lv\/wp-json\/wp\/v2\/users\/2"}],"replies":[{"embeddable":true,"href":"https:\/\/www.europesays.com\/lv\/wp-json\/wp\/v2\/comments?post=6525"}],"version-history":[{"count":0,"href":"https:\/\/www.europesays.com\/lv\/wp-json\/wp\/v2\/posts\/6525\/revisions"}],"wp:featuredmedia":[{"embeddable":true,"href":"https:\/\/www.europesays.com\/lv\/wp-json\/wp\/v2\/media\/6526"}],"wp:attachment":[{"href":"https:\/\/www.europesays.com\/lv\/wp-json\/wp\/v2\/media?parent=6525"}],"wp:term":[{"taxonomy":"category","embeddable":true,"href":"https:\/\/www.europesays.com\/lv\/wp-json\/wp\/v2\/categories?post=6525"},{"taxonomy":"post_tag","embeddable":true,"href":"https:\/\/www.europesays.com\/lv\/wp-json\/wp\/v2\/tags?post=6525"}],"curies":[{"name":"wp","href":"https:\/\/api.w.org\/{rel}","templated":true}]}}