{"id":65269,"date":"2025-12-04T08:46:08","date_gmt":"2025-12-04T08:46:08","guid":{"rendered":"https:\/\/www.europesays.com\/lv\/65269\/"},"modified":"2025-12-04T08:46:08","modified_gmt":"2025-12-04T08:46:08","slug":"emilija-izzino-singlu-un-solokoncertu","status":"publish","type":"post","link":"https:\/\/www.europesays.com\/lv\/65269\/","title":{"rendered":"EMILIJA izzi\u0146o singlu un solokoncertu"},"content":{"rendered":"<p>2025. gada konkurss &#8220;Supernova&#8221; atnesa EMILIJAI godpilno otro vietu, un nu pien\u0101cis laiks p\u0101rbaud\u012bt sp\u0113kus konkurs\u0101 &#8220;Supernova 2026&#8221; ar v\u0113l sp\u0113c\u012bg\u0101ku un emocion\u0101l\u0101ku dziesmu.<\/p>\n<p>&#8220;All we ever had&#8221; st\u0101sta par m\u016bzi\u0137es centieniem saprast savu vietu \u0161aj\u0101 pasaul\u0113. Dziesmas noska\u0146a ir mazliet skumja, ta\u010du sp\u0113c\u012bga un sp\u012bt\u012bga, teksta v\u0113st\u012bjums ir \u013coti person\u012bgs &#8211; <a href=\"https:\/\/sejas.tvnet.lv\/term\/547315\/emilija\" class=\"topicLink\" target=\"_blank\" rel=\"nofollow noopener\">EMILIJA<\/a> ska\u013ci run\u0101 par to, kas iepriek\u0161 noklus\u0113ts un vi\u0146ai pa\u0161ai \u0161\u0137iet bied\u0113jo\u0161s.<\/p>\n<p>Video: Emilija &#8220;All we ever had&#8221;.<\/p>\n<p>&#8220;Esmu piedz\u012bvojusi vil\u0161an\u0101s saj\u016btu un c\u012bnos par taisn\u012bgumu pasaul\u0113. Visas emocijas, kuras man sakr\u0101ju\u0161\u0101s, ieliku \u0161\u012bs dziesmas v\u0101rdos. Tas nebija vienk\u0101r\u0161i, ta\u010du \u0161\u0137iet, ka izdevusies dziesma, kas sp\u0113j aizkustin\u0101t.<\/p>\n<blockquote class=\"quote ck-widget\" contenteditable=\"false\">\n<p>Tas ir person\u012bgs v\u0113st\u012bjums, kur\u0101 pati sev lieku ska\u013ci run\u0101t par to, kas ir noklus\u0113ts un kas mani, k\u0101 m\u016bzi\u0137i, bied\u0113,&#8221; par &#8220;All we ever had&#8221; st\u0101sta EMILIJA.<\/p>\n<\/blockquote>\n<p>Dziesmas muzik\u0101lais producents un l\u012bdzautors ir zviedru m\u016bzi\u0137is Povels Olsons (Povel Olsson).<\/p>\n<p><img decoding=\"async\" class=\"figure__image\" onclick=\"triggerEvent('articleImageClick', { id: 17158279, focus: 'single-image', focusIndex: '17158279' })\" onkeydown=\"if (event.key === 'Enter') {&#10;        triggerEvent('articleImageClick', { id: 17158279, focus: 'single-image', focusIndex: '17158279' })&#10;        }\" role=\"button\" tabindex=\"0\" data-focus-from=\"single-image\" data-focus-index=\"17158279\" src=\"https:\/\/www.europesays.com\/lv\/wp-content\/uploads\/2025\/12\/17158279t1h6c1a.jpg\" onload=\"this.parentElement.classList.remove('figure__image-loading')\" alt=\"Emilija.\"\/>Emilija. Foto: Vinita Vilc\u0101ne-Krilova<\/p>\n<p>P\u0113c uzvaras popul\u0101raj\u0101 TV \u0161ov\u0101 &#8220;X Faktors&#8221; un gada jaun\u0101 skatuves m\u0101kslinieka balvas ieg\u016b\u0161anas EMILIJA iekaro aizvien vair\u0101k klaus\u012bt\u0101ju sirdis, t\u0101d\u0113\u013c pien\u0101cis laiks satikt draugus, fanus un atbalst\u012bt\u0101jus vienuviet.<\/p>\n<blockquote class=\"quote ck-widget\" contenteditable=\"false\">\n<p>2026. gada 13. mart\u0101 koncertz\u0101l\u0113 &#8220;Palladium&#8221; izskan\u0113s gan m\u016bzi\u0137es pirm\u0101s dziesmas, gan debijas minialbuma &#8220;Tintes st\u0101sts&#8221; kompoz\u012bcijas.<\/p>\n<\/blockquote>\n<p>&#8220;Jau esmu nedaudz satraukusies &#8211; \u0161is <a href=\"https:\/\/sejas.tvnet.lv\/term\/556038\/koncerts\" class=\"topicLink\" target=\"_blank\" rel=\"nofollow noopener\">koncerts<\/a> man patie\u0161\u0101m noz\u012bm\u0113 \u013coti daudz! Pavasaris b\u016bs lielisks laiks, lai vienotos dziesm\u0101 un par\u0101d\u012btu jums, ko ar komandu esam paveiku\u0161i,&#8221; turpina EMILIJA.<\/p>\n","protected":false},"excerpt":{"rendered":"2025. gada konkurss &#8220;Supernova&#8221; atnesa EMILIJAI godpilno otro vietu, un nu pien\u0101cis laiks p\u0101rbaud\u012bt sp\u0113kus konkurs\u0101 &#8220;Supernova 2026&#8221;&hellip;\n","protected":false},"author":2,"featured_media":65270,"comment_status":"","ping_status":"","sticky":false,"template":"","format":"standard","meta":{"footnotes":""},"categories":[19],"tags":[402,89,90,202,35,39,38,36,37,34,40,1337],"class_list":{"0":"post-65269","1":"post","2":"type-post","3":"status-publish","4":"format-standard","5":"has-post-thumbnail","7":"category-izklaide","8":"tag-emilija","9":"tag-entertainment","10":"tag-izklaide","11":"tag-koncerts","12":"tag-latvia","13":"tag-latvian","14":"tag-latviesu","15":"tag-latviesu-valoda","16":"tag-latviesuvaloda","17":"tag-latvija","18":"tag-lv","19":"tag-palladium"},"share_on_mastodon":{"url":"https:\/\/pubeurope.com\/@lv\/115660428731754489","error":""},"_links":{"self":[{"href":"https:\/\/www.europesays.com\/lv\/wp-json\/wp\/v2\/posts\/65269","targetHints":{"allow":["GET"]}}],"collection":[{"href":"https:\/\/www.europesays.com\/lv\/wp-json\/wp\/v2\/posts"}],"about":[{"href":"https:\/\/www.europesays.com\/lv\/wp-json\/wp\/v2\/types\/post"}],"author":[{"embeddable":true,"href":"https:\/\/www.europesays.com\/lv\/wp-json\/wp\/v2\/users\/2"}],"replies":[{"embeddable":true,"href":"https:\/\/www.europesays.com\/lv\/wp-json\/wp\/v2\/comments?post=65269"}],"version-history":[{"count":0,"href":"https:\/\/www.europesays.com\/lv\/wp-json\/wp\/v2\/posts\/65269\/revisions"}],"wp:featuredmedia":[{"embeddable":true,"href":"https:\/\/www.europesays.com\/lv\/wp-json\/wp\/v2\/media\/65270"}],"wp:attachment":[{"href":"https:\/\/www.europesays.com\/lv\/wp-json\/wp\/v2\/media?parent=65269"}],"wp:term":[{"taxonomy":"category","embeddable":true,"href":"https:\/\/www.europesays.com\/lv\/wp-json\/wp\/v2\/categories?post=65269"},{"taxonomy":"post_tag","embeddable":true,"href":"https:\/\/www.europesays.com\/lv\/wp-json\/wp\/v2\/tags?post=65269"}],"curies":[{"name":"wp","href":"https:\/\/api.w.org\/{rel}","templated":true}]}}