{"id":65303,"date":"2025-12-04T09:18:07","date_gmt":"2025-12-04T09:18:07","guid":{"rendered":"https:\/\/www.europesays.com\/lv\/65303\/"},"modified":"2025-12-04T09:18:07","modified_gmt":"2025-12-04T09:18:07","slug":"pirma-kopiga-paradisanas-uz-sarkana-paklaja-lente-lv","status":"publish","type":"post","link":"https:\/\/www.europesays.com\/lv\/65303\/","title":{"rendered":"pirm\u0101 kop\u012bg\u0101 par\u0101d\u012b\u0161an\u0101s uz sarkan\u0101 pakl\u0101ja\u00a0\u2014\u00a0Lente.lv"},"content":{"rendered":"<p>Keitas Vinsletas d\u0113la D\u017eo pirm\u0101 par\u0101d\u012b\u0161an\u0101s uz sarkan\u0101 pakl\u0101ja kop\u0101 ar slaveno m\u0101ti<\/p>\n<p>Aktrise Keita Vinsleta, kura paz\u012bstama ar lom\u0101m t\u0101d\u0101s ikonisk\u0101s film\u0101s k\u0101 &#8220;Tit\u0101niks&#8221; un &#8220;Av\u0101rs&#8221;, nesen p\u0101rsteigusi savus daudzos fanus ar retu par\u0101d\u012b\u0161anos sabiedr\u012bb\u0101 kop\u0101 ar savu d\u0113lu D\u017eo. \u0160is notikums, kas norisin\u0101j\u0101s uz sarkan\u0101 pakl\u0101ja, rad\u012bjis \u012bpa\u0161u saj\u016bsmu un pla\u0161as diskusijas fanu vid\u016b, kuriem bija iesp\u0113ja ieraudz\u012bt, cik strauji audzis jaunais Vinsletas d\u0113ls.<\/p>\n<p>D\u017eo Vinsleta att\u012bst\u012bba un m\u0101tes lepnums<\/p>\n<p>D\u017eo, kur\u0161 ir Keitas otr\u0101s laul\u012bbas ar Semu Mendesu augums, pamaz\u0101m k\u013c\u016bst par jaunekli. \u0160\u012b bija pirm\u0101 reize, kad vi\u0146\u0161 pavad\u012bja savu m\u0101ti tik noz\u012bm\u012bg\u0101 pas\u0101kum\u0101, un vi\u0146a kl\u0101tb\u016btne piesaist\u012bja iev\u0113rojamu uzman\u012bbu. Fani atz\u012bm\u0113, ka D\u017eo ir mantoojis m\u0101tes skaistumu un valdzin\u0101jumu, un da\u017ei pat izteiku\u0161i domu, ka vi\u0146\u0161 var\u0113tu sekot m\u0101tes p\u0113d\u0101s kino pasaul\u0113. Keita, k\u0101 vienm\u0113r, izskat\u012bj\u0101s elegant un starojo\u0161a, bet vi\u0146as seja atspogu\u013coja lepnumu un m\u012blest\u012bbu, skatoties uz savu d\u0113lu. \u0160\u0101das kopbildes ir retums, jo Vinsleta parasti savu \u0123imenes dz\u012bvi tur \u013coti priv\u0101tu.<\/p>\n<p>Kop\u012bg\u0101s intereses un \u0123imenes v\u0113rt\u012bbas<\/p>\n<p>Lai gan publiskaj\u0101 telp\u0101 par D\u017eo un vi\u0146a interes\u0113m ir maz inform\u0101cijas, \u0161\u012b kop\u012bg\u0101 par\u0101d\u012b\u0161an\u0101s liecina par stipr\u0101m \u0123imenes sait\u0113m. Iesp\u0113jams, ka Keita v\u0113las iepaz\u012bstin\u0101t savu d\u0113lu ar sabiedrisko dz\u012bvi pak\u0101peniski, dodot vi\u0146am iesp\u0113ju izv\u0113l\u0113ties savu ce\u013cu. \u0160\u0101di br\u012b\u017ei uz sarkan\u0101 pakl\u0101ja ir ne tikai svin\u012bbas par aktrises karjeru, bet ar\u012b par person\u012bgajiem sasniegumiem, piem\u0113ram, par b\u0113rnu audzin\u0101\u0161anu. Tas ir apliecin\u0101jums tam, ka, neskatoties uz slaven\u012bbas statusu, \u0123imenes v\u0113rt\u012bbas joproj\u0101m ir \u013coti svar\u012bgas. Tas ir k\u0101 ce\u013cojums uz b\u0113rna briedumu un pilngad\u012bbu, kuru vec\u0101ki ar prieku sagaida.<\/p>\n<p>Fanu reakcija un soci\u0101lo t\u012bklu a\u017eiot\u0101\u017ea<\/p>\n<p>Soci\u0101lajos t\u012bklos fanu atsauksmes bija visnota\u013c pozit\u012bvas un aizkustino\u0161as. Daudzi slav\u0113ja Keitas Vinsletas dabisko skaistumu un to, cik lieliski vi\u0146a izskat\u0101s blakus savam d\u0113lam. Citi izteica prieku par iesp\u0113ju redz\u0113t, k\u0101 Keitas b\u0113rni aug, un k\u0101 vi\u0146a ir sp\u0113jusi sabalans\u0113t karjeru ar m\u0101tes lomu. Da\u017ei pat atz\u012bm\u0113ja D\u017eo l\u012bdz\u012bbu ar jaunu Leonardo Di Kaprio, it k\u0101 prognoz\u0113jot vi\u0146am spo\u017eu n\u0101kotni kino. \u0160\u0101di mirk\u013ci vienm\u0113r rada lielu a\u017eiot\u0101\u017eu, jo publika alkst redz\u0113t savus elkus priv\u0101t\u0101k\u0101 gaism\u0101.<\/p>\n<p>Keitas Vinsletas karjera un n\u0101kotnes perspekt\u012bvas<\/p>\n<p>Keita Vinsleta ir viena no piepras\u012bt\u0101kaj\u0101m un talant\u012bg\u0101kaj\u0101m aktris\u0113m Holivud\u0101. Vi\u0146a turpina p\u0101rsteigt ar sav\u0101m lom\u0101m, piel\u0101gojoties da\u017e\u0101diem \u017eanriem un raksturiem. Neskatoties uz pan\u0101kumiem, vi\u0146a alla\u017e ir bijusi paz\u012bstama ar savu atkl\u0101t\u012bbu un sp\u0113ju palikt ar k\u0101j\u0101m uz zemes. \u0160\u012b kop\u012bg\u0101 par\u0101d\u012b\u0161an\u0101s ar d\u0113lu ir v\u0113l viens apliecin\u0101jums vi\u0146as person\u012bbas un v\u0113rt\u012bbu sist\u0113mai. Nav \u0161aubu, ka vi\u0146as karjera turpin\u0101sies spo\u017ei, un, iesp\u0113jams, m\u0113s v\u0113l redz\u0113sim D\u017eo uz liel\u0101 ekr\u0101na, tom\u0113r tas b\u016bs vi\u0146a pa\u0161a izv\u0113le. \u0160\u0101ds atbalsts no m\u0101tes puses ir nenov\u0113rt\u0113jams.<\/p>\n","protected":false},"excerpt":{"rendered":"Keitas Vinsletas d\u0113la D\u017eo pirm\u0101 par\u0101d\u012b\u0161an\u0101s uz sarkan\u0101 pakl\u0101ja kop\u0101 ar slaveno m\u0101ti Aktrise Keita Vinsleta, kura paz\u012bstama&hellip;\n","protected":false},"author":2,"featured_media":65304,"comment_status":"","ping_status":"","sticky":false,"template":"","format":"standard","meta":{"footnotes":""},"categories":[19],"tags":[16961,89,16962,90,12565,35,39,38,36,37,34,40,5767,16494],"class_list":{"0":"post-65303","1":"post","2":"type-post","3":"status-publish","4":"format-standard","5":"has-post-thumbnail","7":"category-izklaide","8":"tag-dzo-vinslets","9":"tag-entertainment","10":"tag-gimenes-dzive","11":"tag-izklaide","12":"tag-keita-vinsleta","13":"tag-latvia","14":"tag-latvian","15":"tag-latviesu","16":"tag-latviesu-valoda","17":"tag-latviesuvaloda","18":"tag-latvija","19":"tag-lv","20":"tag-sarkanais-paklajs","21":"tag-slavenibu-berni"},"share_on_mastodon":{"url":"https:\/\/pubeurope.com\/@lv\/115660554462027538","error":""},"_links":{"self":[{"href":"https:\/\/www.europesays.com\/lv\/wp-json\/wp\/v2\/posts\/65303","targetHints":{"allow":["GET"]}}],"collection":[{"href":"https:\/\/www.europesays.com\/lv\/wp-json\/wp\/v2\/posts"}],"about":[{"href":"https:\/\/www.europesays.com\/lv\/wp-json\/wp\/v2\/types\/post"}],"author":[{"embeddable":true,"href":"https:\/\/www.europesays.com\/lv\/wp-json\/wp\/v2\/users\/2"}],"replies":[{"embeddable":true,"href":"https:\/\/www.europesays.com\/lv\/wp-json\/wp\/v2\/comments?post=65303"}],"version-history":[{"count":0,"href":"https:\/\/www.europesays.com\/lv\/wp-json\/wp\/v2\/posts\/65303\/revisions"}],"wp:featuredmedia":[{"embeddable":true,"href":"https:\/\/www.europesays.com\/lv\/wp-json\/wp\/v2\/media\/65304"}],"wp:attachment":[{"href":"https:\/\/www.europesays.com\/lv\/wp-json\/wp\/v2\/media?parent=65303"}],"wp:term":[{"taxonomy":"category","embeddable":true,"href":"https:\/\/www.europesays.com\/lv\/wp-json\/wp\/v2\/categories?post=65303"},{"taxonomy":"post_tag","embeddable":true,"href":"https:\/\/www.europesays.com\/lv\/wp-json\/wp\/v2\/tags?post=65303"}],"curies":[{"name":"wp","href":"https:\/\/api.w.org\/{rel}","templated":true}]}}